{"id":1003,"date":"2023-01-18T14:41:33","date_gmt":"2023-01-18T19:41:33","guid":{"rendered":"https:\/\/oime.com.ec\/wordpress\/?p=1003"},"modified":"2023-01-18T14:56:27","modified_gmt":"2023-01-18T19:56:27","slug":"oime-se-suma-a-la-coalicion-ecuador-chequea-para-la-verificacion-de-discursos-publicos","status":"publish","type":"post","link":"https:\/\/www.oime.com.ec\/?p=1003","title":{"rendered":"OIME se suma a la coalici\u00f3n Ecuador Verifica para la verificaci\u00f3n de discursos p\u00fablicos"},"content":{"rendered":"\t\t<div data-elementor-type=\"wp-post\" data-elementor-id=\"1003\" class=\"elementor elementor-1003\">\n\t\t\t\t\t\t<section class=\"elementor-section elementor-top-section elementor-element elementor-element-2e52c751 elementor-section-boxed elementor-section-height-default elementor-section-height-default\" data-id=\"2e52c751\" data-element_type=\"section\" data-e-type=\"section\">\n\t\t\t\t\t\t<div class=\"elementor-container elementor-column-gap-default\">\n\t\t\t\t\t<div class=\"elementor-column elementor-col-100 elementor-top-column elementor-element elementor-element-5fd46b1c\" data-id=\"5fd46b1c\" data-element_type=\"column\" data-e-type=\"column\">\n\t\t\t<div class=\"elementor-widget-wrap elementor-element-populated\">\n\t\t\t\t\t\t<div class=\"elementor-element elementor-element-b028493 elementor-widget elementor-widget-text-editor\" data-id=\"b028493\" data-element_type=\"widget\" data-e-type=\"widget\" data-widget_type=\"text-editor.default\">\n\t\t\t\t<div class=\"elementor-widget-container\">\n\t\t\t\t\t\t\t\t\t<p>Desde este mes, el Observatorio Interuniversitario de Medios Ecuatorianos (OIME) se une a la coalici\u00f3n de Ecuador Verifica para el ejercicio de verificaci\u00f3n del discurso p\u00fablico. En pandemia esta alianza que hoy re\u00fane a 71 socios, empez\u00f3 con la aplicaci\u00f3n de herramientas de confrontaci\u00f3n de la informaci\u00f3n dada por los candidatos presidenciales de 2021.<\/p>\n<p>En el caso del OIME, el <em>fact-checking <\/em>o verificaci\u00f3n de datos empez\u00f3 con un ejercicio inicial que se dio en \u201cEl gran debate Salcedo 2023\u201d, del 13 de enero, organizado por Periodismo en Salcedo, Vanguardia y Radio Latacunga, en el que participaron los ocho candidatos a la Alcald\u00eda de ese cant\u00f3n de la provincia de Cotopaxi. En total, nueve estudiantes de cinco universidades y dos docentes investigadores de OIME realizaron un registro del discurso local y la verificaci\u00f3n de datos sobre ocho tem\u00e1ticas: Seguridad y gesti\u00f3n de riesgos; planificaci\u00f3n urbana y vialidad; servicios p\u00fablicos, participaci\u00f3n y ordenanzas; gesti\u00f3n de la cultura y patrimonio material e inmaterial; impuestos y tasas; desarrollo, econom\u00eda social y solidaria, y contaminaci\u00f3n ambiental y fauna urbana.<\/p>\t\t\t\t\t\t\t\t<\/div>\n\t\t\t\t<\/div>\n\t\t\t\t<div class=\"elementor-element elementor-element-1a4e68c elementor-widget elementor-widget-shortcode\" data-id=\"1a4e68c\" data-element_type=\"widget\" data-e-type=\"widget\" data-widget_type=\"shortcode.default\">\n\t\t\t\t<div class=\"elementor-widget-container\">\n\t\t\t\t\t\t\t<div class=\"elementor-shortcode\"><div style=\"width: 100%;\"><div style=\"position: relative; padding-bottom: 56.25%; padding-top: 0; height: 0;\"><iframe title=\"#ElGranDebateSalcedo\" frameborder=\"0\" width=\"1200\" height=\"675\" style=\"position: absolute; top: 0; left: 0; width: 100%; height: 100%;\" src=\"https:\/\/view.genial.ly\/63c5d7b87eeb3100111e94f1\" type=\"text\/html\" allowscriptaccess=\"always\" allowfullscreen=\"true\" scrolling=\"yes\" allownetworking=\"all\"><\/iframe> <\/div> <\/div><\/div>\n\t\t\t\t\t\t<\/div>\n\t\t\t\t<\/div>\n\t\t\t\t<div class=\"elementor-element elementor-element-42c94e59 elementor-widget elementor-widget-text-editor\" data-id=\"42c94e59\" data-element_type=\"widget\" data-e-type=\"widget\" data-widget_type=\"text-editor.default\">\n\t\t\t\t<div class=\"elementor-widget-container\">\n\t\t\t\t\t\t\t\t\t\t\t\t\t\t\t\t\t<\/div>\n\t\t\t\t<\/div>\n\t\t\t\t\t<\/div>\n\t\t<\/div>\n\t\t\t\t\t<\/div>\n\t\t<\/section>\n\t\t\t\t<section class=\"elementor-section elementor-top-section elementor-element elementor-element-dde7322 elementor-section-boxed elementor-section-height-default elementor-section-height-default\" data-id=\"dde7322\" data-element_type=\"section\" data-e-type=\"section\">\n\t\t\t\t\t\t<div class=\"elementor-container elementor-column-gap-default\">\n\t\t\t\t\t<div class=\"elementor-column elementor-col-100 elementor-top-column elementor-element elementor-element-87164a8\" data-id=\"87164a8\" data-element_type=\"column\" data-e-type=\"column\">\n\t\t\t<div class=\"elementor-widget-wrap elementor-element-populated\">\n\t\t\t\t\t\t<div class=\"elementor-element elementor-element-d7e186c elementor-widget elementor-widget-text-editor\" data-id=\"d7e186c\" data-element_type=\"widget\" data-e-type=\"widget\" data-widget_type=\"text-editor.default\">\n\t\t\t\t<div class=\"elementor-widget-container\">\n\t\t\t\t\t\t\t\t\t<p><strong><span class=\"TextRun SCXW254113077 BCX0\" lang=\"ES-ES\" xml:lang=\"ES-ES\" data-contrast=\"none\"><span class=\"NormalTextRun SCXW254113077 BCX0\">Sa\u00fal Latacunga<br \/><\/span><\/span><\/strong><em>Estudiante de la Universidad T\u00e9cnica de Cotopaxi.<\/em><\/p>\t\t\t\t\t\t\t\t<\/div>\n\t\t\t\t<\/div>\n\t\t\t\t\t<\/div>\n\t\t<\/div>\n\t\t\t\t\t<\/div>\n\t\t<\/section>\n\t\t\t\t<\/div>\n\t\t","protected":false},"excerpt":{"rendered":"<p>Desde este mes, el Observatorio Interuniversitario de Medios Ecuatorianos (OIME) se une a la coalici\u00f3n de Ecuador Verifica para el ejercicio de verificaci\u00f3n del discurso<\/p>\n","protected":false},"author":1,"featured_media":1012,"comment_status":"open","ping_status":"open","sticky":false,"template":"","format":"image","meta":{"footnotes":""},"categories":[6],"tags":[],"class_list":["post-1003","post","type-post","status-publish","format-image","has-post-thumbnail","hentry","category-notas-informativas","post_format-post-format-image","three-columns"],"_links":{"self":[{"href":"https:\/\/www.oime.com.ec\/index.php?rest_route=\/wp\/v2\/posts\/1003","targetHints":{"allow":["GET"]}}],"collection":[{"href":"https:\/\/www.oime.com.ec\/index.php?rest_route=\/wp\/v2\/posts"}],"about":[{"href":"https:\/\/www.oime.com.ec\/index.php?rest_route=\/wp\/v2\/types\/post"}],"author":[{"embeddable":true,"href":"https:\/\/www.oime.com.ec\/index.php?rest_route=\/wp\/v2\/users\/1"}],"replies":[{"embeddable":true,"href":"https:\/\/www.oime.com.ec\/index.php?rest_route=%2Fwp%2Fv2%2Fcomments&post=1003"}],"version-history":[{"count":9,"href":"https:\/\/www.oime.com.ec\/index.php?rest_route=\/wp\/v2\/posts\/1003\/revisions"}],"predecessor-version":[{"id":1016,"href":"https:\/\/www.oime.com.ec\/index.php?rest_route=\/wp\/v2\/posts\/1003\/revisions\/1016"}],"wp:featuredmedia":[{"embeddable":true,"href":"https:\/\/www.oime.com.ec\/index.php?rest_route=\/wp\/v2\/media\/1012"}],"wp:attachment":[{"href":"https:\/\/www.oime.com.ec\/index.php?rest_route=%2Fwp%2Fv2%2Fmedia&parent=1003"}],"wp:term":[{"taxonomy":"category","embeddable":true,"href":"https:\/\/www.oime.com.ec\/index.php?rest_route=%2Fwp%2Fv2%2Fcategories&post=1003"},{"taxonomy":"post_tag","embeddable":true,"href":"https:\/\/www.oime.com.ec\/index.php?rest_route=%2Fwp%2Fv2%2Ftags&post=1003"}],"curies":[{"name":"wp","href":"https:\/\/api.w.org\/{rel}","templated":true}]}}