{"id":1019,"date":"2023-02-13T12:25:04","date_gmt":"2023-02-13T17:25:04","guid":{"rendered":"https:\/\/oime.com.ec\/wordpress\/?p=1019"},"modified":"2023-02-13T13:38:16","modified_gmt":"2023-02-13T18:38:16","slug":"el-dinamismo-de-la-radio-y-su-vigencia-en-el-escenario-mediatico-actual","status":"publish","type":"post","link":"https:\/\/www.oime.com.ec\/?p=1019","title":{"rendered":"El dinamismo de la radio y su vigencia en el escenario medi\u00e1tico actual"},"content":{"rendered":"\t\t<div data-elementor-type=\"wp-post\" data-elementor-id=\"1019\" class=\"elementor elementor-1019\">\n\t\t\t\t\t\t<section class=\"elementor-section elementor-top-section elementor-element elementor-element-3f3bd970 elementor-section-boxed elementor-section-height-default elementor-section-height-default\" data-id=\"3f3bd970\" data-element_type=\"section\" data-e-type=\"section\">\n\t\t\t\t\t\t<div class=\"elementor-container elementor-column-gap-default\">\n\t\t\t\t\t<div class=\"elementor-column elementor-col-100 elementor-top-column elementor-element elementor-element-7bf36a41\" data-id=\"7bf36a41\" data-element_type=\"column\" data-e-type=\"column\">\n\t\t\t<div class=\"elementor-widget-wrap elementor-element-populated\">\n\t\t\t\t\t\t<div class=\"elementor-element elementor-element-335469e0 elementor-widget elementor-widget-text-editor\" data-id=\"335469e0\" data-element_type=\"widget\" data-e-type=\"widget\" data-widget_type=\"text-editor.default\">\n\t\t\t\t<div class=\"elementor-widget-container\">\n\t\t\t\t\t\t\t\t\t<p><\/p>\t\t\t\t\t\t\t\t<\/div>\n\t\t\t\t<\/div>\n\t\t\t\t\t<\/div>\n\t\t<\/div>\n\t\t\t\t\t<\/div>\n\t\t<\/section>\n\t\t\t\t<section class=\"elementor-section elementor-top-section elementor-element elementor-element-7ac8e68 elementor-section-boxed elementor-section-height-default elementor-section-height-default\" data-id=\"7ac8e68\" data-element_type=\"section\" data-e-type=\"section\">\n\t\t\t\t\t\t<div class=\"elementor-container elementor-column-gap-default\">\n\t\t\t\t\t<div class=\"elementor-column elementor-col-100 elementor-top-column elementor-element elementor-element-08b22b6\" data-id=\"08b22b6\" data-element_type=\"column\" data-e-type=\"column\">\n\t\t\t<div class=\"elementor-widget-wrap elementor-element-populated\">\n\t\t\t\t\t\t<div class=\"elementor-element elementor-element-20f15a3 elementor-widget elementor-widget-image\" data-id=\"20f15a3\" data-element_type=\"widget\" data-e-type=\"widget\" data-widget_type=\"image.default\">\n\t\t\t\t<div class=\"elementor-widget-container\">\n\t\t\t\t\t\t\t\t\t\t\t\t\t\t\t<img fetchpriority=\"high\" decoding=\"async\" width=\"640\" height=\"427\" src=\"https:\/\/www.oime.com.ec\/wp-content\/uploads\/IMG_0085-768x512.jpg\" class=\"attachment-medium_large size-medium_large wp-image-1021\" alt=\"\" srcset=\"https:\/\/www.oime.com.ec\/wp-content\/uploads\/IMG_0085-768x512.jpg 768w, https:\/\/www.oime.com.ec\/wp-content\/uploads\/IMG_0085-300x200.jpg 300w, https:\/\/www.oime.com.ec\/wp-content\/uploads\/IMG_0085-1024x683.jpg 1024w, https:\/\/www.oime.com.ec\/wp-content\/uploads\/IMG_0085-1536x1024.jpg 1536w, https:\/\/www.oime.com.ec\/wp-content\/uploads\/IMG_0085-2048x1365.jpg 2048w, https:\/\/www.oime.com.ec\/wp-content\/uploads\/IMG_0085-1170x780.jpg 1170w\" sizes=\"(max-width: 640px) 100vw, 640px\" \/>\t\t\t\t\t\t\t\t\t\t\t\t\t\t\t<\/div>\n\t\t\t\t<\/div>\n\t\t\t\t\t<\/div>\n\t\t<\/div>\n\t\t\t\t\t<\/div>\n\t\t<\/section>\n\t\t\t\t<section class=\"elementor-section elementor-top-section elementor-element elementor-element-1bbd013 elementor-section-boxed elementor-section-height-default elementor-section-height-default\" data-id=\"1bbd013\" data-element_type=\"section\" data-e-type=\"section\">\n\t\t\t\t\t\t<div class=\"elementor-container elementor-column-gap-default\">\n\t\t\t\t\t<div class=\"elementor-column elementor-col-100 elementor-top-column elementor-element elementor-element-a8565cc\" data-id=\"a8565cc\" data-element_type=\"column\" data-e-type=\"column\">\n\t\t\t<div class=\"elementor-widget-wrap elementor-element-populated\">\n\t\t\t\t\t\t<div class=\"elementor-element elementor-element-0a0d5e3 elementor-widget elementor-widget-text-editor\" data-id=\"0a0d5e3\" data-element_type=\"widget\" data-e-type=\"widget\" data-widget_type=\"text-editor.default\">\n\t\t\t\t<div class=\"elementor-widget-container\">\n\t\t\t\t\t\t\t\t\t<p>La UNESCO resalta que la radio \u201ces un medio poderoso para celebrar la humanidad en toda su diversidad y constituye una plataforma para el discurso democr\u00e1tico\u201d. Por esta raz\u00f3n, el docente de la Universidad T\u00e9cnica de Cotopaxi (UTC), Alex Mullo, propone: \u201cEs importante destacar este eje que tiene la radio de poder ser un medio de comunicaci\u00f3n participativo, un medio de comunicaci\u00f3n que permite dar voz a aquellas personas que quieren expresar su pensamiento, sus sentimientos. La radio es un medio de comunicaci\u00f3n que est\u00e1 en vigencia porque permite tratar temas que le interesan a la comunidad\u201d.<\/p>\n<p>A pesar de que con el paso de los a\u00f1os los medios de comunicaci\u00f3n se han enfrentado a un constante cambio por el surgimiento de nuevos espacios y plataformas, la actividad radiof\u00f3nica sigue siendo uno de los medios de mayor alcance, accesibilidad y variedad al momento de informar y entretener a las personas.<\/p>\n<p>Ahora bien, los medios de comunicaci\u00f3n radiales tambi\u00e9n han ampliado y replanteado su dinamismo para adaptarse a los nuevos retos que propone la sociedad digital. En este sentido, hay que destacar que la transmisi\u00f3n radial ya no se desarrolla \u00fanicamente a trav\u00e9s de las frecuencias AM (amplitud modulada), FM (frecuencia modulada) y Onda Corta Radio. En la actualidad se percibe un trabajo colaborativo de la radio con los distintos recursos multimediales y transmediales, por lo que ahora el contenido radial se puede ofrecer mediante <em>streaming<\/em>, sitios web, podcast y dem\u00e1s plataformas y aplicaciones.<\/p>\n<p>Con respecto a esto <strong>el docente de la Universidad T\u00e9cnica Particular de Loja (UTPL), Hern\u00e1n Yaguana, menciona: \u201c<\/strong>El futuro es que la radio se acompa\u00f1e de im\u00e1genes visuales sin perder su identidad de crear im\u00e1genes propias. Porque hoy en d\u00eda el sintonizador de la radio son las pantallas. Vivimos en la era de la multimedia y de la convergencia, por eso es importante que el sonido se acompa\u00f1e de los elementos con m\u00e1s incidencia en el siglo 21, que son los visuales\u201d.<\/p>\n<p>Por otro lado, un factor que mantiene la vigencia y trascendencia del lenguaje radiof\u00f3nico es que su bajo costo y accesibilidad permiten transmitir ciencia, educaci\u00f3n, cultura, informaci\u00f3n y entretenimiento a lugares y poblaciones remotas. Para Eric Samson, docente de la Universidad San Francisco de Quito (USFQ), la radio \u201ces un medio que llega a donde otros medios no van a llegar, pues no todo el mundo est\u00e1 conectado a internet\u201d.<\/p>\n<p>Del mismo modo, la docente de la Facultad de Comunicaci\u00f3n Social de la Universidad Central del Ecuador (UCE), Ivanova Nieto, resalta que: \u201cAlgo que no ha cambiado es que en momentos de crisis la radio es el medio m\u00e1s cercano a la gente local, donde ocurren las cosas. La radio sigue siendo parte de la mochila de emergencias. Por lo tanto, la vigencia de la radio y del mundo sonoro est\u00e1 bien fortalecida\u201d.<\/p>\n<p>As\u00ed tambi\u00e9n, la radio es uno de los \u00fanicos medios de informaci\u00f3n masivo que te permite atender a diversas actividades mientras se transmite, a causa de la versatilidad, portabilidad y disponibilidad de su formato. Seg\u00fan el docente de la USFQ, Eric Samson: \u201cSe consume radio a la hora y en el lugar que uno escoge. La radio en la web es la nueva evoluci\u00f3n que te permite consumir radio, consumir programas al estilo de un podcast, es decir a la carta de cuando nos interesa\u201d.<\/p>\t\t\t\t\t\t\t\t<\/div>\n\t\t\t\t<\/div>\n\t\t\t\t\t<\/div>\n\t\t<\/div>\n\t\t\t\t\t<\/div>\n\t\t<\/section>\n\t\t\t\t<section class=\"elementor-section elementor-top-section elementor-element elementor-element-0904687 elementor-section-boxed elementor-section-height-default elementor-section-height-default\" data-id=\"0904687\" data-element_type=\"section\" data-e-type=\"section\">\n\t\t\t\t\t\t<div class=\"elementor-container elementor-column-gap-default\">\n\t\t\t\t\t<div class=\"elementor-column elementor-col-100 elementor-top-column elementor-element elementor-element-df98e5b\" data-id=\"df98e5b\" data-element_type=\"column\" data-e-type=\"column\">\n\t\t\t<div class=\"elementor-widget-wrap elementor-element-populated\">\n\t\t\t\t\t\t<div class=\"elementor-element elementor-element-382c478 elementor-widget elementor-widget-image\" data-id=\"382c478\" data-element_type=\"widget\" data-e-type=\"widget\" data-widget_type=\"image.default\">\n\t\t\t\t<div class=\"elementor-widget-container\">\n\t\t\t\t\t\t\t\t\t\t\t\t\t\t\t<img decoding=\"async\" width=\"640\" height=\"425\" src=\"https:\/\/www.oime.com.ec\/wp-content\/uploads\/FOTOS-USFQ-3-768x510.png\" class=\"attachment-medium_large size-medium_large wp-image-1023\" alt=\"\" srcset=\"https:\/\/www.oime.com.ec\/wp-content\/uploads\/FOTOS-USFQ-3-768x510.png 768w, https:\/\/www.oime.com.ec\/wp-content\/uploads\/FOTOS-USFQ-3-300x199.png 300w, https:\/\/www.oime.com.ec\/wp-content\/uploads\/FOTOS-USFQ-3-1024x680.png 1024w, https:\/\/www.oime.com.ec\/wp-content\/uploads\/FOTOS-USFQ-3-1170x777.png 1170w, https:\/\/www.oime.com.ec\/wp-content\/uploads\/FOTOS-USFQ-3.png 1280w\" sizes=\"(max-width: 640px) 100vw, 640px\" \/>\t\t\t\t\t\t\t\t\t\t\t\t\t\t\t<\/div>\n\t\t\t\t<\/div>\n\t\t\t\t\t<\/div>\n\t\t<\/div>\n\t\t\t\t\t<\/div>\n\t\t<\/section>\n\t\t\t\t<section class=\"elementor-section elementor-top-section elementor-element elementor-element-889d431 elementor-section-boxed elementor-section-height-default elementor-section-height-default\" data-id=\"889d431\" data-element_type=\"section\" data-e-type=\"section\">\n\t\t\t\t\t\t<div class=\"elementor-container elementor-column-gap-default\">\n\t\t\t\t\t<div class=\"elementor-column elementor-col-100 elementor-top-column elementor-element elementor-element-0bac029\" data-id=\"0bac029\" data-element_type=\"column\" data-e-type=\"column\">\n\t\t\t<div class=\"elementor-widget-wrap elementor-element-populated\">\n\t\t\t\t\t\t<div class=\"elementor-element elementor-element-18cb8f5 elementor-widget elementor-widget-text-editor\" data-id=\"18cb8f5\" data-element_type=\"widget\" data-e-type=\"widget\" data-widget_type=\"text-editor.default\">\n\t\t\t\t<div class=\"elementor-widget-container\">\n\t\t\t\t\t\t\t\t\t<p>Un estudio realizado en 2020 por<a href=\"http:\/\/www.radiocentre.org\"> Radio Centre<\/a>, organismo que representa la industria de la radio comercial en Reino Unido, se reconoce, a trav\u00e9s de una encuesta, que la radio es uno de los medios de comunicaci\u00f3n con m\u00e1s credibilidad con un 77%, seguido por la televisi\u00f3n (74%), la prensa escrita (48%) y las redes socio digitales (15%).<\/p>\n<p>Por su parte la <a href=\"https:\/\/www.forta.es\/\">Federaci\u00f3n de Organismos o Entidades de Radio y Televisi\u00f3n Auton\u00f3micos<\/a> destac\u00f3 que la pandemia aument\u00f3 los h\u00e1bitos de consumo de la radio. En concordancia con esto, la Asociaci\u00f3n para la Investigaci\u00f3n de Medios de Comunicaci\u00f3n (AIMC) en su informe <em><a href=\"https:\/\/ipmark.com\/wp-content\/uploads\/Marco-General-de-los-Medios-en-Espana-2022-AIMC.pdf\">Marco general de los medios de Espa\u00f1a 2022<\/a><\/em>\u00a0plante\u00f3 que para el 2022 el consumo de radio por internet hab\u00eda aumentado un 5.2%; consumo que fue del 2.6% en 2011 y del 7.8% en 2021.<\/p>\n<p>Sin duda alguna, la radio ha significado una herramienta fundamental para la sociedad, debido a que a trav\u00e9s de su dinamismo y capacidad de adaptaci\u00f3n se ha establecido como un medio que proporciona un acceso r\u00e1pido, confiable y profesional a la informaci\u00f3n, al entretenimiento y a los asuntos de inter\u00e9s p\u00fablico.<\/p>\t\t\t\t\t\t\t\t<\/div>\n\t\t\t\t<\/div>\n\t\t\t\t\t<\/div>\n\t\t<\/div>\n\t\t\t\t\t<\/div>\n\t\t<\/section>\n\t\t\t\t<section class=\"elementor-section elementor-top-section elementor-element elementor-element-6306bb8 elementor-section-boxed elementor-section-height-default elementor-section-height-default\" data-id=\"6306bb8\" data-element_type=\"section\" data-e-type=\"section\">\n\t\t\t\t\t\t<div class=\"elementor-container elementor-column-gap-default\">\n\t\t\t\t\t<div class=\"elementor-column elementor-col-100 elementor-top-column elementor-element elementor-element-f5dd651\" data-id=\"f5dd651\" data-element_type=\"column\" data-e-type=\"column\">\n\t\t\t<div class=\"elementor-widget-wrap elementor-element-populated\">\n\t\t\t\t\t\t<div class=\"elementor-element elementor-element-f0a5722 elementor-widget elementor-widget-heading\" data-id=\"f0a5722\" data-element_type=\"widget\" data-e-type=\"widget\" data-widget_type=\"heading.default\">\n\t\t\t\t<div class=\"elementor-widget-container\">\n\t\t\t\t\t<h2 class=\"elementor-heading-title elementor-size-default\">Datos curiosos<\/h2>\t\t\t\t<\/div>\n\t\t\t\t<\/div>\n\t\t\t\t\t<\/div>\n\t\t<\/div>\n\t\t\t\t\t<\/div>\n\t\t<\/section>\n\t\t\t\t<section class=\"elementor-section elementor-top-section elementor-element elementor-element-82f6755 elementor-section-boxed elementor-section-height-default elementor-section-height-default\" data-id=\"82f6755\" data-element_type=\"section\" data-e-type=\"section\">\n\t\t\t\t\t\t<div class=\"elementor-container elementor-column-gap-default\">\n\t\t\t\t\t<div class=\"elementor-column elementor-col-100 elementor-top-column elementor-element elementor-element-aeeb9fb\" data-id=\"aeeb9fb\" data-element_type=\"column\" data-e-type=\"column\">\n\t\t\t<div class=\"elementor-widget-wrap elementor-element-populated\">\n\t\t\t\t\t\t<div class=\"elementor-element elementor-element-1684e2c elementor-widget elementor-widget-text-editor\" data-id=\"1684e2c\" data-element_type=\"widget\" data-e-type=\"widget\" data-widget_type=\"text-editor.default\">\n\t\t\t\t<div class=\"elementor-widget-container\">\n\t\t\t\t\t\t\t\t\t<p>Guillermo Marconi, ingeniero el\u00e9ctrico y premio Nobel italiano, realiz\u00f3 la primera transmisi\u00f3n de radio de la historia el 14 de mayo de 1879. Esta transmisi\u00f3n fue realizada a trav\u00e9s de mar abierto, a una distancia aproximada de seis kil\u00f3metros, desde el canal de Bristol a Penarth, localidad de Gales.<\/p>\n<p>El invento de Marconi fue una pieza clave para salvarle la vida a varios n\u00e1ufragos del Titanic.<\/p>\n<p>De acuerdo con las estad\u00edsticas de la <a href=\"https:\/\/www.arcotel.gob.ec\/72527-2\/\">Agencia de Regulaci\u00f3n y Control de las Telecomunicaciones del Ecuador<\/a>, 1179 frecuencias de radios AM y FM se concesionaron a diciembre de 2022.<\/p>\t\t\t\t\t\t\t\t<\/div>\n\t\t\t\t<\/div>\n\t\t\t\t\t<\/div>\n\t\t<\/div>\n\t\t\t\t\t<\/div>\n\t\t<\/section>\n\t\t\t\t<section class=\"elementor-section elementor-top-section elementor-element elementor-element-0dba118 elementor-section-boxed elementor-section-height-default elementor-section-height-default\" data-id=\"0dba118\" data-element_type=\"section\" data-e-type=\"section\">\n\t\t\t\t\t\t<div class=\"elementor-container elementor-column-gap-default\">\n\t\t\t\t\t<div class=\"elementor-column elementor-col-100 elementor-top-column elementor-element elementor-element-2753187\" data-id=\"2753187\" data-element_type=\"column\" data-e-type=\"column\">\n\t\t\t<div class=\"elementor-widget-wrap elementor-element-populated\">\n\t\t\t\t\t\t<div class=\"elementor-element elementor-element-3b13a0f elementor-widget elementor-widget-text-editor\" data-id=\"3b13a0f\" data-element_type=\"widget\" data-e-type=\"widget\" data-widget_type=\"text-editor.default\">\n\t\t\t\t<div class=\"elementor-widget-container\">\n\t\t\t\t\t\t\t\t\t<p><strong><span class=\"TextRun SCXW254113077 BCX0\" lang=\"ES-ES\" xml:lang=\"ES-ES\" data-contrast=\"none\"><span class=\"NormalTextRun SCXW254113077 BCX0\">Sebasti\u00e1n Mosquera<br \/><\/span><\/span><\/strong><em>OIME News FACSO-UCE<\/em><\/p>\n<p>*Con la colaboraci\u00f3n de redacci\u00f3n OIME News UTPL, USFQ y UTC.<\/p>\t\t\t\t\t\t\t\t<\/div>\n\t\t\t\t<\/div>\n\t\t\t\t\t<\/div>\n\t\t<\/div>\n\t\t\t\t\t<\/div>\n\t\t<\/section>\n\t\t\t\t<\/div>\n\t\t","protected":false},"excerpt":{"rendered":"<p>La UNESCO resalta que la radio \u201ces un medio poderoso para celebrar la humanidad en toda su diversidad y constituye una plataforma para el discurso<\/p>\n","protected":false},"author":1,"featured_media":1022,"comment_status":"open","ping_status":"open","sticky":false,"template":"","format":"image","meta":{"footnotes":""},"categories":[6],"tags":[],"class_list":["post-1019","post","type-post","status-publish","format-image","has-post-thumbnail","hentry","category-notas-informativas","post_format-post-format-image","three-columns"],"_links":{"self":[{"href":"https:\/\/www.oime.com.ec\/index.php?rest_route=\/wp\/v2\/posts\/1019","targetHints":{"allow":["GET"]}}],"collection":[{"href":"https:\/\/www.oime.com.ec\/index.php?rest_route=\/wp\/v2\/posts"}],"about":[{"href":"https:\/\/www.oime.com.ec\/index.php?rest_route=\/wp\/v2\/types\/post"}],"author":[{"embeddable":true,"href":"https:\/\/www.oime.com.ec\/index.php?rest_route=\/wp\/v2\/users\/1"}],"replies":[{"embeddable":true,"href":"https:\/\/www.oime.com.ec\/index.php?rest_route=%2Fwp%2Fv2%2Fcomments&post=1019"}],"version-history":[{"count":11,"href":"https:\/\/www.oime.com.ec\/index.php?rest_route=\/wp\/v2\/posts\/1019\/revisions"}],"predecessor-version":[{"id":1034,"href":"https:\/\/www.oime.com.ec\/index.php?rest_route=\/wp\/v2\/posts\/1019\/revisions\/1034"}],"wp:featuredmedia":[{"embeddable":true,"href":"https:\/\/www.oime.com.ec\/index.php?rest_route=\/wp\/v2\/media\/1022"}],"wp:attachment":[{"href":"https:\/\/www.oime.com.ec\/index.php?rest_route=%2Fwp%2Fv2%2Fmedia&parent=1019"}],"wp:term":[{"taxonomy":"category","embeddable":true,"href":"https:\/\/www.oime.com.ec\/index.php?rest_route=%2Fwp%2Fv2%2Fcategories&post=1019"},{"taxonomy":"post_tag","embeddable":true,"href":"https:\/\/www.oime.com.ec\/index.php?rest_route=%2Fwp%2Fv2%2Ftags&post=1019"}],"curies":[{"name":"wp","href":"https:\/\/api.w.org\/{rel}","templated":true}]}}