{"id":1039,"date":"2023-02-19T23:23:19","date_gmt":"2023-02-20T04:23:19","guid":{"rendered":"https:\/\/oime.com.ec\/wordpress\/?p=1039"},"modified":"2023-02-20T19:56:44","modified_gmt":"2023-02-21T00:56:44","slug":"la-recoleccion-de-desechos-solidos-el-gran-problema-de-salcedo-elgrandebatesalcedo","status":"publish","type":"post","link":"https:\/\/www.oime.com.ec\/?p=1039","title":{"rendered":"La recolecci\u00f3n de desechos s\u00f3lidos, el gran problema de Salcedo | #ElGranDebateSalcedo"},"content":{"rendered":"\t\t<div data-elementor-type=\"wp-post\" data-elementor-id=\"1039\" class=\"elementor elementor-1039\">\n\t\t\t\t\t\t<section class=\"elementor-section elementor-top-section elementor-element elementor-element-6355e66a elementor-section-boxed elementor-section-height-default elementor-section-height-default\" data-id=\"6355e66a\" data-element_type=\"section\" data-e-type=\"section\">\n\t\t\t\t\t\t<div class=\"elementor-container elementor-column-gap-default\">\n\t\t\t\t\t<div class=\"elementor-column elementor-col-100 elementor-top-column elementor-element elementor-element-1f5786ad\" data-id=\"1f5786ad\" data-element_type=\"column\" data-e-type=\"column\">\n\t\t\t<div class=\"elementor-widget-wrap elementor-element-populated\">\n\t\t\t\t\t\t<div class=\"elementor-element elementor-element-3e54ef6d elementor-widget elementor-widget-text-editor\" data-id=\"3e54ef6d\" data-element_type=\"widget\" data-e-type=\"widget\" data-widget_type=\"text-editor.default\">\n\t\t\t\t<div class=\"elementor-widget-container\">\n\t\t\t\t\t\t\t\t\t\t\t\t\t\t\t\t\t<\/div>\n\t\t\t\t<\/div>\n\t\t\t\t\t<\/div>\n\t\t<\/div>\n\t\t\t\t\t<\/div>\n\t\t<\/section>\n\t\t\t\t<section class=\"elementor-section elementor-top-section elementor-element elementor-element-13e4cb2 elementor-section-boxed elementor-section-height-default elementor-section-height-default\" data-id=\"13e4cb2\" data-element_type=\"section\" data-e-type=\"section\">\n\t\t\t\t\t\t<div class=\"elementor-container elementor-column-gap-default\">\n\t\t\t\t\t<div class=\"elementor-column elementor-col-100 elementor-top-column elementor-element elementor-element-026e676\" data-id=\"026e676\" data-element_type=\"column\" data-e-type=\"column\">\n\t\t\t<div class=\"elementor-widget-wrap elementor-element-populated\">\n\t\t\t\t\t\t<div class=\"elementor-element elementor-element-e9d0dff elementor-widget elementor-widget-image\" data-id=\"e9d0dff\" data-element_type=\"widget\" data-e-type=\"widget\" data-widget_type=\"image.default\">\n\t\t\t\t<div class=\"elementor-widget-container\">\n\t\t\t\t\t\t\t\t\t\t\t\t<figure class=\"wp-caption\">\n\t\t\t\t\t\t\t\t\t\t<img fetchpriority=\"high\" decoding=\"async\" width=\"640\" height=\"360\" src=\"https:\/\/www.oime.com.ec\/wp-content\/uploads\/WhatsApp-Image-2023-02-19-at-23.13.21.jpeg\" class=\"attachment-medium_large size-medium_large wp-image-1041\" alt=\"\" srcset=\"https:\/\/www.oime.com.ec\/wp-content\/uploads\/WhatsApp-Image-2023-02-19-at-23.13.21.jpeg 679w, https:\/\/www.oime.com.ec\/wp-content\/uploads\/WhatsApp-Image-2023-02-19-at-23.13.21-300x169.jpeg 300w\" sizes=\"(max-width: 640px) 100vw, 640px\" \/>\t\t\t\t\t\t\t\t\t\t\t<figcaption class=\"widget-image-caption wp-caption-text\">Imagen del El Gran Debate Salcedo 2023 | Periodismo en Salcedo<\/figcaption>\n\t\t\t\t\t\t\t\t\t\t<\/figure>\n\t\t\t\t\t\t\t\t\t<\/div>\n\t\t\t\t<\/div>\n\t\t\t\t\t<\/div>\n\t\t<\/div>\n\t\t\t\t\t<\/div>\n\t\t<\/section>\n\t\t\t\t<section class=\"elementor-section elementor-top-section elementor-element elementor-element-43df252 elementor-section-boxed elementor-section-height-default elementor-section-height-default\" data-id=\"43df252\" data-element_type=\"section\" data-e-type=\"section\">\n\t\t\t\t\t\t<div class=\"elementor-container elementor-column-gap-default\">\n\t\t\t\t\t<div class=\"elementor-column elementor-col-100 elementor-top-column elementor-element elementor-element-8c4a3f2\" data-id=\"8c4a3f2\" data-element_type=\"column\" data-e-type=\"column\">\n\t\t\t<div class=\"elementor-widget-wrap elementor-element-populated\">\n\t\t\t\t\t\t<div class=\"elementor-element elementor-element-b675d71 elementor-widget elementor-widget-text-editor\" data-id=\"b675d71\" data-element_type=\"widget\" data-e-type=\"widget\" data-widget_type=\"text-editor.default\">\n\t\t\t\t<div class=\"elementor-widget-container\">\n\t\t\t\t\t\t\t\t\t<p>Esta informaci\u00f3n es <strong>enga\u00f1osa<\/strong>.\u00a0<\/p>\n<p>Seg\u00fan la <a href=\"https:\/\/www.ambiente.gob.ec\/\">p\u00e1gina oficial<\/a> del <strong>Ministerio del Ambiente, Agua y Transici\u00f3n Ecol\u00f3gica<\/strong>, en el <a href=\"https:\/\/app.powerbi.com\/view?r=eyJrIjoiMWQ3MDI0NjQtZWM4YS00M2RlLWJmYjMtZjNiNjMwZjM2MTJlIiwidCI6ImI5MmFkMDkzLTRhODYtNGZiNS1hY2VhLWNlMWU1ZmJiYWIxMyJ9&amp;pageName=ReportSectiond5848c462013b45b0a80\">informe<\/a> disponible de Gesti\u00f3n Integral de Residuos y Desechos S\u00f3lidos no Peligrosos Municipales de 2021, el GAD de Salcedo inform\u00f3 que se produjo un total de 28,00 toneladas por d\u00eda en desechos s\u00f3lidos.<\/p>\t\t\t\t\t\t\t\t<\/div>\n\t\t\t\t<\/div>\n\t\t\t\t\t<\/div>\n\t\t<\/div>\n\t\t\t\t\t<\/div>\n\t\t<\/section>\n\t\t\t\t<section class=\"elementor-section elementor-top-section elementor-element elementor-element-56a9f0b elementor-section-boxed elementor-section-height-default elementor-section-height-default\" data-id=\"56a9f0b\" data-element_type=\"section\" data-e-type=\"section\">\n\t\t\t\t\t\t<div class=\"elementor-container elementor-column-gap-default\">\n\t\t\t\t\t<div class=\"elementor-column elementor-col-100 elementor-top-column elementor-element elementor-element-543d216\" data-id=\"543d216\" data-element_type=\"column\" data-e-type=\"column\">\n\t\t\t<div class=\"elementor-widget-wrap elementor-element-populated\">\n\t\t\t\t\t\t<div class=\"elementor-element elementor-element-0e5a15e elementor-widget elementor-widget-image\" data-id=\"0e5a15e\" data-element_type=\"widget\" data-e-type=\"widget\" data-widget_type=\"image.default\">\n\t\t\t\t<div class=\"elementor-widget-container\">\n\t\t\t\t\t\t\t\t\t\t\t\t<figure class=\"wp-caption\">\n\t\t\t\t\t\t\t\t\t\t<img decoding=\"async\" width=\"640\" height=\"317\" src=\"https:\/\/www.oime.com.ec\/wp-content\/uploads\/WhatsApp-Image-2023-02-19-at-23.17.04-768x380.jpeg\" class=\"attachment-medium_large size-medium_large wp-image-1042\" alt=\"\" srcset=\"https:\/\/www.oime.com.ec\/wp-content\/uploads\/WhatsApp-Image-2023-02-19-at-23.17.04-768x380.jpeg 768w, https:\/\/www.oime.com.ec\/wp-content\/uploads\/WhatsApp-Image-2023-02-19-at-23.17.04-300x148.jpeg 300w, https:\/\/www.oime.com.ec\/wp-content\/uploads\/WhatsApp-Image-2023-02-19-at-23.17.04.jpeg 904w\" sizes=\"(max-width: 640px) 100vw, 640px\" \/>\t\t\t\t\t\t\t\t\t\t\t<figcaption class=\"widget-image-caption wp-caption-text\">Captura de pantalla del informe de desechos s\u00f3lidos | Ministerio del Ambiente, Agua y Transici\u00f3n Ecol\u00f3gica<\/figcaption>\n\t\t\t\t\t\t\t\t\t\t<\/figure>\n\t\t\t\t\t\t\t\t\t<\/div>\n\t\t\t\t<\/div>\n\t\t\t\t\t<\/div>\n\t\t<\/div>\n\t\t\t\t\t<\/div>\n\t\t<\/section>\n\t\t\t\t<section class=\"elementor-section elementor-top-section elementor-element elementor-element-ef11ed7 elementor-section-boxed elementor-section-height-default elementor-section-height-default\" data-id=\"ef11ed7\" data-element_type=\"section\" data-e-type=\"section\">\n\t\t\t\t\t\t<div class=\"elementor-container elementor-column-gap-default\">\n\t\t\t\t\t<div class=\"elementor-column elementor-col-100 elementor-top-column elementor-element elementor-element-ab1bace\" data-id=\"ab1bace\" data-element_type=\"column\" data-e-type=\"column\">\n\t\t\t<div class=\"elementor-widget-wrap elementor-element-populated\">\n\t\t\t\t\t\t<div class=\"elementor-element elementor-element-35c059b elementor-widget elementor-widget-text-editor\" data-id=\"35c059b\" data-element_type=\"widget\" data-e-type=\"widget\" data-widget_type=\"text-editor.default\">\n\t\t\t\t<div class=\"elementor-widget-container\">\n\t\t\t\t\t\t\t\t\t<p>El candidato confirm\u00f3 que esta cifra se hab\u00eda duplicado para la actualidad, recolectado 50 toneladas por d\u00eda. A falta de un informe actual en la p\u00e1gina oficial del Ministerio, se tom\u00f3 contacto con Diana Ca\u00f1ar, ex funcionaria del GAD de Salcedo, quien manifest\u00f3 que no es posible que una generaci\u00f3n de basura se pueda duplicar en un periodo de tres a\u00f1os, puesto que esto va en proporci\u00f3n al n\u00famero de habitantes. Seg\u00fan datos del \u00faltimo censo de 2010, la poblaci\u00f3n de Salcedo asciende a 58.216 personas, en comparaci\u00f3n a las 51.304 que registr\u00f3 el censo inmediato anterior.<\/p>\n<p>Por lo que esta informaci\u00f3n proporcionada por el ex candidato es enga\u00f1osa, de acuerdo con la metodolog\u00eda de verificaci\u00f3n usada por la coalici\u00f3n Ecuador Verifica, porque est\u00e1 lejos de los datos reales.<\/p>\t\t\t\t\t\t\t\t<\/div>\n\t\t\t\t<\/div>\n\t\t\t\t\t<\/div>\n\t\t<\/div>\n\t\t\t\t\t<\/div>\n\t\t<\/section>\n\t\t\t\t<section class=\"elementor-section elementor-top-section elementor-element elementor-element-200366a elementor-section-boxed elementor-section-height-default elementor-section-height-default\" data-id=\"200366a\" data-element_type=\"section\" data-e-type=\"section\">\n\t\t\t\t\t\t<div class=\"elementor-container elementor-column-gap-default\">\n\t\t\t\t\t<div class=\"elementor-column elementor-col-100 elementor-top-column elementor-element elementor-element-ee1ea3f\" data-id=\"ee1ea3f\" data-element_type=\"column\" data-e-type=\"column\">\n\t\t\t<div class=\"elementor-widget-wrap elementor-element-populated\">\n\t\t\t\t\t\t<div class=\"elementor-element elementor-element-6576c15 elementor-widget elementor-widget-text-editor\" data-id=\"6576c15\" data-element_type=\"widget\" data-e-type=\"widget\" data-widget_type=\"text-editor.default\">\n\t\t\t\t<div class=\"elementor-widget-container\">\n\t\t\t\t\t\t\t\t\t<p><strong><span class=\"TextRun SCXW254113077 BCX0\" lang=\"ES-ES\" xml:lang=\"ES-ES\" data-contrast=\"none\"><span class=\"NormalTextRun SCXW254113077 BCX0\">Darlyn Jeremmy Morales<br \/><\/span><\/span><\/strong><em>OIME News UTPL<\/em><\/p>\t\t\t\t\t\t\t\t<\/div>\n\t\t\t\t<\/div>\n\t\t\t\t\t<\/div>\n\t\t<\/div>\n\t\t\t\t\t<\/div>\n\t\t<\/section>\n\t\t\t\t<\/div>\n\t\t","protected":false},"excerpt":{"rendered":"<p>El alcalde actual y ex candidato William Naranjo se refiri\u00f3 a la recolecci\u00f3n de desechos s\u00f3lidos en su gesti\u00f3n, pero los datos que proporcion\u00f3 no fueron acertados.<\/p>\n","protected":false},"author":1,"featured_media":1064,"comment_status":"open","ping_status":"open","sticky":false,"template":"","format":"image","meta":{"footnotes":""},"categories":[17],"tags":[],"class_list":["post-1039","post","type-post","status-publish","format-image","has-post-thumbnail","hentry","category-verificaciones","post_format-post-format-image","three-columns"],"_links":{"self":[{"href":"https:\/\/www.oime.com.ec\/index.php?rest_route=\/wp\/v2\/posts\/1039","targetHints":{"allow":["GET"]}}],"collection":[{"href":"https:\/\/www.oime.com.ec\/index.php?rest_route=\/wp\/v2\/posts"}],"about":[{"href":"https:\/\/www.oime.com.ec\/index.php?rest_route=\/wp\/v2\/types\/post"}],"author":[{"embeddable":true,"href":"https:\/\/www.oime.com.ec\/index.php?rest_route=\/wp\/v2\/users\/1"}],"replies":[{"embeddable":true,"href":"https:\/\/www.oime.com.ec\/index.php?rest_route=%2Fwp%2Fv2%2Fcomments&post=1039"}],"version-history":[{"count":9,"href":"https:\/\/www.oime.com.ec\/index.php?rest_route=\/wp\/v2\/posts\/1039\/revisions"}],"predecessor-version":[{"id":1070,"href":"https:\/\/www.oime.com.ec\/index.php?rest_route=\/wp\/v2\/posts\/1039\/revisions\/1070"}],"wp:featuredmedia":[{"embeddable":true,"href":"https:\/\/www.oime.com.ec\/index.php?rest_route=\/wp\/v2\/media\/1064"}],"wp:attachment":[{"href":"https:\/\/www.oime.com.ec\/index.php?rest_route=%2Fwp%2Fv2%2Fmedia&parent=1039"}],"wp:term":[{"taxonomy":"category","embeddable":true,"href":"https:\/\/www.oime.com.ec\/index.php?rest_route=%2Fwp%2Fv2%2Fcategories&post=1039"},{"taxonomy":"post_tag","embeddable":true,"href":"https:\/\/www.oime.com.ec\/index.php?rest_route=%2Fwp%2Fv2%2Ftags&post=1039"}],"curies":[{"name":"wp","href":"https:\/\/api.w.org\/{rel}","templated":true}]}}