{"id":1051,"date":"2023-02-20T15:12:02","date_gmt":"2023-02-20T20:12:02","guid":{"rendered":"https:\/\/oime.com.ec\/wordpress\/?p=1051"},"modified":"2023-02-20T17:52:06","modified_gmt":"2023-02-20T22:52:06","slug":"ocho-de-cada-diez-cuencanos-rechaza-la-mineria-elgrandebatesalcedo","status":"publish","type":"post","link":"https:\/\/www.oime.com.ec\/?p=1051","title":{"rendered":"Ocho de cada diez cuencanos rechaza la miner\u00eda | #EleccionesEcuador2023"},"content":{"rendered":"\t\t<div data-elementor-type=\"wp-post\" data-elementor-id=\"1051\" class=\"elementor elementor-1051\">\n\t\t\t\t\t\t<section class=\"elementor-section elementor-top-section elementor-element elementor-element-28e4fde elementor-section-boxed elementor-section-height-default elementor-section-height-default\" data-id=\"28e4fde\" data-element_type=\"section\" data-e-type=\"section\">\n\t\t\t\t\t\t<div class=\"elementor-container elementor-column-gap-default\">\n\t\t\t\t\t<div class=\"elementor-column elementor-col-100 elementor-top-column elementor-element elementor-element-afe89a1\" data-id=\"afe89a1\" data-element_type=\"column\" data-e-type=\"column\">\n\t\t\t<div class=\"elementor-widget-wrap elementor-element-populated\">\n\t\t\t\t\t\t<div class=\"elementor-element elementor-element-17f57b5 elementor-widget elementor-widget-image\" data-id=\"17f57b5\" data-element_type=\"widget\" data-e-type=\"widget\" data-widget_type=\"image.default\">\n\t\t\t\t<div class=\"elementor-widget-container\">\n\t\t\t\t\t\t\t\t\t\t\t\t\t\t\t<img fetchpriority=\"high\" decoding=\"async\" width=\"413\" height=\"597\" src=\"https:\/\/www.oime.com.ec\/wp-content\/uploads\/WhatsApp-Image-2023-02-19-at-23.45.51.jpeg\" class=\"attachment-medium_large size-medium_large wp-image-1053\" alt=\"\" srcset=\"https:\/\/www.oime.com.ec\/wp-content\/uploads\/WhatsApp-Image-2023-02-19-at-23.45.51.jpeg 413w, https:\/\/www.oime.com.ec\/wp-content\/uploads\/WhatsApp-Image-2023-02-19-at-23.45.51-208x300.jpeg 208w\" sizes=\"(max-width: 413px) 100vw, 413px\" \/>\t\t\t\t\t\t\t\t\t\t\t\t\t\t\t<\/div>\n\t\t\t\t<\/div>\n\t\t\t\t\t<\/div>\n\t\t<\/div>\n\t\t\t\t\t<\/div>\n\t\t<\/section>\n\t\t\t\t<section class=\"elementor-section elementor-top-section elementor-element elementor-element-4264602 elementor-section-boxed elementor-section-height-default elementor-section-height-default\" data-id=\"4264602\" data-element_type=\"section\" data-e-type=\"section\">\n\t\t\t\t\t\t<div class=\"elementor-container elementor-column-gap-default\">\n\t\t\t\t\t<div class=\"elementor-column elementor-col-100 elementor-top-column elementor-element elementor-element-05bc994\" data-id=\"05bc994\" data-element_type=\"column\" data-e-type=\"column\">\n\t\t\t<div class=\"elementor-widget-wrap elementor-element-populated\">\n\t\t\t\t\t\t<div class=\"elementor-element elementor-element-f3a1e17 elementor-widget elementor-widget-text-editor\" data-id=\"f3a1e17\" data-element_type=\"widget\" data-e-type=\"widget\" data-widget_type=\"text-editor.default\">\n\t\t\t\t<div class=\"elementor-widget-container\">\n\t\t\t\t\t\t\t\t\t<p>La ex candidata a la alcald\u00eda de Cuenca, Ver\u00f3nica Abad, replic\u00f3 en sus cuentas de redes sociales un fragmento de una entrevista producida por el medio de comunicaci\u00f3n <em>La Voz del Tomebamba<\/em>, en el que mencion\u00f3 que <strong>el 80% de la poblaci\u00f3n decidi\u00f3 prohibir las actividades mineras en las zonas de recarga h\u00eddrica<\/strong> de los r\u00edos Tomebamba, Tarqui, Yanuncay, Mach\u00e1ngara y Norcay. Adicionalmente, dijo que existen leyes y ordenanzas que regulan la actividad minera para materiales \u00e1ridos y p\u00e9treos en el cant\u00f3n Cuenca.<\/p><p>Los datos proporcionados en esa alocuci\u00f3n son ciertos. El pasado 7 de febrero de 2021, el mismo d\u00eda de las elecciones generales del pa\u00eds, en el cant\u00f3n Cuenca se llev\u00f3 a cabo una <strong>consulta popular que buscaba prohibir o no la explotaci\u00f3n minera en las zonas de recarga h\u00eddrica<\/strong> de los r\u00edos Tomebamba, Tarqui, Yanuncay, Mach\u00e1ngara y Norcay. Esta consulta popular tuvo cinco preguntas y fue impulsada por el Consejo Cantonal con la intenci\u00f3n de proteger los p\u00e1ramos y fuentes de agua m\u00e1s importantes de la zona. Seg\u00fan los datos del CNE y reportes realizados por <em>Mongabay Latam<\/em> y <em>GK de Ecuador<\/em>, en esta consulta popular, <strong>m\u00e1s de 348 mil personas votaron a favor de prohibir la miner\u00eda <\/strong>en las zonas de recarga h\u00eddrica, que constituyen aproximadamente el 80% de los electores.<\/p><p>Adicionalmente, en el cant\u00f3n Cuenca existe la <a href=\"https:\/\/www.cuenca.gob.ec\/content\/ordenanza-que-regula-la-actividad-minera-para-materiales-%C3%A1ridos-y-p%C3%A9treos-en-el-cant%C3%B3n#:~:text=%2D%20La%20presente%20Ordenanza%20tiene%20por,Cuenca%2C%20de%20conformidad%20con%20los\">Ordenanza que regula la actividad minera para materiales \u00e1ridos y p\u00e9treos en el Cant\u00f3n Cuenca<\/a> que busca establecer normas de aplicaci\u00f3n obligatoria para otorgar, administrar, autorizar, regular, controlar, sancionar y extinguir derechos en las fases de la actividad minera de materiales \u00e1ridos y p\u00e9treos ubicados dentro de la jurisdicci\u00f3n del cant\u00f3n Cuenca, de acuerdo con los principios de sustentabilidad, subsidiariedad, sostenibilidad, eficiencia y responsabilidad social en defensa del bien com\u00fan.<\/p><p><em>*Esta informaci\u00f3n ha sido verificada de acuerdo con la metodolog\u00eda usada por los socios de la coalici\u00f3n Ecuador Verifica.<\/em><\/p>\t\t\t\t\t\t\t\t<\/div>\n\t\t\t\t<\/div>\n\t\t\t\t\t<\/div>\n\t\t<\/div>\n\t\t\t\t\t<\/div>\n\t\t<\/section>\n\t\t\t\t<section class=\"elementor-section elementor-top-section elementor-element elementor-element-e0aceba elementor-section-boxed elementor-section-height-default elementor-section-height-default\" data-id=\"e0aceba\" data-element_type=\"section\" data-e-type=\"section\">\n\t\t\t\t\t\t<div class=\"elementor-container elementor-column-gap-default\">\n\t\t\t\t\t<div class=\"elementor-column elementor-col-100 elementor-top-column elementor-element elementor-element-11dc820\" data-id=\"11dc820\" data-element_type=\"column\" data-e-type=\"column\">\n\t\t\t<div class=\"elementor-widget-wrap elementor-element-populated\">\n\t\t\t\t\t\t<div class=\"elementor-element elementor-element-e7dded0 elementor-widget elementor-widget-text-editor\" data-id=\"e7dded0\" data-element_type=\"widget\" data-e-type=\"widget\" data-widget_type=\"text-editor.default\">\n\t\t\t\t<div class=\"elementor-widget-container\">\n\t\t\t\t\t\t\t\t\t<p><strong><span class=\"TextRun SCXW254113077 BCX0\" lang=\"ES-ES\" xml:lang=\"ES-ES\" data-contrast=\"none\"><span class=\"NormalTextRun SCXW254113077 BCX0\">Darlyn Jeremmy Morales<br \/><\/span><\/span><\/strong><em>OIME News UTPL<\/em><\/p>\t\t\t\t\t\t\t\t<\/div>\n\t\t\t\t<\/div>\n\t\t\t\t\t<\/div>\n\t\t<\/div>\n\t\t\t\t\t<\/div>\n\t\t<\/section>\n\t\t\t\t<\/div>\n\t\t","protected":false},"excerpt":{"rendered":"<p>La ex candidata a la alcald\u00eda de Cuenca, Ver\u00f3nica Abad, replic\u00f3 en sus cuentas de redes sociales un fragmento de una entrevista producida por el<\/p>\n","protected":false},"author":1,"featured_media":1065,"comment_status":"open","ping_status":"open","sticky":false,"template":"","format":"image","meta":{"footnotes":""},"categories":[17],"tags":[],"class_list":["post-1051","post","type-post","status-publish","format-image","has-post-thumbnail","hentry","category-verificaciones","post_format-post-format-image","three-columns"],"_links":{"self":[{"href":"https:\/\/www.oime.com.ec\/index.php?rest_route=\/wp\/v2\/posts\/1051","targetHints":{"allow":["GET"]}}],"collection":[{"href":"https:\/\/www.oime.com.ec\/index.php?rest_route=\/wp\/v2\/posts"}],"about":[{"href":"https:\/\/www.oime.com.ec\/index.php?rest_route=\/wp\/v2\/types\/post"}],"author":[{"embeddable":true,"href":"https:\/\/www.oime.com.ec\/index.php?rest_route=\/wp\/v2\/users\/1"}],"replies":[{"embeddable":true,"href":"https:\/\/www.oime.com.ec\/index.php?rest_route=%2Fwp%2Fv2%2Fcomments&post=1051"}],"version-history":[{"count":11,"href":"https:\/\/www.oime.com.ec\/index.php?rest_route=\/wp\/v2\/posts\/1051\/revisions"}],"predecessor-version":[{"id":1067,"href":"https:\/\/www.oime.com.ec\/index.php?rest_route=\/wp\/v2\/posts\/1051\/revisions\/1067"}],"wp:featuredmedia":[{"embeddable":true,"href":"https:\/\/www.oime.com.ec\/index.php?rest_route=\/wp\/v2\/media\/1065"}],"wp:attachment":[{"href":"https:\/\/www.oime.com.ec\/index.php?rest_route=%2Fwp%2Fv2%2Fmedia&parent=1051"}],"wp:term":[{"taxonomy":"category","embeddable":true,"href":"https:\/\/www.oime.com.ec\/index.php?rest_route=%2Fwp%2Fv2%2Fcategories&post=1051"},{"taxonomy":"post_tag","embeddable":true,"href":"https:\/\/www.oime.com.ec\/index.php?rest_route=%2Fwp%2Fv2%2Ftags&post=1051"}],"curies":[{"name":"wp","href":"https:\/\/api.w.org\/{rel}","templated":true}]}}