{"id":1072,"date":"2023-03-08T13:11:31","date_gmt":"2023-03-08T18:11:31","guid":{"rendered":"https:\/\/oime.com.ec\/wordpress\/?p=1072"},"modified":"2023-03-08T13:16:02","modified_gmt":"2023-03-08T18:16:02","slug":"las-miradas-local-e-intercultural-de-los-medios-de-comunicacion-sobre-las-mujeres-en-dos-estudios","status":"publish","type":"post","link":"https:\/\/www.oime.com.ec\/?p=1072","title":{"rendered":"Las miradas local e intercultural de los medios de comunicaci\u00f3n sobre las mujeres, en dos estudios"},"content":{"rendered":"\t\t<div data-elementor-type=\"wp-post\" data-elementor-id=\"1072\" class=\"elementor elementor-1072\">\n\t\t\t\t\t\t<section class=\"elementor-section elementor-top-section elementor-element elementor-element-fed7423 elementor-section-boxed elementor-section-height-default elementor-section-height-default\" data-id=\"fed7423\" data-element_type=\"section\" data-e-type=\"section\">\n\t\t\t\t\t\t<div class=\"elementor-container elementor-column-gap-default\">\n\t\t\t\t\t<div class=\"elementor-column elementor-col-100 elementor-top-column elementor-element elementor-element-7d1c0864\" data-id=\"7d1c0864\" data-element_type=\"column\" data-e-type=\"column\">\n\t\t\t<div class=\"elementor-widget-wrap elementor-element-populated\">\n\t\t\t\t\t\t<div class=\"elementor-element elementor-element-558cc7e6 elementor-widget elementor-widget-text-editor\" data-id=\"558cc7e6\" data-element_type=\"widget\" data-e-type=\"widget\" data-widget_type=\"text-editor.default\">\n\t\t\t\t<div class=\"elementor-widget-container\">\n\t\t\t\t\t\t\t\t\t<p>El discurso period\u00edstico es un elemento de poder que permite generar una opini\u00f3n en los lectores sobre un tema determinado. De esta manera, los medios informativos se encargan de elaborar contenidos que, de una u otra forma, reflejan una postura, o intereses, ya sean pol\u00edticos, econ\u00f3micos e, incluso, ideol\u00f3gicos.<\/p><p>La tem\u00e1tica sobre violencia contra la mujer es un aspecto recurrente que se encuentra en medios digitales, televisi\u00f3n y prensa; adem\u00e1s, en los medios comunitarios la programaci\u00f3n espec\u00edfica de equidad de g\u00e9nero es limitada por factores estructurales. En ese escenario, se han construido y reforzado estereotipos que minimizan el problema al que miles de mujeres se enfrentan a diario. Esta realidad es plasmada en el libro <em><a href=\"https:\/\/drive.google.com\/file\/d\/1hJJynql9dflU1k7CP8VC8apzhGzCfEEP\/view?usp=sharing\">La violencia contra las mujeres en portada<\/a>\u00a0<\/em>y el estudio <a href=\"https:\/\/radio.corape.org.ec\/contenido\/item\/red-kichwa\"><em>El rol de las mujeres ind\u00edgenas en los medios de comunicaci\u00f3n y su aporte a la equidad de g\u00e9nero: caso de la Red Kichwa de Corape.<\/em><\/a><\/p><p>El primer texto fue realizado por el equipo de INIGED (Instituto de Igualdad de G\u00e9nero y Derechos) que est\u00e1 conformado por las docentes de la Facultad de Comunicaci\u00f3n Social Natalia Angulo, Zaida Almeida y Mariana Alvear de la Universidad Central del Ecuador, junto con Mar\u00eda Jos\u00e9 Guti\u00e9rrez, Daniela del Roc\u00edo Salazar, Pablo Jaramillo y Ladir J\u00e1come, quienes tambi\u00e9n formaron parte del equipo de investigaci\u00f3n.<\/p>\t\t\t\t\t\t\t\t<\/div>\n\t\t\t\t<\/div>\n\t\t\t\t<div class=\"elementor-element elementor-element-f9a241f elementor-widget elementor-widget-image\" data-id=\"f9a241f\" data-element_type=\"widget\" data-e-type=\"widget\" data-widget_type=\"image.default\">\n\t\t\t\t<div class=\"elementor-widget-container\">\n\t\t\t\t\t\t\t\t\t\t\t\t\t\t\t<img fetchpriority=\"high\" decoding=\"async\" width=\"640\" height=\"360\" src=\"https:\/\/www.oime.com.ec\/wp-content\/uploads\/WhatsApp-Image-2023-03-08-at-13.05.23-768x432.jpeg\" class=\"attachment-medium_large size-medium_large wp-image-1084\" alt=\"\" srcset=\"https:\/\/www.oime.com.ec\/wp-content\/uploads\/WhatsApp-Image-2023-03-08-at-13.05.23-768x432.jpeg 768w, https:\/\/www.oime.com.ec\/wp-content\/uploads\/WhatsApp-Image-2023-03-08-at-13.05.23-300x169.jpeg 300w, https:\/\/www.oime.com.ec\/wp-content\/uploads\/WhatsApp-Image-2023-03-08-at-13.05.23-1024x576.jpeg 1024w, https:\/\/www.oime.com.ec\/wp-content\/uploads\/WhatsApp-Image-2023-03-08-at-13.05.23-1536x864.jpeg 1536w, https:\/\/www.oime.com.ec\/wp-content\/uploads\/WhatsApp-Image-2023-03-08-at-13.05.23-1170x658.jpeg 1170w, https:\/\/www.oime.com.ec\/wp-content\/uploads\/WhatsApp-Image-2023-03-08-at-13.05.23.jpeg 1600w\" sizes=\"(max-width: 640px) 100vw, 640px\" \/>\t\t\t\t\t\t\t\t\t\t\t\t\t\t\t<\/div>\n\t\t\t\t<\/div>\n\t\t\t\t\t<\/div>\n\t\t<\/div>\n\t\t\t\t\t<\/div>\n\t\t<\/section>\n\t\t\t\t<section class=\"elementor-section elementor-top-section elementor-element elementor-element-29233bc elementor-section-boxed elementor-section-height-default elementor-section-height-default\" data-id=\"29233bc\" data-element_type=\"section\" data-e-type=\"section\">\n\t\t\t\t\t\t<div class=\"elementor-container elementor-column-gap-default\">\n\t\t\t\t\t<div class=\"elementor-column elementor-col-100 elementor-top-column elementor-element elementor-element-cb3f5bb\" data-id=\"cb3f5bb\" data-element_type=\"column\" data-e-type=\"column\">\n\t\t\t<div class=\"elementor-widget-wrap elementor-element-populated\">\n\t\t\t\t\t\t<div class=\"elementor-element elementor-element-8422f14 elementor-widget elementor-widget-text-editor\" data-id=\"8422f14\" data-element_type=\"widget\" data-e-type=\"widget\" data-widget_type=\"text-editor.default\">\n\t\t\t\t<div class=\"elementor-widget-container\">\n\t\t\t\t\t\t\t\t\t<p>Tom\u00f3 dos a\u00f1os de investigaci\u00f3n comprender c\u00f3mo se trabajan las notas period\u00edsticas sobre violencia de g\u00e9nero. Se trata de un an\u00e1lisis de contenido y de discurso aplicado a dos medios ecuatorianos de amplia trayectoria como lo son diario <em>La Hora<\/em> y diario <em>Extra<\/em>, realizado entre enero de 2018 a enero de 2020. En este contexto, se considera que los medios de comunicaci\u00f3n y sus periodistas usan fuentes que construyen una valoraci\u00f3n moral de la v\u00edctima, generando contenido de espect\u00e1culo que las personas quieran consumir. Adem\u00e1s de construir una narrativa estereotipada y normalizada de la violencia hacia las mujeres por medio del lenguaje; tambi\u00e9n, se usa la fotograf\u00eda como elemento de acompa\u00f1amiento el cual sostiene un proceso de revictimizaci\u00f3n de las mujeres violentadas.\u00a0<\/p><p>Se determina que los medios locales y nacionales retratan la violencia de g\u00e9nero bajo un mismo estilo, donde las mujeres toman relevancia cuando son v\u00edctimas de actos ominosos como: violencia sexual, intrafamiliar, femicidios, entre otros casos. Esto conlleva a que las instituciones sociales contin\u00faen reproduciendo una cultura patriarcal, machista y mis\u00f3gina.<\/p><p>Lorena \u00c1lvarez, docente investigadora de la Carrera de Comunicaci\u00f3n Social de la Universidad T\u00e9cnica de Cotopaxi y t\u00e9cnica capacitadora de Comunicaci\u00f3n en ONGS en \u00e1reas de comunicaci\u00f3n, g\u00e9nero y derechos de la ni\u00f1ez, menciona que existe una brecha extensa en cuanto a la situaci\u00f3n de la mujer dentro de los medios de comunicaci\u00f3n, la cual, en promedio, necesita de 67 a\u00f1os para ser cerrada. Adem\u00e1s, en los resultados preliminares de la investigaci\u00f3n que est\u00e1 realizando la Universidad T\u00e9cnica de Cotopaxi en conjunto con la Universidad Estatal Amaz\u00f3nica, se indica que, si bien existen mujeres presentadoras, periodistas y locutoras, su presencia en la toma de decisiones, en un cargo directivo o incluso en entrevistas es m\u00ednima.<\/p><p>Silvia Vega y Selena V\u00e1squez, en cambio, son las investigadoras que llevaron a cabo un estudio sobre <em><a href=\"https:\/\/radio.corape.org.ec\/contenido\/item\/red-kichwa\">El rol de las mujeres ind\u00edgenas en los medios de comunicaci\u00f3n y su aporte a la equidad de g\u00e9nero: caso de la Red Kichwa de Corape<\/a>, <\/em>el cual tuvo como finalidad identificar el rol de la mujer ind\u00edgena en las radios comunitarias de la Sierra ecuatoriana y hasta qu\u00e9 punto se les ha permitido accionar a favor de la equidad de g\u00e9nero. Los principales hallazgos de este estudio determinan que, si bien, las radios comunitarias son espacios ideales para promover derechos colectivos y realizar contenidos con enfoque de g\u00e9nero, en la mayor\u00eda de estos lugares no se ha logrado generar programas espec\u00edficos de equidad de g\u00e9nero debido a factores religiosos, econ\u00f3micos o machistas dentro de la comunidad. Es por esto que, se busca que las radios comunitarias puedan cambiar su l\u00ednea editorial con enfoque de g\u00e9nero para conseguir eliminar los estereotipos y la escasa participaci\u00f3n dentro de la comunicaci\u00f3n que enfrentan las mujeres ind\u00edgenas.<\/p><p>Acciones como las capacitaciones realizadas por las mismas emisoras y la CORAPE (Coordinadora de Medios Comunitarios Populares y Educativos del Ecuador) han permitido que las mujeres ind\u00edgenas demuestren su capacidad y adaptabilidad para poder desenvolverse en todo \u00e1mbito comunicacional, aunque la mayor\u00eda han sido designadas a roles vinculados a aspectos culturales, lo que ha limitado su participaci\u00f3n en espacios pol\u00edticos, deportivos o econ\u00f3micos.<\/p><p>Si bien existen muchas limitaciones como brechas salariales o estereotipos que se refuerzan en medios de comunicaci\u00f3n locales y nacionales, la lucha de las mujeres por un mundo m\u00e1s equitativo e incluyente es permanente. Se puede comenzar por incursionar a las mujeres a ser actoras de opini\u00f3n, dar valor e importancia a los espacios acad\u00e9micos que traten tem\u00e1ticas sobre g\u00e9nero o tambi\u00e9n impulsar proyectos que puedan vincular a medios p\u00fablicos, privados y a la sociedad en conjunto para cambiar las narrativas que limitan a las mujeres a participar en el campo de la comunicaci\u00f3n.<\/p>\t\t\t\t\t\t\t\t<\/div>\n\t\t\t\t<\/div>\n\t\t\t\t\t<\/div>\n\t\t<\/div>\n\t\t\t\t\t<\/div>\n\t\t<\/section>\n\t\t\t\t<section class=\"elementor-section elementor-top-section elementor-element elementor-element-56462b3 elementor-section-boxed elementor-section-height-default elementor-section-height-default\" data-id=\"56462b3\" data-element_type=\"section\" data-e-type=\"section\">\n\t\t\t\t\t\t<div class=\"elementor-container elementor-column-gap-default\">\n\t\t\t\t\t<div class=\"elementor-column elementor-col-100 elementor-top-column elementor-element elementor-element-db56404\" data-id=\"db56404\" data-element_type=\"column\" data-e-type=\"column\">\n\t\t\t<div class=\"elementor-widget-wrap elementor-element-populated\">\n\t\t\t\t\t\t<div class=\"elementor-element elementor-element-b05e090 elementor-widget elementor-widget-heading\" data-id=\"b05e090\" data-element_type=\"widget\" data-e-type=\"widget\" data-widget_type=\"heading.default\">\n\t\t\t\t<div class=\"elementor-widget-container\">\n\t\t\t\t\t<h2 class=\"elementor-heading-title elementor-size-medium\">La realidad de las mujeres periodistas ecuatorianas en datos<\/h2>\t\t\t\t<\/div>\n\t\t\t\t<\/div>\n\t\t\t\t\t<\/div>\n\t\t<\/div>\n\t\t\t\t\t<\/div>\n\t\t<\/section>\n\t\t\t\t<section class=\"elementor-section elementor-top-section elementor-element elementor-element-a920cfe elementor-section-boxed elementor-section-height-default elementor-section-height-default\" data-id=\"a920cfe\" data-element_type=\"section\" data-e-type=\"section\">\n\t\t\t\t\t\t<div class=\"elementor-container elementor-column-gap-default\">\n\t\t\t\t\t<div class=\"elementor-column elementor-col-100 elementor-top-column elementor-element elementor-element-f406648\" data-id=\"f406648\" data-element_type=\"column\" data-e-type=\"column\">\n\t\t\t<div class=\"elementor-widget-wrap elementor-element-populated\">\n\t\t\t\t\t\t<div class=\"elementor-element elementor-element-9331fd0 elementor-widget elementor-widget-text-editor\" data-id=\"9331fd0\" data-element_type=\"widget\" data-e-type=\"widget\" data-widget_type=\"text-editor.default\">\n\t\t\t\t<div class=\"elementor-widget-container\">\n\t\t\t\t\t\t\t\t\t<ul>\n<li>Entre el 2022 y lo que va del 2023 se han registrado: 90 agresiones contra periodistas mujeres, 21 amenazas contra las periodistas, 11 casos de agresiones por discurso estigmatizante con contenido sexista y 21 casos de agresiones f\u00edsicas (Fuente: Fundamedios.org)<\/li>\n<li>La Fundaci\u00f3n Periodistas Sin Cadenas realiz\u00f3 una encuesta a 29 mujeres sobre la situaci\u00f3n y las proyecciones del oficio en las provincias de Santo Domingo, Loja, Chimborazo y Esmeraldas, que incluy\u00f3 preguntas sobre las violencias que han sufrido; se registra que 10 de ellas fueron v\u00edctimas de acoso laboral; 4 alguna vez fueron v\u00edctimas de acoso sexual; y una de ellas fue v\u00edctima de una agresi\u00f3n f\u00edsica.<\/li>\n<\/ul>\t\t\t\t\t\t\t\t<\/div>\n\t\t\t\t<\/div>\n\t\t\t\t\t<\/div>\n\t\t<\/div>\n\t\t\t\t\t<\/div>\n\t\t<\/section>\n\t\t\t\t<section class=\"elementor-section elementor-top-section elementor-element elementor-element-785c5f0 elementor-section-boxed elementor-section-height-default elementor-section-height-default\" data-id=\"785c5f0\" data-element_type=\"section\" data-e-type=\"section\">\n\t\t\t\t\t\t<div class=\"elementor-container elementor-column-gap-default\">\n\t\t\t\t\t<div class=\"elementor-column elementor-col-100 elementor-top-column elementor-element elementor-element-e574f81\" data-id=\"e574f81\" data-element_type=\"column\" data-e-type=\"column\">\n\t\t\t<div class=\"elementor-widget-wrap elementor-element-populated\">\n\t\t\t\t\t\t<div class=\"elementor-element elementor-element-b7b7ce9 elementor-widget elementor-widget-text-editor\" data-id=\"b7b7ce9\" data-element_type=\"widget\" data-e-type=\"widget\" data-widget_type=\"text-editor.default\">\n\t\t\t\t<div class=\"elementor-widget-container\">\n\t\t\t\t\t\t\t\t\t<p><strong><span class=\"TextRun SCXW254113077 BCX0\" lang=\"ES-ES\" xml:lang=\"ES-ES\" data-contrast=\"none\"><span class=\"NormalTextRun SCXW254113077 BCX0\">Daniela Baculima<br \/><\/span><\/span><\/strong><em>OIME News FACSO-UCE<\/em><\/p>\t\t\t\t\t\t\t\t<\/div>\n\t\t\t\t<\/div>\n\t\t\t\t\t<\/div>\n\t\t<\/div>\n\t\t\t\t\t<\/div>\n\t\t<\/section>\n\t\t\t\t<\/div>\n\t\t","protected":false},"excerpt":{"rendered":"<p>El discurso period\u00edstico es un elemento de poder que permite generar una opini\u00f3n en los lectores sobre un tema determinado. De esta manera, los medios<\/p>\n","protected":false},"author":1,"featured_media":1074,"comment_status":"open","ping_status":"open","sticky":false,"template":"","format":"image","meta":{"footnotes":""},"categories":[8],"tags":[],"class_list":["post-1072","post","type-post","status-publish","format-image","has-post-thumbnail","hentry","category-notas-divulgativas","post_format-post-format-image","three-columns"],"_links":{"self":[{"href":"https:\/\/www.oime.com.ec\/index.php?rest_route=\/wp\/v2\/posts\/1072","targetHints":{"allow":["GET"]}}],"collection":[{"href":"https:\/\/www.oime.com.ec\/index.php?rest_route=\/wp\/v2\/posts"}],"about":[{"href":"https:\/\/www.oime.com.ec\/index.php?rest_route=\/wp\/v2\/types\/post"}],"author":[{"embeddable":true,"href":"https:\/\/www.oime.com.ec\/index.php?rest_route=\/wp\/v2\/users\/1"}],"replies":[{"embeddable":true,"href":"https:\/\/www.oime.com.ec\/index.php?rest_route=%2Fwp%2Fv2%2Fcomments&post=1072"}],"version-history":[{"count":21,"href":"https:\/\/www.oime.com.ec\/index.php?rest_route=\/wp\/v2\/posts\/1072\/revisions"}],"predecessor-version":[{"id":1095,"href":"https:\/\/www.oime.com.ec\/index.php?rest_route=\/wp\/v2\/posts\/1072\/revisions\/1095"}],"wp:featuredmedia":[{"embeddable":true,"href":"https:\/\/www.oime.com.ec\/index.php?rest_route=\/wp\/v2\/media\/1074"}],"wp:attachment":[{"href":"https:\/\/www.oime.com.ec\/index.php?rest_route=%2Fwp%2Fv2%2Fmedia&parent=1072"}],"wp:term":[{"taxonomy":"category","embeddable":true,"href":"https:\/\/www.oime.com.ec\/index.php?rest_route=%2Fwp%2Fv2%2Fcategories&post=1072"},{"taxonomy":"post_tag","embeddable":true,"href":"https:\/\/www.oime.com.ec\/index.php?rest_route=%2Fwp%2Fv2%2Ftags&post=1072"}],"curies":[{"name":"wp","href":"https:\/\/api.w.org\/{rel}","templated":true}]}}