{"id":111,"date":"2022-02-07T01:00:00","date_gmt":"2022-02-07T06:00:00","guid":{"rendered":"https:\/\/oime.com.ec\/wordpress\/?p=111"},"modified":"2022-06-16T16:50:04","modified_gmt":"2022-06-16T21:50:04","slug":"internet-seguro-una-tarea-pendiente-en-ecuador-y-en-america-latina","status":"publish","type":"post","link":"https:\/\/www.oime.com.ec\/?p=111","title":{"rendered":"Internet seguro, una tarea pendiente en Ecuador y en Am\u00e9rica Latina\u00a0"},"content":{"rendered":"\t\t<div data-elementor-type=\"wp-post\" data-elementor-id=\"111\" class=\"elementor elementor-111\">\n\t\t\t\t\t\t<section class=\"elementor-section elementor-top-section elementor-element elementor-element-65d9f003 elementor-section-boxed elementor-section-height-default elementor-section-height-default\" data-id=\"65d9f003\" data-element_type=\"section\" data-e-type=\"section\">\n\t\t\t\t\t\t<div class=\"elementor-container elementor-column-gap-default\">\n\t\t\t\t\t<div class=\"elementor-column elementor-col-100 elementor-top-column elementor-element elementor-element-1c9e1f79\" data-id=\"1c9e1f79\" data-element_type=\"column\" data-e-type=\"column\">\n\t\t\t<div class=\"elementor-widget-wrap elementor-element-populated\">\n\t\t\t\t\t\t<div class=\"elementor-element elementor-element-2f9442c7 elementor-widget elementor-widget-text-editor\" data-id=\"2f9442c7\" data-element_type=\"widget\" data-e-type=\"widget\" data-widget_type=\"text-editor.default\">\n\t\t\t\t<div class=\"elementor-widget-container\">\n\t\t\t\t\t\t\t\t\t<p><\/p>\n<p>Hoy, 8 de febrero, se celebra el D\u00eda Internacional de Internet Segura, con el objetivo de aportar e incentivar a las personas al uso seguro y positivo de las tecnolog\u00edas digitales. A pesar de ser una red de comunicaci\u00f3n de libre acceso y de gran utilidad para los diferentes p\u00fablicos, internet puede poner en riesgo a quienes tienen bajos niveles de conocimiento sobre la protecci\u00f3n de informaci\u00f3n personal en l\u00ednea.\u00a0<\/p>\n<p><\/p>\n<p><\/p>\n<p>Seg\u00fan el informe <a href=\"https:\/\/www.mentinno.com\/estadodigitalecuador\/\" target=\"_blank\" rel=\"noreferrer noopener\">Estado Digital Ecuador 2021<\/a>, ocho de cada 10 personas tienen una conexi\u00f3n a internet y existen alrededor de 15 millones de l\u00edneas celulares activas, incrementando en un 23% las actividades de comercio mediante esta herramienta. En ese escenario digital, entre los riesgos m\u00e1s frecuentes est\u00e1n: el robo de los datos personales, estafas y violencia digital.\u00a0<\/p>\n<p><\/p>\n<p><\/p>\n<p>Rafael Sunt\u00e1sig fue una de las v\u00edctimas de delito inform\u00e1tico que empez\u00f3 con el llamado ciber anzuelo. \u201cMe sent\u00ed atra\u00eddo por un anuncio que encontr\u00e9 en mis redes sociales. Se trataba de un cr\u00e9dito a bajo inter\u00e9s con m\u00e1s facilidades de las que encontrar\u00eda en la banca formal. Sin pensarlo mucho, piqu\u00e9 un bot\u00f3n en la pantalla de mi celular que dec\u00eda \u2018Me interesa\u2019\u201d.\u00a0\u00a0<\/p>\n<p><\/p>\n<p><\/p>\n<p>Luego de esa acci\u00f3n digital, vino la decepci\u00f3n y una estafa cibern\u00e9tica. Los supuestos prestamistas le contactaron para pedirle varios dep\u00f3sitos a una cuenta bancaria, transacciones que en total sumaron USD 100. Luego abandonaron todo contacto. Rafael consult\u00f3 con su familia y acudi\u00f3 al banco en busca de explicaciones, sin embargo, el enga\u00f1o ya se hab\u00eda consumado.\u00a0<\/p>\n<p><\/p>\n<p><\/p>\n<p>Este tipo de estafas ocurren con frecuencia porque existe un gran n\u00famero de personas que tienen acceso a Internet pero, a su vez, tienen amplias demandas de alfabetizaci\u00f3n digital; de 2017 a 2021, por ejemplo, la <a href=\"https:\/\/www.fiscalia.gob.ec\/pdf\/politica-criminal\/Ciberdelitos-Perfil-Criminologico.pdf\" target=\"_blank\" rel=\"noreferrer noopener\">Fiscal\u00eda General del Estado<\/a>\u00a0contabiliz\u00f3 79.784 denuncias de este delito cibern\u00e9tico al que le siguieron acusaciones de apropiaci\u00f3n fraudulenta por medios electr\u00f3nicos, violaci\u00f3n a la intimidad y acceso no consentido a un sistema inform\u00e1tico, telem\u00e1tico o de telecomunicaciones.\u00a0<\/p>\n<p><\/p>\n<p><\/p>\n<p>Eso evidencia que en el pa\u00eds son necesarias la contenci\u00f3n, la prevenci\u00f3n, el tratamiento y la sanci\u00f3n a estas nuevas modalidades de delito, puesto que, en el <a href=\"https:\/\/publications.iadb.org\/publications\/spanish\/document\/Reporte-Ciberseguridad-2020-riesgos-avances-y-el-camino-a-seguir-en-America-Latina-y-el-Caribe.pdf\" target=\"_blank\" rel=\"noreferrer noopener\">Reporte de Ciberseguridad del 2020<\/a>\u00a0se menciona que aunque se ha conseguido un progreso en la mejora de las capacidades cibern\u00e9ticas y la lucha contra las amenazas, en Ecuador a\u00fan no existe una estrategia de seguridad cibern\u00e9tica. Esa situaci\u00f3n es similar en el resto de la regi\u00f3n latinoamericana.\u00a0<\/p>\n<p><\/p>\n<p><\/p>\n<p>Gustavo Rodr\u00edguez, acad\u00e9mico de la Universidad T\u00e9cnica de Cotopaxi, se\u00f1ala que \u201cla detecci\u00f3n y judicializaci\u00f3n de los delitos inform\u00e1ticos se hace compleja porque su rango de acci\u00f3n es global; por ejemplo, desde China, Rusia o Espa\u00f1a, pueden hacer un ataque hacia Ecuador. Puede haber fraude, alg\u00fan tipo de sabotaje o acceso no autorizado a sistemas inform\u00e1ticos, causando da\u00f1os a la integridad de las personas e instituciones\u201d.\u00a0<\/p>\n<p><\/p>\n<p><\/p>\n<p>El Banco Interamericano de Desarrollo (BID) se\u00f1ala que pese a algunos avances sobre ciberseguridad, sobre todo en el sector privado ecuatoriano, no existe a\u00fan certeza sobre la efectividad de sus procesos de respuesta ante incidentes. El sector p\u00fablico ha implementado ciertas mejoras a sus sistemas de gobierno electr\u00f3nico y se han identificado avances en los marcos legales y regulatorios.\u00a0<\/p>\n<p><\/p>\n<p><\/p>\n<p>Considerando los riesgos latentes que conlleva el uso de Internet, algunos consejos para hacer un buen uso de este medio en el campo laboral y en la vida cotidiana son:\u00a0\u00a0<\/p>\n<p><\/p>\n<p><\/p>\n<ol class=\"wp-block-list\">\n<li>Proteger la contrase\u00f1a: utilizar combinaciones que sean dif\u00edciles de interceptar por otros usuarios, mezclando letras y n\u00fameros para mayor seguridad.\u00a0<\/li>\n<\/ol>\n<p><\/p>\n<p><\/p>\n<ol class=\"wp-block-list\" start=\"2\">\n<li>Mantener al d\u00eda las actualizaciones de software, navegadores y sistemas operativos.\u00a0<\/li>\n<\/ol>\n<p><\/p>\n<p><\/p>\n<ol class=\"wp-block-list\" start=\"3\">\n<li>No guardar claves dentro de un dispositivo.\u00a0<\/li>\n<\/ol>\n<p><\/p>\n<p><\/p>\n<ol class=\"wp-block-list\" start=\"4\">\n<li>Tener cuidado frente a correos o sitios web poco confiables.\u00a0<\/li>\n<\/ol>\n<p><\/p>\n<p><\/p>\n<p>Adem\u00e1s, es importante el estar conscientes que as\u00ed como existen diversos beneficios al hacer uso de Internet, hay riesgos inminentes si no tomamos las precauciones necesarias. Es por esto que la protecci\u00f3n de nuestros datos y privacidad en l\u00ednea es esencial para mantener nuestra informaci\u00f3n segura en la red.\u00a0<\/p>\n<p><\/p>\t\t\t\t\t\t\t\t<\/div>\n\t\t\t\t<\/div>\n\t\t\t\t<div class=\"elementor-element elementor-element-9af3851 elementor-widget elementor-widget-text-editor\" data-id=\"9af3851\" data-element_type=\"widget\" data-e-type=\"widget\" data-widget_type=\"text-editor.default\">\n\t\t\t\t<div class=\"elementor-widget-container\">\n\t\t\t\t\t\t\t\t\t<p><strong>LISETH FLORES<br \/><\/strong><em><span class=\"TextRun SCXW257704762 BCX0\" lang=\"ES-ES\" xml:lang=\"ES-ES\" data-contrast=\"none\"><span class=\"NormalTextRun SCXW257704762 BCX0\">Estudiante de Comunicaci\u00f3n<\/span><span class=\"NormalTextRun SCXW257704762 BCX0\"> de la Universidad T\u00e9cnica de Cotopaxi<\/span><span class=\"NormalTextRun SCXW257704762 BCX0\">.<\/span><\/span><\/em><span class=\"EOP SCXW257704762 BCX0\" data-ccp-props=\"{\">\u00a0<\/span><\/p>\t\t\t\t\t\t\t\t<\/div>\n\t\t\t\t<\/div>\n\t\t\t\t\t<\/div>\n\t\t<\/div>\n\t\t\t\t\t<\/div>\n\t\t<\/section>\n\t\t\t\t<\/div>\n\t\t","protected":false},"excerpt":{"rendered":"<p>Hoy, 8 de febrero, se celebra el D\u00eda Internacional de Internet Segura, con el objetivo de aportar e incentivar a las personas al uso seguro<\/p>\n","protected":false},"author":1,"featured_media":552,"comment_status":"open","ping_status":"open","sticky":false,"template":"","format":"standard","meta":{"footnotes":""},"categories":[6],"tags":[],"class_list":["post-111","post","type-post","status-publish","format-standard","has-post-thumbnail","hentry","category-notas-informativas","three-columns"],"_links":{"self":[{"href":"https:\/\/www.oime.com.ec\/index.php?rest_route=\/wp\/v2\/posts\/111","targetHints":{"allow":["GET"]}}],"collection":[{"href":"https:\/\/www.oime.com.ec\/index.php?rest_route=\/wp\/v2\/posts"}],"about":[{"href":"https:\/\/www.oime.com.ec\/index.php?rest_route=\/wp\/v2\/types\/post"}],"author":[{"embeddable":true,"href":"https:\/\/www.oime.com.ec\/index.php?rest_route=\/wp\/v2\/users\/1"}],"replies":[{"embeddable":true,"href":"https:\/\/www.oime.com.ec\/index.php?rest_route=%2Fwp%2Fv2%2Fcomments&post=111"}],"version-history":[{"count":17,"href":"https:\/\/www.oime.com.ec\/index.php?rest_route=\/wp\/v2\/posts\/111\/revisions"}],"predecessor-version":[{"id":706,"href":"https:\/\/www.oime.com.ec\/index.php?rest_route=\/wp\/v2\/posts\/111\/revisions\/706"}],"wp:featuredmedia":[{"embeddable":true,"href":"https:\/\/www.oime.com.ec\/index.php?rest_route=\/wp\/v2\/media\/552"}],"wp:attachment":[{"href":"https:\/\/www.oime.com.ec\/index.php?rest_route=%2Fwp%2Fv2%2Fmedia&parent=111"}],"wp:term":[{"taxonomy":"category","embeddable":true,"href":"https:\/\/www.oime.com.ec\/index.php?rest_route=%2Fwp%2Fv2%2Fcategories&post=111"},{"taxonomy":"post_tag","embeddable":true,"href":"https:\/\/www.oime.com.ec\/index.php?rest_route=%2Fwp%2Fv2%2Ftags&post=111"}],"curies":[{"name":"wp","href":"https:\/\/api.w.org\/{rel}","templated":true}]}}