{"id":1383,"date":"2023-06-15T18:39:20","date_gmt":"2023-06-15T23:39:20","guid":{"rendered":"https:\/\/oime.com.ec\/wordpress\/?p=1383"},"modified":"2023-06-15T18:42:42","modified_gmt":"2023-06-15T23:42:42","slug":"oime-presente-en-la-ii-cumbre-amazonica-periodismo-y-cambio-climatico","status":"publish","type":"post","link":"https:\/\/www.oime.com.ec\/?p=1383","title":{"rendered":"OIME presente en la II Cumbre Amaz\u00f3nica Periodismo y Cambio Clim\u00e1tico"},"content":{"rendered":"\t\t<div data-elementor-type=\"wp-post\" data-elementor-id=\"1383\" class=\"elementor elementor-1383\">\n\t\t\t\t\t\t<section class=\"elementor-section elementor-top-section elementor-element elementor-element-1cd415a elementor-section-boxed elementor-section-height-default elementor-section-height-default\" data-id=\"1cd415a\" data-element_type=\"section\" data-e-type=\"section\">\n\t\t\t\t\t\t<div class=\"elementor-container elementor-column-gap-default\">\n\t\t\t\t\t<div class=\"elementor-column elementor-col-100 elementor-top-column elementor-element elementor-element-eddde9b\" data-id=\"eddde9b\" data-element_type=\"column\" data-e-type=\"column\">\n\t\t\t<div class=\"elementor-widget-wrap elementor-element-populated\">\n\t\t\t\t\t\t<div class=\"elementor-element elementor-element-2a944fb elementor-widget elementor-widget-text-editor\" data-id=\"2a944fb\" data-element_type=\"widget\" data-e-type=\"widget\" data-widget_type=\"text-editor.default\">\n\t\t\t\t<div class=\"elementor-widget-container\">\n\t\t\t\t\t\t\t\t\t<p>El cambio clim\u00e1tico es un desaf\u00edo mundial con implicaciones en la econom\u00eda, la salud, el h\u00e1bitat y otras \u00e1reas. En este escenario, el periodismo desarrolla un papel clave en la transmisi\u00f3n de informaci\u00f3n, conocimientos cient\u00edficos y ancestrales de calidad.<\/p>\n<p>Con esa convicci\u00f3n y en el marco de la participaci\u00f3n en la Coalici\u00f3n <a href=\"https:\/\/ecuadorverifica.org\/\">Ecuador Verifica<\/a>, el Observatorio Interuniversitario de Medios Ecuatorianos (OIME) participa en la <a href=\"https:\/\/www.fundamedios.org.ec\/cumbre\/\">II Cumbre Amaz\u00f3nica Periodismo y Cambio Clim\u00e1tico<\/a>.<\/p>\n<p>Esta actividad se desarrolla del 14 al 16 de junio en Puyo donde m\u00e1s de 46 invitados nacionales e internacionales compartir\u00e1n sus experiencias sobre agua y cambio clim\u00e1tico, cobertura period\u00edstica de tema sobre ambientales, conflictos ambientales de la Amazonia, efectos del cambio clim\u00e1tico en la salud de los pueblos, p\u00e1ramos y el agua y otros temas. En total, 13 talleres, cinco conferencias magistrales, siete mesas de trabajo y siete ponencias acad\u00e9micas que se desarrollar\u00e1n en la Universidades Estatal Amaz\u00f3nica.<\/p>\n<p>La <a href=\"https:\/\/www.fundamedios.org.ec\/cumbre\/\">II Cumbre Amaz\u00f3nica<\/a> es organizada por Fundamedios que acompa\u00f1a el fortalecimiento de la Coalici\u00f3n <a href=\"https:\/\/ecuadorverifica.org\/\">Ecuador Verifica<\/a> coordinada por el medio de verificaci\u00f3n Ecuador Chequea. Esta alianza ha permitido que los estudiantes de la Universidad San Francisco de Quito, Universidad UTE, Universidad Central del Ecuador, Universidad T\u00e9cnica de Cotopaxi y Universidad T\u00e9cnica Particular de Loja se sumen a la lucha contra la desinformaci\u00f3n por medio del ejercicio de verificaci\u00f3n de discursos p\u00fablicos.<\/p>\n<p>En su participaci\u00f3n, OIME ha asistido a La Asambleas de Socios. Ah\u00ed dio a conocer sus aportes realizados a lo largo del a\u00f1o. Estos incluye:<\/p>\n<ul>\n<li>Producci\u00f3n de art\u00edculos y notas de divulgaci\u00f3n cient\u00edfica traducidas y publicadas en <a href=\"https:\/\/oime.com.ec\/wordpress\/?page_id=1134\">kichwa<\/a> en la p\u00e1gina web.<\/li>\n<li>Su participaci\u00f3n en los congresos de ICOMTA&#8217;23 y CINCOMA.<\/li>\n<li>Desarrollo de espacios de divulgaci\u00f3n por medio del programa #Div\u00falgaloTodo transmitido por Twitter Space.<\/li>\n<li>La apertura de la nueva secci\u00f3n de seguridad digital en la p\u00e1gina web del OIME.<\/li>\n<\/ul>\t\t\t\t\t\t\t\t<\/div>\n\t\t\t\t<\/div>\n\t\t\t\t\t<\/div>\n\t\t<\/div>\n\t\t\t\t\t<\/div>\n\t\t<\/section>\n\t\t\t\t<section class=\"elementor-section elementor-top-section elementor-element elementor-element-ccc36e1 elementor-section-boxed elementor-section-height-default elementor-section-height-default\" data-id=\"ccc36e1\" data-element_type=\"section\" data-e-type=\"section\">\n\t\t\t\t\t\t<div class=\"elementor-container elementor-column-gap-default\">\n\t\t\t\t\t<div class=\"elementor-column elementor-col-100 elementor-top-column elementor-element elementor-element-1a3d71f\" data-id=\"1a3d71f\" data-element_type=\"column\" data-e-type=\"column\">\n\t\t\t<div class=\"elementor-widget-wrap elementor-element-populated\">\n\t\t\t\t\t\t<div class=\"elementor-element elementor-element-00b4049 elementor-widget elementor-widget-text-editor\" data-id=\"00b4049\" data-element_type=\"widget\" data-e-type=\"widget\" data-widget_type=\"text-editor.default\">\n\t\t\t\t<div class=\"elementor-widget-container\">\n\t\t\t\t\t\t\t\t\t<p><strong><span class=\"TextRun SCXW254113077 BCX0\" lang=\"ES-ES\" xml:lang=\"ES-ES\" data-contrast=\"none\"><span class=\"NormalTextRun SCXW254113077 BCX0\">Daniela Baculima<br \/><\/span><\/span><\/strong><em>OIME News FACSO-UCE<\/em><\/p>\t\t\t\t\t\t\t\t<\/div>\n\t\t\t\t<\/div>\n\t\t\t\t\t<\/div>\n\t\t<\/div>\n\t\t\t\t\t<\/div>\n\t\t<\/section>\n\t\t\t\t<\/div>\n\t\t","protected":false},"excerpt":{"rendered":"<p>El cambio clim\u00e1tico es un desaf\u00edo mundial con implicaciones en la econom\u00eda, la salud, el h\u00e1bitat y otras \u00e1reas. En este escenario, el periodismo desarrolla<\/p>\n","protected":false},"author":1,"featured_media":1384,"comment_status":"open","ping_status":"open","sticky":false,"template":"","format":"image","meta":{"footnotes":""},"categories":[6],"tags":[],"class_list":["post-1383","post","type-post","status-publish","format-image","has-post-thumbnail","hentry","category-notas-informativas","post_format-post-format-image","three-columns"],"_links":{"self":[{"href":"https:\/\/www.oime.com.ec\/index.php?rest_route=\/wp\/v2\/posts\/1383","targetHints":{"allow":["GET"]}}],"collection":[{"href":"https:\/\/www.oime.com.ec\/index.php?rest_route=\/wp\/v2\/posts"}],"about":[{"href":"https:\/\/www.oime.com.ec\/index.php?rest_route=\/wp\/v2\/types\/post"}],"author":[{"embeddable":true,"href":"https:\/\/www.oime.com.ec\/index.php?rest_route=\/wp\/v2\/users\/1"}],"replies":[{"embeddable":true,"href":"https:\/\/www.oime.com.ec\/index.php?rest_route=%2Fwp%2Fv2%2Fcomments&post=1383"}],"version-history":[{"count":8,"href":"https:\/\/www.oime.com.ec\/index.php?rest_route=\/wp\/v2\/posts\/1383\/revisions"}],"predecessor-version":[{"id":1436,"href":"https:\/\/www.oime.com.ec\/index.php?rest_route=\/wp\/v2\/posts\/1383\/revisions\/1436"}],"wp:featuredmedia":[{"embeddable":true,"href":"https:\/\/www.oime.com.ec\/index.php?rest_route=\/wp\/v2\/media\/1384"}],"wp:attachment":[{"href":"https:\/\/www.oime.com.ec\/index.php?rest_route=%2Fwp%2Fv2%2Fmedia&parent=1383"}],"wp:term":[{"taxonomy":"category","embeddable":true,"href":"https:\/\/www.oime.com.ec\/index.php?rest_route=%2Fwp%2Fv2%2Fcategories&post=1383"},{"taxonomy":"post_tag","embeddable":true,"href":"https:\/\/www.oime.com.ec\/index.php?rest_route=%2Fwp%2Fv2%2Ftags&post=1383"}],"curies":[{"name":"wp","href":"https:\/\/api.w.org\/{rel}","templated":true}]}}