{"id":1515,"date":"2023-08-10T00:49:36","date_gmt":"2023-08-10T05:49:36","guid":{"rendered":"https:\/\/oime.com.ec\/?p=1515"},"modified":"2023-08-15T22:51:21","modified_gmt":"2023-08-16T03:51:21","slug":"violencia-contra-las-mujeres-en-16-universidades-ecuatorianas-del-diagnostico-a-la-accion","status":"publish","type":"post","link":"https:\/\/www.oime.com.ec\/?p=1515","title":{"rendered":"Violencia contra las mujeres en 16 universidades ecuatorianas: del diagn\u00f3stico a la acci\u00f3n"},"content":{"rendered":"\t\t<div data-elementor-type=\"wp-post\" data-elementor-id=\"1515\" class=\"elementor elementor-1515\">\n\t\t\t\t\t\t<section class=\"elementor-section elementor-top-section elementor-element elementor-element-203372d elementor-section-boxed elementor-section-height-default elementor-section-height-default\" data-id=\"203372d\" data-element_type=\"section\" data-e-type=\"section\">\n\t\t\t\t\t\t<div class=\"elementor-container elementor-column-gap-default\">\n\t\t\t\t\t<div class=\"elementor-column elementor-col-100 elementor-top-column elementor-element elementor-element-64f36938\" data-id=\"64f36938\" data-element_type=\"column\" data-e-type=\"column\">\n\t\t\t<div class=\"elementor-widget-wrap elementor-element-populated\">\n\t\t\t\t\t\t<div class=\"elementor-element elementor-element-592b987a elementor-widget elementor-widget-text-editor\" data-id=\"592b987a\" data-element_type=\"widget\" data-e-type=\"widget\" data-widget_type=\"text-editor.default\">\n\t\t\t\t<div class=\"elementor-widget-container\">\n\t\t\t\t\t\t\t\t\t\t\t\t\t\t\t\t\t<\/div>\n\t\t\t\t<\/div>\n\t\t\t\t\t<\/div>\n\t\t<\/div>\n\t\t\t\t\t<\/div>\n\t\t<\/section>\n\t\t\t\t<section class=\"elementor-section elementor-top-section elementor-element elementor-element-939a1b0 elementor-section-boxed elementor-section-height-default elementor-section-height-default\" data-id=\"939a1b0\" data-element_type=\"section\" data-e-type=\"section\">\n\t\t\t\t\t\t<div class=\"elementor-container elementor-column-gap-default\">\n\t\t\t\t\t<div class=\"elementor-column elementor-col-100 elementor-top-column elementor-element elementor-element-277a563\" data-id=\"277a563\" data-element_type=\"column\" data-e-type=\"column\">\n\t\t\t<div class=\"elementor-widget-wrap elementor-element-populated\">\n\t\t\t\t\t\t<div class=\"elementor-element elementor-element-1ff54b5 elementor-widget elementor-widget-text-editor\" data-id=\"1ff54b5\" data-element_type=\"widget\" data-e-type=\"widget\" data-widget_type=\"text-editor.default\">\n\t\t\t\t<div class=\"elementor-widget-container\">\n\t\t\t\t\t\t\t\t\t<p>Al a\u00f1o, la violencia contra las mujeres (VcM) y basada en el g\u00e9nero provoca una p\u00e9rdida de m\u00e1s de 68 millones de d\u00f3lares en costos indirectos para las universidades del Ecuador. Esa cifra forma parte del estudio <em>De la evidencia a la prevenci\u00f3n: \u00bfC\u00f3mo prevenir la violencia contra mujeres en las universidades ecuatorianas?<\/em> que fue dirigido por Ar\u00edstides Vara Horna, investigador de la Universidad San Mart\u00edn de Porres de Per\u00fa, por encargo del Programa Prevenir la Violencia contra las Mujeres (<a href=\"https:\/\/www.giz.de\/en\/downloads\/giz2019-ES-PreViMujer.pdf\">PreviMujer<\/a>),\u00a0de la GIZ.<\/p>\n<p>El estudio fue desarrollado en Ecuador e incluy\u00f3 encuestas a 23.261 estudiantes y 4.064 docentes y personal administrativo de 16 universidades ecuatorianas, con 22 sedes.<\/p>\n<p>Uno de los principales hallazgos, seg\u00fan explica Ar\u00edstides Vara, es que una de cada tres universitarias ha sido agredida por sus parejas u otros integrantes de la comunidad universitaria. Esta prevalencia de violencia no se limita a las estudiantes mujeres; pues se identific\u00f3 tambi\u00e9n esta situaci\u00f3n entre las docentes y el personal femenino del \u00e1rea administrativa.<\/p>\n<p>As\u00ed, por ejemplo, un 33,7 % de alumnas y un 30,4 % de docentes y personal administrativo sufrieron agresi\u00f3n de sus parejas\/exparejas mientras que el 31,2 % de estudiantes y un 19,3 % de docentes y personal administrativo fueron agredidas por integrantes de la comunidad universitaria dentro de los centros educativos. En total, 11.690 estudiantes mujeres y 2.021 personal femenino de las \u00e1reas docentes y administrativas fueron parte de la muestra final que sustent\u00f3 el diagn\u00f3stico.<\/p>\n<p>Entre los tipos de violencia identificados est\u00e1n: el acecho, el acoso, la violencia psicol\u00f3gica, sexual, f\u00edsica y econ\u00f3mica.<\/p>\t\t\t\t\t\t\t\t<\/div>\n\t\t\t\t<\/div>\n\t\t\t\t\t<\/div>\n\t\t<\/div>\n\t\t\t\t\t<\/div>\n\t\t<\/section>\n\t\t\t\t<section class=\"elementor-section elementor-top-section elementor-element elementor-element-3f7718f elementor-section-boxed elementor-section-height-default elementor-section-height-default\" data-id=\"3f7718f\" data-element_type=\"section\" data-e-type=\"section\">\n\t\t\t\t\t\t<div class=\"elementor-container elementor-column-gap-default\">\n\t\t\t\t\t<div class=\"elementor-column elementor-col-50 elementor-top-column elementor-element elementor-element-fe841fb\" data-id=\"fe841fb\" data-element_type=\"column\" data-e-type=\"column\">\n\t\t\t<div class=\"elementor-widget-wrap elementor-element-populated\">\n\t\t\t\t\t\t<div class=\"elementor-element elementor-element-aa90ff7 elementor-widget elementor-widget-image\" data-id=\"aa90ff7\" data-element_type=\"widget\" data-e-type=\"widget\" data-widget_type=\"image.default\">\n\t\t\t\t<div class=\"elementor-widget-container\">\n\t\t\t\t\t\t\t\t\t\t\t\t\t\t\t<img fetchpriority=\"high\" decoding=\"async\" width=\"345\" height=\"330\" src=\"https:\/\/www.oime.com.ec\/wp-content\/uploads\/WhatsApp-Image-2023-08-10-at-00.51.14.jpeg\" class=\"attachment-large size-large wp-image-1519\" alt=\"\" srcset=\"https:\/\/www.oime.com.ec\/wp-content\/uploads\/WhatsApp-Image-2023-08-10-at-00.51.14.jpeg 345w, https:\/\/www.oime.com.ec\/wp-content\/uploads\/WhatsApp-Image-2023-08-10-at-00.51.14-300x287.jpeg 300w\" sizes=\"(max-width: 345px) 100vw, 345px\" \/>\t\t\t\t\t\t\t\t\t\t\t\t\t\t\t<\/div>\n\t\t\t\t<\/div>\n\t\t\t\t\t<\/div>\n\t\t<\/div>\n\t\t\t\t<div class=\"elementor-column elementor-col-50 elementor-top-column elementor-element elementor-element-1591164\" data-id=\"1591164\" data-element_type=\"column\" data-e-type=\"column\">\n\t\t\t<div class=\"elementor-widget-wrap elementor-element-populated\">\n\t\t\t\t\t\t<div class=\"elementor-element elementor-element-a78760a elementor-widget elementor-widget-image\" data-id=\"a78760a\" data-element_type=\"widget\" data-e-type=\"widget\" data-widget_type=\"image.default\">\n\t\t\t\t<div class=\"elementor-widget-container\">\n\t\t\t\t\t\t\t\t\t\t\t\t\t\t\t<img decoding=\"async\" width=\"468\" height=\"297\" src=\"https:\/\/www.oime.com.ec\/wp-content\/uploads\/WhatsApp-Image-2023-08-10-at-00.51.21.jpeg\" class=\"attachment-large size-large wp-image-1518\" alt=\"\" srcset=\"https:\/\/www.oime.com.ec\/wp-content\/uploads\/WhatsApp-Image-2023-08-10-at-00.51.21.jpeg 468w, https:\/\/www.oime.com.ec\/wp-content\/uploads\/WhatsApp-Image-2023-08-10-at-00.51.21-300x190.jpeg 300w\" sizes=\"(max-width: 468px) 100vw, 468px\" \/>\t\t\t\t\t\t\t\t\t\t\t\t\t\t\t<\/div>\n\t\t\t\t<\/div>\n\t\t\t\t\t<\/div>\n\t\t<\/div>\n\t\t\t\t\t<\/div>\n\t\t<\/section>\n\t\t\t\t<section class=\"elementor-section elementor-top-section elementor-element elementor-element-3ae64dd elementor-section-boxed elementor-section-height-default elementor-section-height-default\" data-id=\"3ae64dd\" data-element_type=\"section\" data-e-type=\"section\">\n\t\t\t\t\t\t<div class=\"elementor-container elementor-column-gap-default\">\n\t\t\t\t\t<div class=\"elementor-column elementor-col-100 elementor-top-column elementor-element elementor-element-9df4202\" data-id=\"9df4202\" data-element_type=\"column\" data-e-type=\"column\">\n\t\t\t<div class=\"elementor-widget-wrap elementor-element-populated\">\n\t\t\t\t\t\t<div class=\"elementor-element elementor-element-ef53c3e elementor-widget elementor-widget-html\" data-id=\"ef53c3e\" data-element_type=\"widget\" data-e-type=\"widget\" data-widget_type=\"html.default\">\n\t\t\t\t<div class=\"elementor-widget-container\">\n\t\t\t\t\t<div style=\"width: 100%;\"><div style=\"position: relative; padding-bottom: 56.25%; padding-top: 0; height: 0;\"><iframe title=\"Violencia contra la mujer 1\" frameborder=\"0\" width=\"1200px\" height=\"675px\" style=\"position: absolute; top: 0; left: 0; width: 100%; height: 100%;\" src=\"https:\/\/view.genial.ly\/64d3eda4b6c8a0001917ff91\" type=\"text\/html\" allowscriptaccess=\"always\" allowfullscreen=\"true\" scrolling=\"yes\" allownetworking=\"all\"><\/iframe> <\/div> <\/div>\t\t\t\t<\/div>\n\t\t\t\t<\/div>\n\t\t\t\t\t<\/div>\n\t\t<\/div>\n\t\t\t\t\t<\/div>\n\t\t<\/section>\n\t\t\t\t<section class=\"elementor-section elementor-top-section elementor-element elementor-element-6009ef5 elementor-section-boxed elementor-section-height-default elementor-section-height-default\" data-id=\"6009ef5\" data-element_type=\"section\" data-e-type=\"section\">\n\t\t\t\t\t\t<div class=\"elementor-container elementor-column-gap-default\">\n\t\t\t\t\t<div class=\"elementor-column elementor-col-100 elementor-top-column elementor-element elementor-element-1c055b2\" data-id=\"1c055b2\" data-element_type=\"column\" data-e-type=\"column\">\n\t\t\t<div class=\"elementor-widget-wrap elementor-element-populated\">\n\t\t\t\t\t\t<div class=\"elementor-element elementor-element-61aaba3 elementor-widget elementor-widget-html\" data-id=\"61aaba3\" data-element_type=\"widget\" data-e-type=\"widget\" data-widget_type=\"html.default\">\n\t\t\t\t<div class=\"elementor-widget-container\">\n\t\t\t\t\t<div style=\"width: 100%;\"><div style=\"position: relative; padding-bottom: 56.25%; padding-top: 0; height: 0;\"><iframe title=\"Violencia contra la mujer 2\" frameborder=\"0\" width=\"1200px\" height=\"675px\" style=\"position: absolute; top: 0; left: 0; width: 100%; height: 100%;\" src=\"https:\/\/view.genial.ly\/64d4727ab6fb810013ccc6d6\" type=\"text\/html\" allowscriptaccess=\"always\" allowfullscreen=\"true\" scrolling=\"yes\" allownetworking=\"all\"><\/iframe> <\/div> <\/div>\t\t\t\t<\/div>\n\t\t\t\t<\/div>\n\t\t\t\t\t<\/div>\n\t\t<\/div>\n\t\t\t\t\t<\/div>\n\t\t<\/section>\n\t\t\t\t<section class=\"elementor-section elementor-top-section elementor-element elementor-element-048e3d4 elementor-section-boxed elementor-section-height-default elementor-section-height-default\" data-id=\"048e3d4\" data-element_type=\"section\" data-e-type=\"section\">\n\t\t\t\t\t\t<div class=\"elementor-container elementor-column-gap-default\">\n\t\t\t\t\t<div class=\"elementor-column elementor-col-100 elementor-top-column elementor-element elementor-element-bb75cdb\" data-id=\"bb75cdb\" data-element_type=\"column\" data-e-type=\"column\">\n\t\t\t<div class=\"elementor-widget-wrap elementor-element-populated\">\n\t\t\t\t\t\t<div class=\"elementor-element elementor-element-712c81c elementor-widget elementor-widget-text-editor\" data-id=\"712c81c\" data-element_type=\"widget\" data-e-type=\"widget\" data-widget_type=\"text-editor.default\">\n\t\t\t\t<div class=\"elementor-widget-container\">\n\t\t\t\t\t\t\t\t\t<p><strong>Los costos de la violencia contra las mujeres <\/strong><\/p>\n<p>Este estudio dej\u00f3 en evidencia, tambi\u00e9n, el enorme impacto que la VcM genera en la productividad de la comunidad acad\u00e9mica. Esto se midi\u00f3 a partir de una escala de ausentismo compuesta por 12 \u00edtems o indicadores que forman parte de cinco dimensiones: a) ausentismo por salud propia; b) ausentismo por salud de familiares; c) ausentismo por otras razones; d) ausentismo por conflicto; e) tardanza.<\/p>\n<p>Como resultado, se obtuvo que la p\u00e9rdida de horas clase y el incumplimiento de tareas son factores que afectan gradualmente el rendimiento de las alumnas. En cuanto a las docentes o el personal administrativo, esa escala identific\u00f3 el monto de trabajo perdido por d\u00eda ausente, a causa de diversas razones o por tardanza, en las \u00faltimas cuatro semanas.\u00a0<\/p>\n<p>\u00a0En el caso de violencia por parte de la pareja o expareja, los docentes o administrativos agredidos pierden 2,3 d\u00edas h\u00e1biles por ausentismo y 4,9 d\u00edas h\u00e1biles por participaci\u00f3n y a\u00f1o. Al considerar ambos tipos de violencia simult\u00e1neamente (parejas y miembros de la comunidad universitaria), el impacto es mucho mayor: la violencia contra las mujeres representa 7,3 d\u00edas perdidos por ausentismo y 20,7 d\u00edas causados \u200b\u200bpor ausentismo al a\u00f1o.<\/p>\t\t\t\t\t\t\t\t<\/div>\n\t\t\t\t<\/div>\n\t\t\t\t\t<\/div>\n\t\t<\/div>\n\t\t\t\t\t<\/div>\n\t\t<\/section>\n\t\t\t\t<section class=\"elementor-section elementor-top-section elementor-element elementor-element-40ff435 elementor-section-boxed elementor-section-height-default elementor-section-height-default\" data-id=\"40ff435\" data-element_type=\"section\" data-e-type=\"section\">\n\t\t\t\t\t\t<div class=\"elementor-container elementor-column-gap-default\">\n\t\t\t\t\t<div class=\"elementor-column elementor-col-100 elementor-top-column elementor-element elementor-element-7caf3a9\" data-id=\"7caf3a9\" data-element_type=\"column\" data-e-type=\"column\">\n\t\t\t<div class=\"elementor-widget-wrap elementor-element-populated\">\n\t\t\t\t\t\t<div class=\"elementor-element elementor-element-8a011d5 elementor-widget elementor-widget-html\" data-id=\"8a011d5\" data-element_type=\"widget\" data-e-type=\"widget\" data-widget_type=\"html.default\">\n\t\t\t\t<div class=\"elementor-widget-container\">\n\t\t\t\t\t<div style=\"width: 100%;\"><div style=\"position: relative; padding-bottom: 56.25%; padding-top: 0; height: 0;\"><iframe title=\"Violencia contra la mujer 3\" frameborder=\"0\" width=\"1200px\" height=\"675px\" style=\"position: absolute; top: 0; left: 0; width: 100%; height: 100%;\" src=\"https:\/\/view.genial.ly\/64d4776507a2bd0011432ebe\" type=\"text\/html\" allowscriptaccess=\"always\" allowfullscreen=\"true\" scrolling=\"yes\" allownetworking=\"all\"><\/iframe> <\/div> <\/div>\t\t\t\t<\/div>\n\t\t\t\t<\/div>\n\t\t\t\t\t<\/div>\n\t\t<\/div>\n\t\t\t\t\t<\/div>\n\t\t<\/section>\n\t\t\t\t<section class=\"elementor-section elementor-top-section elementor-element elementor-element-5074520 elementor-section-boxed elementor-section-height-default elementor-section-height-default\" data-id=\"5074520\" data-element_type=\"section\" data-e-type=\"section\">\n\t\t\t\t\t\t<div class=\"elementor-container elementor-column-gap-default\">\n\t\t\t\t\t<div class=\"elementor-column elementor-col-100 elementor-top-column elementor-element elementor-element-4043373\" data-id=\"4043373\" data-element_type=\"column\" data-e-type=\"column\">\n\t\t\t<div class=\"elementor-widget-wrap elementor-element-populated\">\n\t\t\t\t\t\t<div class=\"elementor-element elementor-element-9a49a73 elementor-widget elementor-widget-text-editor\" data-id=\"9a49a73\" data-element_type=\"widget\" data-e-type=\"widget\" data-widget_type=\"text-editor.default\">\n\t\t\t\t<div class=\"elementor-widget-container\">\n\t\t\t\t\t\t\t\t\t<p>Ante esos datos cuantitativos y cualitativos, el investigador afirma que es necesario que las universidades asuman su responsabilidad, adem\u00e1s de otras acciones en la sociedad para generar conciencia y espacios de reflexi\u00f3n que empoderen la visi\u00f3n de la lucha contra la violencia y el acoso dentro de las aulas.<\/p>\n<p><strong>No al silencio, s\u00ed a la solidaridad colectiva<\/strong><\/p>\n<p>Una de las principales causas de la violencia contra las mujeres en las universidades es la cultura de impunidad y silencio que los rodea. En muchos casos, las sobrevivientes no se sienten seguras para denunciar estos incidentes debido al temor a represalias, al estigma social o a la falta de confianza en que las autoridades tomar\u00e1n medidas adecuadas. Esta falta de denuncia contribuye a perpetuar el problema y permite que los agresores contin\u00faen actuando impunemente.<\/p>\n<p>Nicole Abad y Ljubica Fuentes, integrantes de la <a href=\"https:\/\/www.instagram.com\/cfu.ec\/\">Coalici\u00f3n Feminista Universitaria<\/a>, se\u00f1alan la importancia de tener una lucha constante y solidaria acerca todas las formas de violencia contra las mujeres y basada en g\u00e9nero dentro de las universidades. Su colectivo est\u00e1 formado por estudiantes universitarias que luchan por los derechos y la igualdad de g\u00e9nero en el \u00e1mbito acad\u00e9mico y social, por medio de capacitaciones y talleres o propuestas de leyes.<\/p>\n<p>Abad y Fuentes se\u00f1alan que factores como el machismo arraigado en la sociedad, el abuso de poder y la normalizaci\u00f3n de la violencia contribuyen a generar un clima propicio para este tipo de violencia. Es crucial que se aborden estos problemas desde sus ra\u00edces y se promueva una cultura de respeto, igualdad y consentimiento en todas las instancias educativas. Las redes sociales de esta organizaci\u00f3n tambi\u00e9n est\u00e1n abiertas para brindar ayuda y sororidad a las sobrevivientes. En el caso del estudio <em>\u00bfC\u00f3mo prevenir la violencia contra mujeres en las universidades ecuatorianas?, <\/em>por ejemplo, se evidencia que las estudiantes mujeres que atraviesan por violencia en sus relaciones de pareja o infligida por alguien de la comunidad universitaria tienden a justificar m\u00e1s la violencia sexual frente a las estudiantes sin ese tipo de experiencias. Desde estas \u00faltimas alumnas, en cambio, se culpabiliza a las mujeres de la violencia sexual.<\/p>\t\t\t\t\t\t\t\t<\/div>\n\t\t\t\t<\/div>\n\t\t\t\t\t<\/div>\n\t\t<\/div>\n\t\t\t\t\t<\/div>\n\t\t<\/section>\n\t\t\t\t<section class=\"elementor-section elementor-top-section elementor-element elementor-element-3f849f2 elementor-section-boxed elementor-section-height-default elementor-section-height-default\" data-id=\"3f849f2\" data-element_type=\"section\" data-e-type=\"section\">\n\t\t\t\t\t\t<div class=\"elementor-container elementor-column-gap-default\">\n\t\t\t\t\t<div class=\"elementor-column elementor-col-100 elementor-top-column elementor-element elementor-element-f6bbff0\" data-id=\"f6bbff0\" data-element_type=\"column\" data-e-type=\"column\">\n\t\t\t<div class=\"elementor-widget-wrap elementor-element-populated\">\n\t\t\t\t\t\t<div class=\"elementor-element elementor-element-25ab765 elementor-widget elementor-widget-image\" data-id=\"25ab765\" data-element_type=\"widget\" data-e-type=\"widget\" data-widget_type=\"image.default\">\n\t\t\t\t<div class=\"elementor-widget-container\">\n\t\t\t\t\t\t\t\t\t\t\t\t\t\t\t<img decoding=\"async\" width=\"347\" height=\"320\" src=\"https:\/\/www.oime.com.ec\/wp-content\/uploads\/WhatsApp-Image-2023-08-10-at-00.54.39.jpeg\" class=\"attachment-large size-large wp-image-1521\" alt=\"\" srcset=\"https:\/\/www.oime.com.ec\/wp-content\/uploads\/WhatsApp-Image-2023-08-10-at-00.54.39.jpeg 347w, https:\/\/www.oime.com.ec\/wp-content\/uploads\/WhatsApp-Image-2023-08-10-at-00.54.39-300x277.jpeg 300w\" sizes=\"(max-width: 347px) 100vw, 347px\" \/>\t\t\t\t\t\t\t\t\t\t\t\t\t\t\t<\/div>\n\t\t\t\t<\/div>\n\t\t\t\t\t<\/div>\n\t\t<\/div>\n\t\t\t\t\t<\/div>\n\t\t<\/section>\n\t\t\t\t<section class=\"elementor-section elementor-top-section elementor-element elementor-element-3176995 elementor-section-boxed elementor-section-height-default elementor-section-height-default\" data-id=\"3176995\" data-element_type=\"section\" data-e-type=\"section\">\n\t\t\t\t\t\t<div class=\"elementor-container elementor-column-gap-default\">\n\t\t\t\t\t<div class=\"elementor-column elementor-col-100 elementor-top-column elementor-element elementor-element-a6f5d21\" data-id=\"a6f5d21\" data-element_type=\"column\" data-e-type=\"column\">\n\t\t\t<div class=\"elementor-widget-wrap elementor-element-populated\">\n\t\t\t\t\t\t<div class=\"elementor-element elementor-element-b1491e2 elementor-widget elementor-widget-text-editor\" data-id=\"b1491e2\" data-element_type=\"widget\" data-e-type=\"widget\" data-widget_type=\"text-editor.default\">\n\t\t\t\t<div class=\"elementor-widget-container\">\n\t\t\t\t\t\t\t\t\t<p><strong>Espacios de ayuda al interior de los centros educativos<\/strong><\/p>\n<p>G\u00e9nesis Vaca es fundadora de la <a href=\"https:\/\/www.instagram.com\/afem.ecu\/\">Asociaci\u00f3n Feminista de Estudiantes de Medicina<\/a>, donde tambi\u00e9n se trabaja por visibilizar la violencia machista que existe dentro de las aulas. Al principio, esta organizaci\u00f3n se conform\u00f3 con mujeres estudiantes de medicina de la Universidad Central del Ecuador, pero hoy en d\u00eda ha ido creciendo por varios casos de violencia de todas las facultades.<\/p>\n<p>Hay quienes se convirtieron en miembros de la asociaci\u00f3n para tener la difusi\u00f3n y alcance necesarios para erradicar todos los signos de violencia y tener una educaci\u00f3n digna para las futuras generaciones. AFEM mencionan que, para abordar eficazmente la VcM en las universidades ecuatorianas, se deben implementar medidas integrales que fomenten la prevenci\u00f3n, la denuncia segura y la atenci\u00f3n adecuada a las sobrevivientes.<\/p>\t\t\t\t\t\t\t\t<\/div>\n\t\t\t\t<\/div>\n\t\t\t\t\t<\/div>\n\t\t<\/div>\n\t\t\t\t\t<\/div>\n\t\t<\/section>\n\t\t\t\t<section class=\"elementor-section elementor-top-section elementor-element elementor-element-1a05be2 elementor-section-boxed elementor-section-height-default elementor-section-height-default\" data-id=\"1a05be2\" data-element_type=\"section\" data-e-type=\"section\">\n\t\t\t\t\t\t<div class=\"elementor-container elementor-column-gap-default\">\n\t\t\t\t\t<div class=\"elementor-column elementor-col-50 elementor-top-column elementor-element elementor-element-cd0abec\" data-id=\"cd0abec\" data-element_type=\"column\" data-e-type=\"column\">\n\t\t\t<div class=\"elementor-widget-wrap elementor-element-populated\">\n\t\t\t\t\t\t<div class=\"elementor-element elementor-element-970d6c3 elementor-widget elementor-widget-image\" data-id=\"970d6c3\" data-element_type=\"widget\" data-e-type=\"widget\" data-widget_type=\"image.default\">\n\t\t\t\t<div class=\"elementor-widget-container\">\n\t\t\t\t\t\t\t\t\t\t\t\t\t\t\t<img loading=\"lazy\" decoding=\"async\" width=\"355\" height=\"414\" src=\"https:\/\/www.oime.com.ec\/wp-content\/uploads\/WhatsApp-Image-2023-08-10-at-00.56.20.jpeg\" class=\"attachment-large size-large wp-image-1523\" alt=\"\" srcset=\"https:\/\/www.oime.com.ec\/wp-content\/uploads\/WhatsApp-Image-2023-08-10-at-00.56.20.jpeg 355w, https:\/\/www.oime.com.ec\/wp-content\/uploads\/WhatsApp-Image-2023-08-10-at-00.56.20-257x300.jpeg 257w\" sizes=\"(max-width: 355px) 100vw, 355px\" \/>\t\t\t\t\t\t\t\t\t\t\t\t\t\t\t<\/div>\n\t\t\t\t<\/div>\n\t\t\t\t\t<\/div>\n\t\t<\/div>\n\t\t\t\t<div class=\"elementor-column elementor-col-50 elementor-top-column elementor-element elementor-element-c7d75d6\" data-id=\"c7d75d6\" data-element_type=\"column\" data-e-type=\"column\">\n\t\t\t<div class=\"elementor-widget-wrap elementor-element-populated\">\n\t\t\t\t\t\t<div class=\"elementor-element elementor-element-d5698fc elementor-widget elementor-widget-image\" data-id=\"d5698fc\" data-element_type=\"widget\" data-e-type=\"widget\" data-widget_type=\"image.default\">\n\t\t\t\t<div class=\"elementor-widget-container\">\n\t\t\t\t\t\t\t\t\t\t\t\t\t\t\t<img loading=\"lazy\" decoding=\"async\" width=\"351\" height=\"416\" src=\"https:\/\/www.oime.com.ec\/wp-content\/uploads\/WhatsApp-Image-2023-08-10-at-00.56.25.jpeg\" class=\"attachment-large size-large wp-image-1522\" alt=\"\" srcset=\"https:\/\/www.oime.com.ec\/wp-content\/uploads\/WhatsApp-Image-2023-08-10-at-00.56.25.jpeg 351w, https:\/\/www.oime.com.ec\/wp-content\/uploads\/WhatsApp-Image-2023-08-10-at-00.56.25-253x300.jpeg 253w\" sizes=\"(max-width: 351px) 100vw, 351px\" \/>\t\t\t\t\t\t\t\t\t\t\t\t\t\t\t<\/div>\n\t\t\t\t<\/div>\n\t\t\t\t\t<\/div>\n\t\t<\/div>\n\t\t\t\t\t<\/div>\n\t\t<\/section>\n\t\t\t\t<section class=\"elementor-section elementor-top-section elementor-element elementor-element-b6b51d8 elementor-section-boxed elementor-section-height-default elementor-section-height-default\" data-id=\"b6b51d8\" data-element_type=\"section\" data-e-type=\"section\">\n\t\t\t\t\t\t<div class=\"elementor-container elementor-column-gap-default\">\n\t\t\t\t\t<div class=\"elementor-column elementor-col-100 elementor-top-column elementor-element elementor-element-494a08f\" data-id=\"494a08f\" data-element_type=\"column\" data-e-type=\"column\">\n\t\t\t<div class=\"elementor-widget-wrap elementor-element-populated\">\n\t\t\t\t\t\t<div class=\"elementor-element elementor-element-eb52ff4 elementor-widget elementor-widget-text-editor\" data-id=\"eb52ff4\" data-element_type=\"widget\" data-e-type=\"widget\" data-widget_type=\"text-editor.default\">\n\t\t\t\t<div class=\"elementor-widget-container\">\n\t\t\t\t\t\t\t\t\t<p>Desde esos espacios se menciona que es fundamental que las universidades establezcan pol\u00edticas y protocolos claros para abordar estos problemas, as\u00ed como programas de capacitaci\u00f3n para concienciar a la comunidad educativa sobre la importancia de prevenir y combatir el acoso y la violencia sexual. Es esencial promover una cultura de apoyo y solidaridad entre los miembros de la comunidad universitaria, donde se fomente el respeto mutuo y se rechace cualquier forma de violencia. La educaci\u00f3n en temas de\u00a0 igualdad de g\u00e9nero y comportamientos respetuosos debe ser parte integral del curr\u00edculo acad\u00e9mico para contribuir a un cambio cultural duradero.<\/p>\n<p><strong>El modelo propuesto en el diagn\u00f3stico ecuatoriano<\/strong><\/p>\n<p>La prevenci\u00f3n de la violencia contra las mujeres en las universidades consiste en la transferencia de costos indirectos a costos directos. Esta transferencia de costos permitir\u00e1 que disminuyan costos no controlados y altamente da\u00f1inos en t\u00e9rminos de salud y bienestar (costos indirectos consecuencia de la VcM) y que aumenten costos directos de prevenci\u00f3n, que son recursos destinados para evitar que la violencia ocurra o para atenderla cuando ocurra o mitigar sus efectos da\u00f1inos.<\/p>\n<p>El establecimiento de protocolos claros para la denuncia y la investigaci\u00f3n de casos es fundamental. Las sobrevivientes deben sentirse seguras al informar y confiar en que sus casos ser\u00e1n tratados con seriedad y confidencialidad. Asimismo, la disponibilidad de apoyo psicol\u00f3gico y legal es crucial para ayudar a las sobrevivientes a superar los efectos traum\u00e1ticos de estos incidentes.<\/p>\n<p>La colaboraci\u00f3n entre las universidades, las autoridades y las organizaciones especializadas en g\u00e9nero y derechos humanos es esencial para construir un enfoque integral y efectivo. La erradicaci\u00f3n del acoso y la violencia sexual requiere un compromiso colectivo y una cultura de respeto y tolerancia cero.<\/p>\n<p>La seguridad y bienestar de los estudiantes deben ser una prioridad, y es fundamental que las instituciones educativas implementen pol\u00edticas y mecanismos efectivos para prevenir, abordar y erradicar estas conductas. Adem\u00e1s, se debe promover una cultura de respeto, igualdad y consentimiento en el entorno universitario, para crear un ambiente seguro y propicio para el aprendizaje y el desarrollo personal de todos los estudiantes. La colaboraci\u00f3n entre las autoridades, el personal docente, los estudiantes, las organizaciones feministas, entre otros colectivos, es esencial para enfrentar este desaf\u00edo y lograr un cambio en las universidades ecuatorianas.<\/p>\n<p>En ese marco desde PreViMujer\/GIZ se proponen cuatro pasos para que las univesidades tengan cero tolerancia hacia la violencia contra las mujeres: proveer servicios oportunos, convocar a la alta direcci\u00f3n, visualizar el problema y cambiar normas sociales. De manera adicional, se requiere organizaci\u00f3n, docencia informada, investigaci\u00f3n y vinculaci\u00f3n como parte d ela cadena de valor de las universidades.<\/p>\t\t\t\t\t\t\t\t<\/div>\n\t\t\t\t<\/div>\n\t\t\t\t\t<\/div>\n\t\t<\/div>\n\t\t\t\t\t<\/div>\n\t\t<\/section>\n\t\t\t\t<section class=\"elementor-section elementor-top-section elementor-element elementor-element-6e220c8 elementor-section-boxed elementor-section-height-default elementor-section-height-default\" data-id=\"6e220c8\" data-element_type=\"section\" data-e-type=\"section\">\n\t\t\t\t\t\t<div class=\"elementor-container elementor-column-gap-default\">\n\t\t\t\t\t<div class=\"elementor-column elementor-col-100 elementor-top-column elementor-element elementor-element-f2a5387\" data-id=\"f2a5387\" data-element_type=\"column\" data-e-type=\"column\">\n\t\t\t<div class=\"elementor-widget-wrap elementor-element-populated\">\n\t\t\t\t\t\t<div class=\"elementor-element elementor-element-6265422 elementor-widget elementor-widget-image\" data-id=\"6265422\" data-element_type=\"widget\" data-e-type=\"widget\" data-widget_type=\"image.default\">\n\t\t\t\t<div class=\"elementor-widget-container\">\n\t\t\t\t\t\t\t\t\t\t\t\t\t\t\t<img loading=\"lazy\" decoding=\"async\" width=\"484\" height=\"592\" src=\"https:\/\/www.oime.com.ec\/wp-content\/uploads\/WhatsApp-Image-2023-08-14-at-11.51.18.jpeg\" class=\"attachment-large size-large wp-image-1577\" alt=\"\" srcset=\"https:\/\/www.oime.com.ec\/wp-content\/uploads\/WhatsApp-Image-2023-08-14-at-11.51.18.jpeg 484w, https:\/\/www.oime.com.ec\/wp-content\/uploads\/WhatsApp-Image-2023-08-14-at-11.51.18-245x300.jpeg 245w\" sizes=\"(max-width: 484px) 100vw, 484px\" \/>\t\t\t\t\t\t\t\t\t\t\t\t\t\t\t<\/div>\n\t\t\t\t<\/div>\n\t\t\t\t\t<\/div>\n\t\t<\/div>\n\t\t\t\t\t<\/div>\n\t\t<\/section>\n\t\t\t\t<section class=\"elementor-section elementor-top-section elementor-element elementor-element-0dd9a4e elementor-section-boxed elementor-section-height-default elementor-section-height-default\" data-id=\"0dd9a4e\" data-element_type=\"section\" data-e-type=\"section\">\n\t\t\t\t\t\t<div class=\"elementor-container elementor-column-gap-default\">\n\t\t\t\t\t<div class=\"elementor-column elementor-col-100 elementor-top-column elementor-element elementor-element-f9305c3\" data-id=\"f9305c3\" data-element_type=\"column\" data-e-type=\"column\">\n\t\t\t<div class=\"elementor-widget-wrap elementor-element-populated\">\n\t\t\t\t\t\t<div class=\"elementor-element elementor-element-36f9235 elementor-widget elementor-widget-text-editor\" data-id=\"36f9235\" data-element_type=\"widget\" data-e-type=\"widget\" data-widget_type=\"text-editor.default\">\n\t\t\t\t<div class=\"elementor-widget-container\">\n\t\t\t\t\t\t\t\t\t<p><strong>G\u00e9nesis Calder\u00f3n<br \/><\/strong><em>OIME \u2013 UCE<\/em><\/p>\t\t\t\t\t\t\t\t<\/div>\n\t\t\t\t<\/div>\n\t\t\t\t\t<\/div>\n\t\t<\/div>\n\t\t\t\t\t<\/div>\n\t\t<\/section>\n\t\t\t\t<\/div>\n\t\t","protected":false},"excerpt":{"rendered":"<p>Al a\u00f1o, la violencia contra las mujeres (VcM) y basada en el g\u00e9nero provoca una p\u00e9rdida de m\u00e1s de 68 millones de d\u00f3lares en costos<\/p>\n","protected":false},"author":1,"featured_media":1601,"comment_status":"open","ping_status":"open","sticky":false,"template":"","format":"image","meta":{"footnotes":""},"categories":[8],"tags":[],"class_list":["post-1515","post","type-post","status-publish","format-image","has-post-thumbnail","hentry","category-notas-divulgativas","post_format-post-format-image","three-columns"],"_links":{"self":[{"href":"https:\/\/www.oime.com.ec\/index.php?rest_route=\/wp\/v2\/posts\/1515","targetHints":{"allow":["GET"]}}],"collection":[{"href":"https:\/\/www.oime.com.ec\/index.php?rest_route=\/wp\/v2\/posts"}],"about":[{"href":"https:\/\/www.oime.com.ec\/index.php?rest_route=\/wp\/v2\/types\/post"}],"author":[{"embeddable":true,"href":"https:\/\/www.oime.com.ec\/index.php?rest_route=\/wp\/v2\/users\/1"}],"replies":[{"embeddable":true,"href":"https:\/\/www.oime.com.ec\/index.php?rest_route=%2Fwp%2Fv2%2Fcomments&post=1515"}],"version-history":[{"count":15,"href":"https:\/\/www.oime.com.ec\/index.php?rest_route=\/wp\/v2\/posts\/1515\/revisions"}],"predecessor-version":[{"id":1602,"href":"https:\/\/www.oime.com.ec\/index.php?rest_route=\/wp\/v2\/posts\/1515\/revisions\/1602"}],"wp:featuredmedia":[{"embeddable":true,"href":"https:\/\/www.oime.com.ec\/index.php?rest_route=\/wp\/v2\/media\/1601"}],"wp:attachment":[{"href":"https:\/\/www.oime.com.ec\/index.php?rest_route=%2Fwp%2Fv2%2Fmedia&parent=1515"}],"wp:term":[{"taxonomy":"category","embeddable":true,"href":"https:\/\/www.oime.com.ec\/index.php?rest_route=%2Fwp%2Fv2%2Fcategories&post=1515"},{"taxonomy":"post_tag","embeddable":true,"href":"https:\/\/www.oime.com.ec\/index.php?rest_route=%2Fwp%2Fv2%2Ftags&post=1515"}],"curies":[{"name":"wp","href":"https:\/\/api.w.org\/{rel}","templated":true}]}}