{"id":165,"date":"2020-10-01T01:00:00","date_gmt":"2020-10-01T06:00:00","guid":{"rendered":"https:\/\/oime.com.ec\/wordpress\/?p=165"},"modified":"2022-06-16T16:52:30","modified_gmt":"2022-06-16T21:52:30","slug":"factores-de-riesgo-y-seguridad-de-los-periodistas-analisis-de-la-situacion-en-tiempos-de-covid-19","status":"publish","type":"post","link":"https:\/\/www.oime.com.ec\/?p=165","title":{"rendered":"Factores de riesgo y seguridad de los periodistas. An\u00e1lisis de la situaci\u00f3n en tiempos de Covid-19"},"content":{"rendered":"\t\t<div data-elementor-type=\"wp-post\" data-elementor-id=\"165\" class=\"elementor elementor-165\">\n\t\t\t\t\t\t<section class=\"elementor-section elementor-top-section elementor-element elementor-element-768bbc8 elementor-section-boxed elementor-section-height-default elementor-section-height-default\" data-id=\"768bbc8\" data-element_type=\"section\" data-e-type=\"section\">\n\t\t\t\t\t\t<div class=\"elementor-container elementor-column-gap-default\">\n\t\t\t\t\t<div class=\"elementor-column elementor-col-100 elementor-top-column elementor-element elementor-element-987b374\" data-id=\"987b374\" data-element_type=\"column\" data-e-type=\"column\">\n\t\t\t<div class=\"elementor-widget-wrap\">\n\t\t\t\t\t\t\t<\/div>\n\t\t<\/div>\n\t\t\t\t\t<\/div>\n\t\t<\/section>\n\t\t\t\t<section class=\"elementor-section elementor-top-section elementor-element elementor-element-45a9281 elementor-section-boxed elementor-section-height-default elementor-section-height-default\" data-id=\"45a9281\" data-element_type=\"section\" data-e-type=\"section\">\n\t\t\t\t\t\t<div class=\"elementor-container elementor-column-gap-default\">\n\t\t\t\t\t<div class=\"elementor-column elementor-col-100 elementor-top-column elementor-element elementor-element-592d18a\" data-id=\"592d18a\" data-element_type=\"column\" data-e-type=\"column\">\n\t\t\t<div class=\"elementor-widget-wrap elementor-element-populated\">\n\t\t\t\t\t\t<div class=\"elementor-element elementor-element-f6e9bdd elementor-widget elementor-widget-text-editor\" data-id=\"f6e9bdd\" data-element_type=\"widget\" data-e-type=\"widget\" data-widget_type=\"text-editor.default\">\n\t\t\t\t<div class=\"elementor-widget-container\">\n\t\t\t\t\t\t\t\t\t<p><strong>#Per Debate Vol. 4<\/strong> <strong>2020<\/strong><\/p><h5>Resumen<\/h5><p>El principal objetivo de este estudio se enmarca en una exploraci\u00f3n sobre el tema de la seguridad de los periodistasy los factores de riesgo, para el ejercicio period\u00edstico, conla llegada del COVID-19.Para la ejecuci\u00f3n de la investigaci\u00f3nse aplicaron entrevistassemiestructuras a periodistasde investigaci\u00f3n de portales digitales. Con este instrumentose obtuvo informaci\u00f3n para adaptaruna escala de valoraci\u00f3n de riesgos (extremo, alto, medio y bajo) a partir de la medici\u00f3n de los da\u00f1os a la integridad f\u00edsica y psicol\u00f3gica que los periodistas afrontaron en la primera etapa de la pandemia y que permiti\u00f3establecer lasituaci\u00f3nfrente a,las limitaciones econ\u00f3micas, de acceso a la informaci\u00f3n, de censura o autocensura ycapacitaci\u00f3n en temas de salud. Entre las conclusiones se destaca que los medios digitales ecuatorianoscon las limitaciones econ\u00f3micas, acceso a la informaci\u00f3n y censura se ubican en la categor\u00eda de riesgo extremo, con el 80%. Los medios realizan esfuerzos para conseguir recursos y continuar con los trabajos de investigaci\u00f3n, paralograr los objetivos usan fondos y recursos propios. Existen ayudas internacionales, pero no son suficientes. Finalmente, los periodistas confirmaron que en el Ecuador existe una cultura institucional en el sector p\u00fablico, que tiene que ver con la poca transparencia en la divulgaci\u00f3n de informaci\u00f3n que debe ser desbloqueada con el tiempo.<\/p><h5>Abstract<\/h5><p>The main objective of this study is framed in an exploration of the issue of journalists&#8217; safety and risk factors for the journalistic exercise, with the arrival of COVID-19. For the execution of the research, semi-structured interviews were applied to investigative journalistsof digital portals. With this instrument, information was obtained to adapt a risk assessment scale (extreme, high, medium and low) based on the measurement of the damage to physical and psychological integrity that journalists faced in the first stage ofthe pandemic and which allowed establishing the situation in terms of economic limitations, access to information, censorship or self-censorship and training on health issues. Among the conclusions it is highlighted that Ecuadorian digital media with economic limitations, access to information and censorship are located in the category of extreme risk, with 80%. The media make efforts to obtain resources and continue with the research work, to achieve the objectives they use their own funds and resources. There is international aid, but it is not enough. Finally, journalists confirmed that in Ecuador there is an institutional culture in the public sector, which has to do with the lack of transparency in the disclosure of information that must be unblocked over time.<\/p><h6 class=\"wp-block-button aligncenter\"><a class=\"wp-block-button__link\" href=\"https:\/\/www.andresjaramilloc.com\/_files\/ugd\/0b6ada_947224273687400cac698baaaa7071cb.pdf\">Descarga la investigaci\u00f3n completa aqu\u00ed<\/a><\/h6>\t\t\t\t\t\t\t\t<\/div>\n\t\t\t\t<\/div>\n\t\t\t\t<div class=\"elementor-element elementor-element-07a223d elementor-widget elementor-widget-text-editor\" data-id=\"07a223d\" data-element_type=\"widget\" data-e-type=\"widget\" data-widget_type=\"text-editor.default\">\n\t\t\t\t<div class=\"elementor-widget-container\">\n\t\t\t\t\t\t\t\t\t<p><strong>Kruzkaya Ord\u00f3\u00f1ez<\/strong>: <a href=\"mailto:kordonez@utpl.edu.ec\">kordonez@utpl.edu.ec<\/a><\/p><p><strong>Abel Suing<\/strong>: <a href=\"mailto:arsuing@utpl.edu.ec\">arsuing@utpl.edu.ec<\/a><\/p><p><strong>Gabriela Coronel Salas: <\/strong><a href=\"mailto:glcoronelsalas@utpl.edu.ec\">glcoronelsalas@utpl.edu.ec<\/a><\/p><p><em>Investigadores OIME<\/em><br \/><em>Universidad T\u00e9cnica Particular de Loja <\/em><\/p>\t\t\t\t\t\t\t\t<\/div>\n\t\t\t\t<\/div>\n\t\t\t\t\t<\/div>\n\t\t<\/div>\n\t\t\t\t\t<\/div>\n\t\t<\/section>\n\t\t\t\t<\/div>\n\t\t","protected":false},"excerpt":{"rendered":"<p>#Per Debate Vol. 4 2020 Resumen El principal objetivo de este estudio se enmarca en una exploraci\u00f3n sobre el tema de la seguridad de los<\/p>\n","protected":false},"author":1,"featured_media":571,"comment_status":"open","ping_status":"open","sticky":false,"template":"","format":"standard","meta":{"footnotes":""},"categories":[9],"tags":[],"class_list":["post-165","post","type-post","status-publish","format-standard","has-post-thumbnail","hentry","category-investigaciones","three-columns"],"_links":{"self":[{"href":"https:\/\/www.oime.com.ec\/index.php?rest_route=\/wp\/v2\/posts\/165","targetHints":{"allow":["GET"]}}],"collection":[{"href":"https:\/\/www.oime.com.ec\/index.php?rest_route=\/wp\/v2\/posts"}],"about":[{"href":"https:\/\/www.oime.com.ec\/index.php?rest_route=\/wp\/v2\/types\/post"}],"author":[{"embeddable":true,"href":"https:\/\/www.oime.com.ec\/index.php?rest_route=\/wp\/v2\/users\/1"}],"replies":[{"embeddable":true,"href":"https:\/\/www.oime.com.ec\/index.php?rest_route=%2Fwp%2Fv2%2Fcomments&post=165"}],"version-history":[{"count":23,"href":"https:\/\/www.oime.com.ec\/index.php?rest_route=\/wp\/v2\/posts\/165\/revisions"}],"predecessor-version":[{"id":724,"href":"https:\/\/www.oime.com.ec\/index.php?rest_route=\/wp\/v2\/posts\/165\/revisions\/724"}],"wp:featuredmedia":[{"embeddable":true,"href":"https:\/\/www.oime.com.ec\/index.php?rest_route=\/wp\/v2\/media\/571"}],"wp:attachment":[{"href":"https:\/\/www.oime.com.ec\/index.php?rest_route=%2Fwp%2Fv2%2Fmedia&parent=165"}],"wp:term":[{"taxonomy":"category","embeddable":true,"href":"https:\/\/www.oime.com.ec\/index.php?rest_route=%2Fwp%2Fv2%2Fcategories&post=165"},{"taxonomy":"post_tag","embeddable":true,"href":"https:\/\/www.oime.com.ec\/index.php?rest_route=%2Fwp%2Fv2%2Ftags&post=165"}],"curies":[{"name":"wp","href":"https:\/\/api.w.org\/{rel}","templated":true}]}}