{"id":1756,"date":"2024-02-15T17:44:08","date_gmt":"2024-02-15T22:44:08","guid":{"rendered":"https:\/\/oime.com.ec\/?p=1756"},"modified":"2024-02-16T12:42:04","modified_gmt":"2024-02-16T17:42:04","slug":"la-mirada-de-la-migracion-desde-los-ejes-de-genero-y-comunicacion","status":"publish","type":"post","link":"https:\/\/www.oime.com.ec\/?p=1756","title":{"rendered":"La mirada de la migraci\u00f3n desde los ejes de g\u00e9nero y comunicaci\u00f3n\u00a0\u00a0"},"content":{"rendered":"\t\t<div data-elementor-type=\"wp-post\" data-elementor-id=\"1756\" class=\"elementor elementor-1756\">\n\t\t\t\t\t\t<section class=\"elementor-section elementor-top-section elementor-element elementor-element-26d942b4 elementor-section-boxed elementor-section-height-default elementor-section-height-default\" data-id=\"26d942b4\" data-element_type=\"section\" data-e-type=\"section\">\n\t\t\t\t\t\t<div class=\"elementor-container elementor-column-gap-default\">\n\t\t\t\t\t<div class=\"elementor-column elementor-col-100 elementor-top-column elementor-element elementor-element-7f5a51a4\" data-id=\"7f5a51a4\" data-element_type=\"column\" data-e-type=\"column\">\n\t\t\t<div class=\"elementor-widget-wrap elementor-element-populated\">\n\t\t\t\t\t\t<div class=\"elementor-element elementor-element-785c7798 elementor-widget elementor-widget-text-editor\" data-id=\"785c7798\" data-element_type=\"widget\" data-e-type=\"widget\" data-widget_type=\"text-editor.default\">\n\t\t\t\t<div class=\"elementor-widget-container\">\n\t\t\t\t\t\t\t\t\t<p><\/p>\t\t\t\t\t\t\t\t<\/div>\n\t\t\t\t<\/div>\n\t\t\t\t\t<\/div>\n\t\t<\/div>\n\t\t\t\t\t<\/div>\n\t\t<\/section>\n\t\t\t\t<section class=\"elementor-section elementor-top-section elementor-element elementor-element-fd09694 elementor-section-boxed elementor-section-height-default elementor-section-height-default\" data-id=\"fd09694\" data-element_type=\"section\" data-e-type=\"section\">\n\t\t\t\t\t\t<div class=\"elementor-container elementor-column-gap-default\">\n\t\t\t\t\t<div class=\"elementor-column elementor-col-100 elementor-top-column elementor-element elementor-element-3f7c6be\" data-id=\"3f7c6be\" data-element_type=\"column\" data-e-type=\"column\">\n\t\t\t<div class=\"elementor-widget-wrap elementor-element-populated\">\n\t\t\t\t\t\t<div class=\"elementor-element elementor-element-fea30c3 elementor-widget elementor-widget-image\" data-id=\"fea30c3\" data-element_type=\"widget\" data-e-type=\"widget\" data-widget_type=\"image.default\">\n\t\t\t\t<div class=\"elementor-widget-container\">\n\t\t\t\t\t\t\t\t\t\t\t\t<figure class=\"wp-caption\">\n\t\t\t\t\t\t\t\t\t\t<img fetchpriority=\"high\" decoding=\"async\" width=\"480\" height=\"480\" src=\"https:\/\/www.oime.com.ec\/wp-content\/uploads\/Imagen2-migracion.jpg\" class=\"attachment-large size-large wp-image-1759\" alt=\"\" srcset=\"https:\/\/www.oime.com.ec\/wp-content\/uploads\/Imagen2-migracion.jpg 480w, https:\/\/www.oime.com.ec\/wp-content\/uploads\/Imagen2-migracion-300x300.jpg 300w, https:\/\/www.oime.com.ec\/wp-content\/uploads\/Imagen2-migracion-150x150.jpg 150w\" sizes=\"(max-width: 480px) 100vw, 480px\" \/>\t\t\t\t\t\t\t\t\t\t\t<figcaption class=\"widget-image-caption wp-caption-text\">Imagen creada por inteligencia artificial, Wepik. Personas en condiciones de migraci\u00f3n, mientras se movilizan. <\/figcaption>\n\t\t\t\t\t\t\t\t\t\t<\/figure>\n\t\t\t\t\t\t\t\t\t<\/div>\n\t\t\t\t<\/div>\n\t\t\t\t\t<\/div>\n\t\t<\/div>\n\t\t\t\t\t<\/div>\n\t\t<\/section>\n\t\t\t\t<section class=\"elementor-section elementor-top-section elementor-element elementor-element-66e0b5a elementor-section-boxed elementor-section-height-default elementor-section-height-default\" data-id=\"66e0b5a\" data-element_type=\"section\" data-e-type=\"section\">\n\t\t\t\t\t\t<div class=\"elementor-container elementor-column-gap-default\">\n\t\t\t\t\t<div class=\"elementor-column elementor-col-100 elementor-top-column elementor-element elementor-element-3011afd\" data-id=\"3011afd\" data-element_type=\"column\" data-e-type=\"column\">\n\t\t\t<div class=\"elementor-widget-wrap elementor-element-populated\">\n\t\t\t\t\t\t<div class=\"elementor-element elementor-element-1e8a301 elementor-widget elementor-widget-text-editor\" data-id=\"1e8a301\" data-element_type=\"widget\" data-e-type=\"widget\" data-widget_type=\"text-editor.default\">\n\t\t\t\t<div class=\"elementor-widget-container\">\n\t\t\t\t\t\t\t\t\t<p>Desde mediados del siglo XX, el Ecuador se ha caracterizado por ser un pa\u00eds \u201cemisor de migrantes internacionales hacia pa\u00edses de Norteam\u00e9rica y Europa (\u2026) como parte de tendencias regionales marcadas por contextos de crisis pol\u00edticas\u201d (Cruz &amp; Ramos, 2023, p.5). Desde el 2018, se ha visto un incremento de migraciones desde Ecuador. Por ejemplo, tras la disoluci\u00f3n de la visa en M\u00e9xico, 1 300 personas que viajaron a ese pa\u00eds no regresaron. En el 2019, este n\u00famero increment\u00f3 a 16 mil y, en el 2020, a pesar de la pandemia, se registraron m\u00e1s de 14 mil. Pero, desde los \u00faltimos a\u00f1os tambi\u00e9n se ha convertido en un territorio de acogida para personas con movilidad.<\/p>\n<p>Por ejemplo, una de las principales provincias de acogida fue El Oro, un espacio importante para la salida hacia el sur del pa\u00eds por las personas provenientes de la crisis humanitaria migratoria de Venezuela. En el 2018, medios locales reportaron 2 000 personas estacionadas en la zona intentando dirigirse hacia Per\u00fa, en el 2019, este n\u00famero aument\u00f3 a 6 000 personas que sal\u00edan del pa\u00eds por d\u00eda. En medio de la pandemia, El Oro fue uno de los principales puntos de contagio por el Covid-19. Esto tambi\u00e9n afect\u00f3 a las personas migrantes puesto que no pod\u00edan acceder a servicios m\u00e9dicos, no ten\u00edan acceso al trabajo por el confinamiento y el cierre de las fronteras les oblig\u00f3 a estacionarse en el pa\u00eds.<\/p>\t\t\t\t\t\t\t\t<\/div>\n\t\t\t\t<\/div>\n\t\t\t\t<div class=\"elementor-element elementor-element-c84093e elementor-widget elementor-widget-image\" data-id=\"c84093e\" data-element_type=\"widget\" data-e-type=\"widget\" data-widget_type=\"image.default\">\n\t\t\t\t<div class=\"elementor-widget-container\">\n\t\t\t\t\t\t\t\t\t\t\t\t<figure class=\"wp-caption\">\n\t\t\t\t\t\t\t\t\t\t<img decoding=\"async\" width=\"480\" height=\"480\" src=\"https:\/\/www.oime.com.ec\/wp-content\/uploads\/Imagen3-migracionn.jpg\" class=\"attachment-large size-large wp-image-1760\" alt=\"\" srcset=\"https:\/\/www.oime.com.ec\/wp-content\/uploads\/Imagen3-migracionn.jpg 480w, https:\/\/www.oime.com.ec\/wp-content\/uploads\/Imagen3-migracionn-300x300.jpg 300w, https:\/\/www.oime.com.ec\/wp-content\/uploads\/Imagen3-migracionn-150x150.jpg 150w\" sizes=\"(max-width: 480px) 100vw, 480px\" \/>\t\t\t\t\t\t\t\t\t\t\t<figcaption class=\"widget-image-caption wp-caption-text\">Imagen creada por inteligencia artificial, Wepik. Proceso de b\u00fasqueda de nuevas condiciones de vida.<\/figcaption>\n\t\t\t\t\t\t\t\t\t\t<\/figure>\n\t\t\t\t\t\t\t\t\t<\/div>\n\t\t\t\t<\/div>\n\t\t\t\t\t<\/div>\n\t\t<\/div>\n\t\t\t\t\t<\/div>\n\t\t<\/section>\n\t\t\t\t<section class=\"elementor-section elementor-top-section elementor-element elementor-element-06513d1 elementor-section-boxed elementor-section-height-default elementor-section-height-default\" data-id=\"06513d1\" data-element_type=\"section\" data-e-type=\"section\">\n\t\t\t\t\t\t<div class=\"elementor-container elementor-column-gap-default\">\n\t\t\t\t\t<div class=\"elementor-column elementor-col-100 elementor-top-column elementor-element elementor-element-48d72e9\" data-id=\"48d72e9\" data-element_type=\"column\" data-e-type=\"column\">\n\t\t\t<div class=\"elementor-widget-wrap elementor-element-populated\">\n\t\t\t\t\t\t<div class=\"elementor-element elementor-element-a906b09 elementor-widget elementor-widget-text-editor\" data-id=\"a906b09\" data-element_type=\"widget\" data-e-type=\"widget\" data-widget_type=\"text-editor.default\">\n\t\t\t\t<div class=\"elementor-widget-container\">\n\t\t\t\t\t\t\t\t\t<p>En el 2020, el a\u00f1o en el que la pandemia del Covid-19 entr\u00f3 en su apogeo, 280,6 millones de personas a nivel mundial se encontraban en situaci\u00f3n de movilizaci\u00f3n. De ese total, 135 millones, es decir 48,1%, fueron mujeres, mientras que la proporci\u00f3n de hombres migrantes fue de 51,9 %, seg\u00fan el <a href=\"https:\/\/www.migrationdataportal.org\/es\">Portal de Datos sobre Migraci\u00f3n<\/a>. En ese a\u00f1o, en Ecuador se asentaron alrededor de 784,8 mil migrantes, seg\u00fan el mismo Portal.<\/p>\n<p>Durante el proceso migratorio existe un sinn\u00famero de dificultades, pero estas experiencias son distintas tanto para hombres como mujeres; pues el rol de cada sexo se modifica o amplifica en las dif\u00edciles condiciones que representa la movilizaci\u00f3n. De igual forma, la relaci\u00f3n de cada uno con un aspecto importante dentro del proceso migratorio, que es la comunicaci\u00f3n, complica su posici\u00f3n con respecto a su rol tradicional de g\u00e9nero como con la relaci\u00f3n del uno con el otro.<\/p>\n<p>Al hablar de g\u00e9nero, se hace referencia a las funciones y comportamientos sociales que se catalogan como apropiados tanto para hombres, mujeres como para personas no binarias.<\/p>\t\t\t\t\t\t\t\t<\/div>\n\t\t\t\t<\/div>\n\t\t\t\t<div class=\"elementor-element elementor-element-6ec39ad elementor-widget elementor-widget-image\" data-id=\"6ec39ad\" data-element_type=\"widget\" data-e-type=\"widget\" data-widget_type=\"image.default\">\n\t\t\t\t<div class=\"elementor-widget-container\">\n\t\t\t\t\t\t\t\t\t\t\t\t<figure class=\"wp-caption\">\n\t\t\t\t\t\t\t\t\t\t<img decoding=\"async\" width=\"480\" height=\"480\" src=\"https:\/\/www.oime.com.ec\/wp-content\/uploads\/Imagen4-migracion.jpg\" class=\"attachment-large size-large wp-image-1761\" alt=\"\" srcset=\"https:\/\/www.oime.com.ec\/wp-content\/uploads\/Imagen4-migracion.jpg 480w, https:\/\/www.oime.com.ec\/wp-content\/uploads\/Imagen4-migracion-300x300.jpg 300w, https:\/\/www.oime.com.ec\/wp-content\/uploads\/Imagen4-migracion-150x150.jpg 150w\" sizes=\"(max-width: 480px) 100vw, 480px\" \/>\t\t\t\t\t\t\t\t\t\t\t<figcaption class=\"widget-image-caption wp-caption-text\">Imagen creada por inteligencia artificial, Wepik. Un hombre y una mujer en situaci\u00f3n de movilizaci\u00f3n.<\/figcaption>\n\t\t\t\t\t\t\t\t\t\t<\/figure>\n\t\t\t\t\t\t\t\t\t<\/div>\n\t\t\t\t<\/div>\n\t\t\t\t<div class=\"elementor-element elementor-element-3de2d05 elementor-widget elementor-widget-text-editor\" data-id=\"3de2d05\" data-element_type=\"widget\" data-e-type=\"widget\" data-widget_type=\"text-editor.default\">\n\t\t\t\t<div class=\"elementor-widget-container\">\n\t\t\t\t\t\t\t\t\t<p>Desde los 2000, se ha considerado el g\u00e9nero en el an\u00e1lisis de los procesos migratorios, el rol que ocupan en este proceso, y c\u00f3mo cambian, se alteran e intercambian dependiendo de las necesidades que se les presentan. Por ejemplo, el rol del hombre y su masculinidad puede verse trastocada por la necesidad de que asuman roles dom\u00e9sticos para sacar adelante su supervivencia en el lugar de destino.<\/p>\n<p>Por otro lado, el rol de la mujer se vuelve a\u00fan m\u00e1s importante bajo el contexto de cuidado a personas. Esto sucede ya que \u201clas madres que dejan a sus hijos y las mismas madres que van a los pa\u00edses del primer mundo o europeos a cuidar ancianos, personas enfermas o ni\u00f1os\u201d, explica Ruth Lara, migrant\u00f3loga. Por supuesto, estas din\u00e1micas tambi\u00e9n le suceden a los migrantes que llegan a Ecuador, puesto que al igual que en migraciones al primer mundo, aqu\u00ed vienen para \u201cinsertarse en un nuevo pa\u00eds y empezar a desarrollar actividades que les permitan vivir\u201d, agrega. \u00a0\u00a0<\/p>\t\t\t\t\t\t\t\t<\/div>\n\t\t\t\t<\/div>\n\t\t\t\t<div class=\"elementor-element elementor-element-e41ed52 elementor-widget elementor-widget-image\" data-id=\"e41ed52\" data-element_type=\"widget\" data-e-type=\"widget\" data-widget_type=\"image.default\">\n\t\t\t\t<div class=\"elementor-widget-container\">\n\t\t\t\t\t\t\t\t\t\t\t\t<figure class=\"wp-caption\">\n\t\t\t\t\t\t\t\t\t\t<img loading=\"lazy\" decoding=\"async\" width=\"480\" height=\"480\" src=\"https:\/\/www.oime.com.ec\/wp-content\/uploads\/Imagen5-migracion.jpg\" class=\"attachment-large size-large wp-image-1762\" alt=\"\" srcset=\"https:\/\/www.oime.com.ec\/wp-content\/uploads\/Imagen5-migracion.jpg 480w, https:\/\/www.oime.com.ec\/wp-content\/uploads\/Imagen5-migracion-300x300.jpg 300w, https:\/\/www.oime.com.ec\/wp-content\/uploads\/Imagen5-migracion-150x150.jpg 150w\" sizes=\"(max-width: 480px) 100vw, 480px\" \/>\t\t\t\t\t\t\t\t\t\t\t<figcaption class=\"widget-image-caption wp-caption-text\">Imagen creada por inteligencia artificial, Wepik. Hermanos que descansan en medio de los cruces entre fronteras.<\/figcaption>\n\t\t\t\t\t\t\t\t\t\t<\/figure>\n\t\t\t\t\t\t\t\t\t<\/div>\n\t\t\t\t<\/div>\n\t\t\t\t<div class=\"elementor-element elementor-element-ae1e762 elementor-widget elementor-widget-text-editor\" data-id=\"ae1e762\" data-element_type=\"widget\" data-e-type=\"widget\" data-widget_type=\"text-editor.default\">\n\t\t\t\t<div class=\"elementor-widget-container\">\n\t\t\t\t\t\t\t\t\t<p>Otro caso, en el que la pandemia ha exacerbado experiencias migratorias es en situaciones de abusos intrafamiliares por el confinamiento, pues all\u00ed \u201clas posibles v\u00edctimas se quedaron encerradas con sus agresores.\u201d, destaca Ramos. Adem\u00e1s, en situaci\u00f3n de migraci\u00f3n esto se agrava, ya que las mujeres se encuentran en total desprotecci\u00f3n, incluso peor si no se tiene trabajo, documentos, etc.<\/p>\n<p>Durante la emergencia sanitaria, en el Ecuador se registraron 235 llamadas cada d\u00eda, en las que se abordaban casos de violencia intrafamiliar. Hasta finales de junio del 2020, este n\u00famero lleg\u00f3 a un total de 31,087 llamadas de la misma \u00edndole, seg\u00fan la <a href=\"http:\/\/www.fundacionaldea.org\/alianzas\">Alianza para el Monitoreo y Mapeo de los Feminicidios<\/a> en el Ecuador. De acuerdo con el Instituto Nacional de Estad\u00edsticas y Censos, en el a\u00f1o 2019, alrededor del 65% de mujeres sufrieron violencia por de g\u00e9nero, la cual se divid\u00eda en diferentes aristas: f\u00edsica, sexual, psicol\u00f3gica, econ\u00f3mica, patrimonial y gineco-obst\u00e9trica.<\/p>\n<p>Asimismo, la realidad de los migrantes se vio perturbada por temas de desigualdad. \u201cLa violencia de g\u00e9nero se puede dar en el momento en el que una mujer decide tomar la rienda y decide migrar\u201d, detalla Lara. Es as\u00ed que la esperanza por construir un nuevo futuro se comienza a interrumpir y limitar.<\/p>\n<p>La comunicaci\u00f3n tambi\u00e9n forma un rol clave dentro de las din\u00e1micas de g\u00e9nero dentro del hogar, puesto que como tambi\u00e9n puede mantener y fortalecer lazos familiares, \u201ctambi\u00e9n, desde \u00f3pticas de g\u00e9nero, puede servir para controlar a la pareja o a la mujer a la distancia\u201d, agrega Ramos. Pero no todo es negativo, ya que, en esta situaci\u00f3n de necesidad, las telecomunicaciones favorecieron a la creaci\u00f3n de redes de apoyo. Este es el caso del movimiento de mujeres de El Oro, quienes a trav\u00e9s de un grupo de WhatsApp brindaron apoyo a personas en situaci\u00f3n de movilidad.<\/p>\n<p>\u201cLos miembros de la organizaci\u00f3n comenzaron a buscar a personas espec\u00edficas, a contactar con quienes estaban en movimiento para enterarse d\u00f3nde se encontraban, qu\u00e9 necesitaban y ayudarles a llegar a lugares espec\u00edficos\u201d, expone Ramos. \u201cNo siempre ten\u00edan conexi\u00f3n, llegaban a un lugar p\u00fablico con internet y se conectaban, e iban de esta manera tom\u00e1ndose la posta. No era una comunicaci\u00f3n permanente, ni circunstancias normales, era una cosa que iba desenvolvi\u00e9ndose de acuerdo con sus necesidades\u201d, detalla.<\/p>\n<p>\u201cLa comunicaci\u00f3n es fundamental, la comunicaci\u00f3n es ese elemento que permite a los migrantes estar conectados,\u201d detalla Lara. Pero no solo usan WhatsApp como medio de comunicaci\u00f3n, sino que usan todo tipo de redes sociales. Sin importar el g\u00e9nero, la comunicaci\u00f3n favorece al fortalecimiento de nexos pues gracias a esta, los migrantes \u201cpueden reproducir, recrear y no perder esos lazos que dejaron en su pa\u00eds de origen\u201d, comenta.<\/p>\n<p>\u00a0\u201cLa comunicaci\u00f3n nos ayuda a analizar de mejor manera la nostalgia\u201d enfatiza, pues permite que ese sentimiento se mantenga latente dentro de los canales de comunicaci\u00f3n de los migrantes. En ellos se preservan recuerdos, reproducen su cultura y preservan conexiones.\u00a0 Por lo que, si bien, el acceso a Internet y a redes ha sido fundamental para mantener activa la conectividad entre personas, tambi\u00e9n ha sido una herramienta importante usada para la lucha social y la sororidad.<\/p>\n<p><strong>Adrian Idrovo y Martina Palacios<\/strong><\/p>\n<p><em><strong>USFQ &#8211; OIME news<\/strong><\/em><\/p>\t\t\t\t\t\t\t\t<\/div>\n\t\t\t\t<\/div>\n\t\t\t\t<div class=\"elementor-element elementor-element-f43c9fc elementor-widget elementor-widget-html\" data-id=\"f43c9fc\" data-element_type=\"widget\" data-e-type=\"widget\" data-widget_type=\"html.default\">\n\t\t\t\t<div class=\"elementor-widget-container\">\n\t\t\t\t\t<div class=\"infogram-embed\" data-id=\"30cb1d9f-c177-437f-98fb-f9cbd9701a03\" data-type=\"interactive\" data-title=\"La correlaci\u00f3n entre el g\u00e9nero y las migraciones\"><\/div><script>!function(e,n,i,s){var d=\"InfogramEmbeds\";var o=e.getElementsByTagName(n)[0];if(window[d]&&window[d].initialized)window[d].process&&window[d].process();else if(!e.getElementById(i)){var r=e.createElement(n);r.async=1,r.id=i,r.src=s,o.parentNode.insertBefore(r,o)}}(document,\"script\",\"infogram-async\",\"https:\/\/e.infogram.com\/js\/dist\/embed-loader-min.js\");<\/script><div style=\"padding:8px 0;font-family:Arial!important;font-size:13px!important;line-height:15px!important;text-align:center;border-top:1px solid #dadada;margin:0 30px\"><a href=\"https:\/\/infogram.com\/30cb1d9f-c177-437f-98fb-f9cbd9701a03\" style=\"color:#989898!important;text-decoration:none!important;\" target=\"_blank\">La correlaci\u00f3n entre el g\u00e9nero y las migraciones<\/a><br><a href=\"https:\/\/infogram.com\" style=\"color:#989898!important;text-decoration:none!important;\" target=\"_blank\" rel=\"nofollow\">Infogram<\/a><\/div>\t\t\t\t<\/div>\n\t\t\t\t<\/div>\n\t\t\t\t\t<\/div>\n\t\t<\/div>\n\t\t\t\t\t<\/div>\n\t\t<\/section>\n\t\t\t\t<section class=\"elementor-section elementor-top-section elementor-element elementor-element-8d1df3f elementor-section-boxed elementor-section-height-default elementor-section-height-default\" data-id=\"8d1df3f\" data-element_type=\"section\" data-e-type=\"section\">\n\t\t\t\t\t\t<div class=\"elementor-container elementor-column-gap-default\">\n\t\t\t\t\t<div class=\"elementor-column elementor-col-100 elementor-top-column elementor-element elementor-element-1fd3522\" data-id=\"1fd3522\" data-element_type=\"column\" data-e-type=\"column\">\n\t\t\t<div class=\"elementor-widget-wrap\">\n\t\t\t\t\t\t\t<\/div>\n\t\t<\/div>\n\t\t\t\t\t<\/div>\n\t\t<\/section>\n\t\t\t\t<\/div>\n\t\t","protected":false},"excerpt":{"rendered":"<p>Imagen creada por inteligencia artificial, Wepik. Personas en condiciones de migraci\u00f3n, mientras se movilizan. Desde mediados del siglo XX, el Ecuador se ha caracterizado por<\/p>\n","protected":false},"author":1,"featured_media":1757,"comment_status":"open","ping_status":"open","sticky":false,"template":"","format":"image","meta":{"footnotes":""},"categories":[8],"tags":[],"class_list":["post-1756","post","type-post","status-publish","format-image","has-post-thumbnail","hentry","category-notas-divulgativas","post_format-post-format-image","three-columns"],"_links":{"self":[{"href":"https:\/\/www.oime.com.ec\/index.php?rest_route=\/wp\/v2\/posts\/1756","targetHints":{"allow":["GET"]}}],"collection":[{"href":"https:\/\/www.oime.com.ec\/index.php?rest_route=\/wp\/v2\/posts"}],"about":[{"href":"https:\/\/www.oime.com.ec\/index.php?rest_route=\/wp\/v2\/types\/post"}],"author":[{"embeddable":true,"href":"https:\/\/www.oime.com.ec\/index.php?rest_route=\/wp\/v2\/users\/1"}],"replies":[{"embeddable":true,"href":"https:\/\/www.oime.com.ec\/index.php?rest_route=%2Fwp%2Fv2%2Fcomments&post=1756"}],"version-history":[{"count":7,"href":"https:\/\/www.oime.com.ec\/index.php?rest_route=\/wp\/v2\/posts\/1756\/revisions"}],"predecessor-version":[{"id":1768,"href":"https:\/\/www.oime.com.ec\/index.php?rest_route=\/wp\/v2\/posts\/1756\/revisions\/1768"}],"wp:featuredmedia":[{"embeddable":true,"href":"https:\/\/www.oime.com.ec\/index.php?rest_route=\/wp\/v2\/media\/1757"}],"wp:attachment":[{"href":"https:\/\/www.oime.com.ec\/index.php?rest_route=%2Fwp%2Fv2%2Fmedia&parent=1756"}],"wp:term":[{"taxonomy":"category","embeddable":true,"href":"https:\/\/www.oime.com.ec\/index.php?rest_route=%2Fwp%2Fv2%2Fcategories&post=1756"},{"taxonomy":"post_tag","embeddable":true,"href":"https:\/\/www.oime.com.ec\/index.php?rest_route=%2Fwp%2Fv2%2Ftags&post=1756"}],"curies":[{"name":"wp","href":"https:\/\/api.w.org\/{rel}","templated":true}]}}