{"id":1785,"date":"2024-02-27T11:30:59","date_gmt":"2024-02-27T16:30:59","guid":{"rendered":"https:\/\/oime.com.ec\/?p=1785"},"modified":"2024-02-27T11:51:21","modified_gmt":"2024-02-27T16:51:21","slug":"galapagos-un-paraiso-con-problemas-de-internet","status":"publish","type":"post","link":"https:\/\/www.oime.com.ec\/?p=1785","title":{"rendered":"Gal\u00e1pagos, un para\u00edso con problemas de internet\u00a0\u00a0"},"content":{"rendered":"\t\t<div data-elementor-type=\"wp-post\" data-elementor-id=\"1785\" class=\"elementor elementor-1785\">\n\t\t\t\t\t\t<section class=\"elementor-section elementor-top-section elementor-element elementor-element-c2aab87 elementor-section-boxed elementor-section-height-default elementor-section-height-default\" data-id=\"c2aab87\" data-element_type=\"section\" data-e-type=\"section\">\n\t\t\t\t\t\t<div class=\"elementor-container elementor-column-gap-default\">\n\t\t\t\t\t<div class=\"elementor-column elementor-col-100 elementor-top-column elementor-element elementor-element-af0dd66\" data-id=\"af0dd66\" data-element_type=\"column\" data-e-type=\"column\">\n\t\t\t<div class=\"elementor-widget-wrap elementor-element-populated\">\n\t\t\t\t\t\t<div class=\"elementor-element elementor-element-7dc4a31 elementor-widget elementor-widget-text-editor\" data-id=\"7dc4a31\" data-element_type=\"widget\" data-e-type=\"widget\" data-widget_type=\"text-editor.default\">\n\t\t\t\t<div class=\"elementor-widget-container\">\n\t\t\t\t\t\t\t\t\t<p><span data-contrast=\"none\">Gal\u00e1pagos, m\u00e1s conocido como las \u201cIslas Encantadas\u201d, llega a ser un \u2018dolor de cabeza\u2019 para los periodistas que ejercen esa profesi\u00f3n dentro y fuera de este lugar.\u00a0<\/span><span data-ccp-props=\"{&quot;335551550&quot;:6,&quot;335551620&quot;:6}\">\u00a0<\/span><\/p>\n<p><span data-ccp-props=\"{&quot;335551550&quot;:6,&quot;335551620&quot;:6}\">\u00a0<\/span><span data-contrast=\"none\">El 19 de abril de 2023, se dio a conocer que la empresa Starlink, del reconocido empresario Elon Musk, proveer\u00eda de 15 sat\u00e9lites en el Ecuador, incluyendo las Islas Gal\u00e1pagos. La ministra de Telecomunicaciones, Vianna Maino, hab\u00eda mencionado que este era un salto cualitativo para que las personas puedan tener acceso digital, es decir a internet.<\/span><span data-ccp-props=\"{&quot;335551550&quot;:6,&quot;335551620&quot;:6}\">\u00a0<\/span><\/p>\n<p><span data-ccp-props=\"{&quot;335551550&quot;:6,&quot;335551620&quot;:6}\">\u00a0<\/span><span data-contrast=\"none\">Maino, mencion\u00f3 en la inauguraci\u00f3n de Starlink, que \u201cla llegada del internet satelital es la respuesta que le da el Gobierno a sus mandantes de zonas remotas en su m\u00e1s que justa exigencia de una mejor conectividad\u201d. Tambi\u00e9n, el ministro de Turismo, Niels Olsen, mencion\u00f3 que \u201cGal\u00e1pagos tendr\u00e1 la conectividad de Internet que se merece\u201d.<\/span><span data-ccp-props=\"{&quot;335551550&quot;:6,&quot;335551620&quot;:6}\">\u00a0<\/span><\/p>\n<p><span data-ccp-props=\"{&quot;335551550&quot;:6,&quot;335551620&quot;:6}\">\u00a0<\/span><span data-contrast=\"none\">De esta manera, las personas estar\u00edan m\u00e1s conectadas y podr\u00edan tener internet hasta 4G.<\/span><span data-ccp-props=\"{&quot;335551550&quot;:6,&quot;335551620&quot;:6}\">\u00a0<\/span><\/p>\n<p><strong><span lang=\"ES-ES\" xml:lang=\"ES-ES\" data-contrast=\"none\"><span data-ccp-charstyle=\"normaltextrun\" data-ccp-charstyle-defn=\"{&quot;ObjectId&quot;:&quot;71dcd9c3-1d8e-4b2d-bfcd-af4b21c7f206|5&quot;,&quot;ClassId&quot;:1073872969,&quot;Properties&quot;:[469775450,&quot;normaltextrun&quot;,201340122,&quot;1&quot;,134233614,&quot;true&quot;,469778129,&quot;normaltextrun&quot;,335572020,&quot;1&quot;,469778324,&quot;Default Paragraph Font&quot;]}\">La investigaci\u00f3n<\/span><\/span><span data-ccp-props=\"{&quot;335551550&quot;:6,&quot;335551620&quot;:6}\">\u00a0<\/span><\/strong><\/p>\n<p><span data-contrast=\"none\">Tania Orbe, Luis Daniel Luengo y Eric Samson, profesores de la Universidad San Francisco de Quito, realizaron un paper sobre las, \u201cDin\u00e1micas de comunicaci\u00f3n en las Islas Gal\u00e1pagos: Un an\u00e1lisis de percepciones en 2023\u201d. En este, se resalta c\u00f3mo la falta de atenci\u00f3n hacia esta \u00e1rea hace que la desinformaci\u00f3n crezca mucho m\u00e1s.\u00a0<\/span><span data-ccp-props=\"{&quot;335551550&quot;:6,&quot;335551620&quot;:6}\">\u00a0<\/span><\/p>\n<p><span data-ccp-props=\"{&quot;335551550&quot;:6,&quot;335551620&quot;:6}\">\u00a0<\/span><span data-contrast=\"none\">\u201c<\/span><span data-contrast=\"none\">Los medios locales dependen de publicidad institucional o programaci\u00f3n paga, no promueven el desarrollo de reportajes propios ni periodismo de investigaci\u00f3n\u201d, mencionan los investigadores dentro del paper. Luis Daniel Luengo, cont\u00f3 que hay un \u2018delay\u2019 de acceso de comunicaci\u00f3n de informaci\u00f3n de casi 10 a\u00f1os.<\/span><span data-ccp-props=\"{&quot;335551550&quot;:6,&quot;335551620&quot;:6}\">\u00a0<\/span><\/p>\n<p><span data-ccp-props=\"{&quot;335551550&quot;:6,&quot;335551620&quot;:6}\">\u00a0<\/span><span data-contrast=\"none\">Hay islas, como Santa Cruz o San Crist\u00f3bal, que tienen el privilegio de estar \u2018m\u00e1s conectados\u2019 que las otras islas como Isabela y Floreana, que est\u00e1n muy marginadas en el sentido de comunicaci\u00f3n, es decir, la informaci\u00f3n llega con m\u00e1s retraso.<\/span><span data-ccp-props=\"{&quot;335551550&quot;:6,&quot;335551620&quot;:6}\">\u00a0<\/span><\/p>\n<p><span data-ccp-props=\"{&quot;335551550&quot;:6,&quot;335551620&quot;:6}\">\u00a0<\/span><span data-contrast=\"none\">Las personas que buscan est\u00e1n conectadas e informadas las comunicaciones por WhatsApp son muy lentas. \u201cSi usted est\u00e1 en un grupo en Isabella y si est\u00e1s en 3G te va a tardar en llegar la informaci\u00f3n\u201d, mencion\u00f3 Luengo.<\/span><span data-ccp-props=\"{&quot;335551550&quot;:6,&quot;335551620&quot;:6}\">\u00a0<\/span><\/p>\n<p><span data-ccp-props=\"{&quot;335551550&quot;:6,&quot;335551620&quot;:6}\">\u00a0<\/span><span data-contrast=\"none\">Eric Samson, uno de los investigadores, mencion\u00f3 que \u201c<\/span><span data-contrast=\"none\">hay algunos grupos de Whatsapp en los cuales, por ejemplo, se re\u00fanen los gu\u00edas del Parque Nacional Gal\u00e1pagos o los capitanes de botes o los mercaderes, etc\u00e9tera. Entonces antes se re\u00fane por profesi\u00f3n\u201d.<\/span><span data-ccp-props=\"{&quot;335551550&quot;:6,&quot;335551620&quot;:6}\">\u00a0<\/span><\/p>\n<p><span data-contrast=\"none\">En el paper que realizaron los investigadores, dan a conocer que en las encuestas que realizaron, las redes sociales que m\u00e1s usan son, \u201c<\/span><span data-contrast=\"none\">WhatsApp, Facebook e Instagram, en ese orden de prioridad\u201d. En donde 99 personas usan WhatApp como medio principal de informaci\u00f3n y desde aqu\u00ed entra toda la desinformaci\u00f3n en las islas, creando una bola de nieve muy grande. Mientras que 14 personas usan Facebook y 6 personas Instagram. <\/span> <span data-ccp-props=\"{&quot;335551550&quot;:6,&quot;335551620&quot;:6}\">\u00a0<\/span><\/p>\n<p><span data-contrast=\"none\">A futuro tienen prometi\u00e9ndoles a las islas mucho tiempo, desde el gobierno de correa, un cable de fibra \u00f3ptica que viene desde continente. Dentro de este paper, ten\u00edan como <\/span><span data-contrast=\"none\">objetivo conocer el c\u00f3mo se comunican las islas internamente, o sea, qu\u00e9 est\u00e1n haciendo para comunicarse internamente de manera efectiva este.\u202f<\/span><span data-ccp-props=\"{&quot;335551550&quot;:6,&quot;335551620&quot;:6}\">\u00a0<\/span><\/p>\n<p><span data-ccp-props=\"{&quot;335551550&quot;:6,&quot;335551620&quot;:6}\">\u00a0<\/span><span data-contrast=\"none\">La respuesta ya se la dijo anteriormente, grupos en Facebook y WhatsApp. \u201c<\/span><span data-contrast=\"none\">Ampliamente utilizados durante la pandemia para cuestiones de compra y venta, los grupos de Facebook han dado paso a m\u00e1s mensajes sociales, mientras que los temas de negocios se han trasladado a Instagram<\/span><span data-contrast=\"none\">\u201d, mencionaron los investigadores.<\/span><span data-ccp-props=\"{&quot;335551550&quot;:6,&quot;335551620&quot;:6}\">\u00a0<\/span><\/p>\n<p><span data-ccp-props=\"{&quot;335551550&quot;:6,&quot;335551620&quot;:6}\">\u00a0<\/span><b><span data-contrast=\"none\">Desde la vista de los galapaguenses\u00a0<\/span><\/b><span data-ccp-props=\"{&quot;335551550&quot;:6,&quot;335551620&quot;:6}\">\u00a0<\/span><\/p>\n<p><span data-ccp-props=\"{&quot;335551550&quot;:6,&quot;335551620&quot;:6}\">\u00a0<\/span><span data-contrast=\"none\">Carlos Alberto Mac\u00edas, <\/span><span data-contrast=\"none\">coordinador general de comunicaci\u00f3n del Consejo de Gobierno de las Gal\u00e1pagos, dio a conocer que para \u00e9l el sistema de comunicaci\u00f3n es muy d\u00e9bil y ha tenido muchos conflictos debido a varios factores, \u201c<\/span><span data-contrast=\"none\">la deficiencia en el tema de obtenci\u00f3n de Internet y la otra es el tema de migraci\u00f3n de los periodistas\u201d.<\/span><span data-ccp-props=\"{&quot;335551550&quot;:6,&quot;335551620&quot;:6}\">\u00a0<\/span><\/p>\n<p><span data-ccp-props=\"{&quot;335551550&quot;:6,&quot;335551620&quot;:6}\">\u00a0<\/span><span data-contrast=\"none\">Mac\u00edas dio a conocer que hay seis medios radiales y tres medios digitales, \u201c<\/span><span data-contrast=\"none\">que al final son solamente plataformas de Facebook, que es por donde se transmite informaci\u00f3n, no existen televisoras\u201d.<\/span><span data-contrast=\"none\">\u202f<\/span><span data-contrast=\"none\">\u201cPeriodistas<\/span><span data-contrast=\"none\"> locales han migrado al continente y eso ha permitido que la Comunidad se encuentre desabastecida la informaci\u00f3n en el archipi\u00e9lago de las Gal\u00e1pagos y, por ende, podemos decir que existe una crisis comunicacional tanto en los medios como en la propia sociedad\u201d, dijo.<\/span><span data-ccp-props=\"{&quot;335551550&quot;:6,&quot;335551620&quot;:6}\">\u00a0<\/span><\/p>\t\t\t\t\t\t\t\t<\/div>\n\t\t\t\t<\/div>\n\t\t\t\t\t<\/div>\n\t\t<\/div>\n\t\t\t\t\t<\/div>\n\t\t<\/section>\n\t\t\t\t<section class=\"elementor-section elementor-top-section elementor-element elementor-element-7042bda elementor-section-boxed elementor-section-height-default elementor-section-height-default\" data-id=\"7042bda\" data-element_type=\"section\" data-e-type=\"section\">\n\t\t\t\t\t\t<div class=\"elementor-container elementor-column-gap-default\">\n\t\t\t\t\t<div class=\"elementor-column elementor-col-100 elementor-top-column elementor-element elementor-element-fdbf8df\" data-id=\"fdbf8df\" data-element_type=\"column\" data-e-type=\"column\">\n\t\t\t<div class=\"elementor-widget-wrap elementor-element-populated\">\n\t\t\t\t\t\t<div class=\"elementor-element elementor-element-7b5c25f elementor-widget elementor-widget-image\" data-id=\"7b5c25f\" data-element_type=\"widget\" data-e-type=\"widget\" data-widget_type=\"image.default\">\n\t\t\t\t<div class=\"elementor-widget-container\">\n\t\t\t\t\t\t\t\t\t\t\t\t<figure class=\"wp-caption\">\n\t\t\t\t\t\t\t\t\t\t<img fetchpriority=\"high\" decoding=\"async\" width=\"640\" height=\"366\" src=\"https:\/\/www.oime.com.ec\/wp-content\/uploads\/periodista-entrevistando-a-varias-personas-en-las-upscaled-1024x585.jpg\" class=\"attachment-large size-large wp-image-1788\" alt=\"\" srcset=\"https:\/\/www.oime.com.ec\/wp-content\/uploads\/periodista-entrevistando-a-varias-personas-en-las-upscaled-1024x585.jpg 1024w, https:\/\/www.oime.com.ec\/wp-content\/uploads\/periodista-entrevistando-a-varias-personas-en-las-upscaled-300x171.jpg 300w, https:\/\/www.oime.com.ec\/wp-content\/uploads\/periodista-entrevistando-a-varias-personas-en-las-upscaled-768x439.jpg 768w, https:\/\/www.oime.com.ec\/wp-content\/uploads\/periodista-entrevistando-a-varias-personas-en-las-upscaled-1536x878.jpg 1536w, https:\/\/www.oime.com.ec\/wp-content\/uploads\/periodista-entrevistando-a-varias-personas-en-las-upscaled-2048x1170.jpg 2048w, https:\/\/www.oime.com.ec\/wp-content\/uploads\/periodista-entrevistando-a-varias-personas-en-las-upscaled-1000x574.jpg 1000w, https:\/\/www.oime.com.ec\/wp-content\/uploads\/periodista-entrevistando-a-varias-personas-en-las-upscaled-1170x669.jpg 1170w\" sizes=\"(max-width: 640px) 100vw, 640px\" \/>\t\t\t\t\t\t\t\t\t\t\t<figcaption class=\"widget-image-caption wp-caption-text\">Imagen realizada con la inteligencia artificial \"wepik\"<\/figcaption>\n\t\t\t\t\t\t\t\t\t\t<\/figure>\n\t\t\t\t\t\t\t\t\t<\/div>\n\t\t\t\t<\/div>\n\t\t\t\t\t<\/div>\n\t\t<\/div>\n\t\t\t\t\t<\/div>\n\t\t<\/section>\n\t\t\t\t<section class=\"elementor-section elementor-top-section elementor-element elementor-element-e12a7db elementor-section-boxed elementor-section-height-default elementor-section-height-default\" data-id=\"e12a7db\" data-element_type=\"section\" data-e-type=\"section\">\n\t\t\t\t\t\t<div class=\"elementor-container elementor-column-gap-default\">\n\t\t\t\t\t<div class=\"elementor-column elementor-col-100 elementor-top-column elementor-element elementor-element-a229feb\" data-id=\"a229feb\" data-element_type=\"column\" data-e-type=\"column\">\n\t\t\t<div class=\"elementor-widget-wrap elementor-element-populated\">\n\t\t\t\t\t\t<div class=\"elementor-element elementor-element-06b261e elementor-widget elementor-widget-text-editor\" data-id=\"06b261e\" data-element_type=\"widget\" data-e-type=\"widget\" data-widget_type=\"text-editor.default\">\n\t\t\t\t<div class=\"elementor-widget-container\">\n\t\t\t\t\t\t\t\t\t<p><span data-contrast=\"none\">Para <\/span><span data-contrast=\"none\">Carlos <\/span><span data-contrast=\"none\">Mac\u00edas los periodistas no ha<\/span><span data-contrast=\"none\">n sido fortalecidos en sus conocimientos y eso, evidentemente, ha limitado el acceso a la informaci\u00f3n. \u201cMejorando esos conocimientos, pues se podr\u00edan instaurar medios digitales o medios\u201d.<\/span><span data-contrast=\"none\">\u202f<\/span><span data-ccp-props=\"{&quot;335551550&quot;:6,&quot;335551620&quot;:6}\">\u00a0<\/span><\/p>\n<p><span data-ccp-props=\"{&quot;335551550&quot;:6,&quot;335551620&quot;:6}\">\u00a0<\/span><span data-contrast=\"none\">Eric Samson tambi\u00e9n tiene el mismo criterio de que faltan periodistas en las Gal\u00e1pagos, \u201c<\/span><span data-contrast=\"none\">ni medios ni periodistas, hay muy pocos periodistas ahorita o por lo menos hay muy pocos periodistas que act\u00faan como periodistas, hay periodistas, pero que son dircom de <\/span><span data-contrast=\"none\">hoteles de Agencia de turismo de Organismos Internacionales, del Parque Nacional Gal\u00e1pagos, etc\u201d.<\/span><span data-ccp-props=\"{&quot;335551550&quot;:6,&quot;335551620&quot;:6}\">\u00a0<\/span><\/p>\n<p><span data-ccp-props=\"{&quot;335551550&quot;:6,&quot;335551620&quot;:6}\">\u00a0<\/span><span data-contrast=\"none\">\u201c<\/span><span data-contrast=\"none\">La esperanza, es que mejore el acceso a la tecnolog\u00eda, como le dec\u00eda el 43% de la poblaci\u00f3n tiene acceso a tecnolog\u00eda y el 23% del 50% de la poblaci\u00f3n tiene acceso a Internet. Entonces lo ideal ser\u00eda que incremente esto y mejore las condiciones comunicacionales, por un lado, y, por otro lado, el tema de que exista mayor apertura, no solamente en la difusi\u00f3n de la informaci\u00f3n ambiental como tal desde el continente ecuatoriano\u201d, dijo Mac\u00edas.\u00a0<\/span><span data-ccp-props=\"{&quot;335551550&quot;:6,&quot;335551620&quot;:6}\">\u00a0<\/span><\/p>\n<p><em><strong>USFQ &#8211; OIME news<\/strong><\/em><\/p>\n<p><em><strong>Daniela Romero<\/strong><\/em><\/p>\t\t\t\t\t\t\t\t<\/div>\n\t\t\t\t<\/div>\n\t\t\t\t\t<\/div>\n\t\t<\/div>\n\t\t\t\t\t<\/div>\n\t\t<\/section>\n\t\t\t\t<\/div>\n\t\t","protected":false},"excerpt":{"rendered":"<p>Gal\u00e1pagos, m\u00e1s conocido como las \u201cIslas Encantadas\u201d, llega a ser un \u2018dolor de cabeza\u2019 para los periodistas que ejercen esa profesi\u00f3n dentro y fuera de<\/p>\n","protected":false},"author":1,"featured_media":1786,"comment_status":"open","ping_status":"open","sticky":false,"template":"","format":"image","meta":{"footnotes":""},"categories":[8],"tags":[],"class_list":["post-1785","post","type-post","status-publish","format-image","has-post-thumbnail","hentry","category-notas-divulgativas","post_format-post-format-image","three-columns"],"_links":{"self":[{"href":"https:\/\/www.oime.com.ec\/index.php?rest_route=\/wp\/v2\/posts\/1785","targetHints":{"allow":["GET"]}}],"collection":[{"href":"https:\/\/www.oime.com.ec\/index.php?rest_route=\/wp\/v2\/posts"}],"about":[{"href":"https:\/\/www.oime.com.ec\/index.php?rest_route=\/wp\/v2\/types\/post"}],"author":[{"embeddable":true,"href":"https:\/\/www.oime.com.ec\/index.php?rest_route=\/wp\/v2\/users\/1"}],"replies":[{"embeddable":true,"href":"https:\/\/www.oime.com.ec\/index.php?rest_route=%2Fwp%2Fv2%2Fcomments&post=1785"}],"version-history":[{"count":4,"href":"https:\/\/www.oime.com.ec\/index.php?rest_route=\/wp\/v2\/posts\/1785\/revisions"}],"predecessor-version":[{"id":1791,"href":"https:\/\/www.oime.com.ec\/index.php?rest_route=\/wp\/v2\/posts\/1785\/revisions\/1791"}],"wp:featuredmedia":[{"embeddable":true,"href":"https:\/\/www.oime.com.ec\/index.php?rest_route=\/wp\/v2\/media\/1786"}],"wp:attachment":[{"href":"https:\/\/www.oime.com.ec\/index.php?rest_route=%2Fwp%2Fv2%2Fmedia&parent=1785"}],"wp:term":[{"taxonomy":"category","embeddable":true,"href":"https:\/\/www.oime.com.ec\/index.php?rest_route=%2Fwp%2Fv2%2Fcategories&post=1785"},{"taxonomy":"post_tag","embeddable":true,"href":"https:\/\/www.oime.com.ec\/index.php?rest_route=%2Fwp%2Fv2%2Ftags&post=1785"}],"curies":[{"name":"wp","href":"https:\/\/api.w.org\/{rel}","templated":true}]}}