{"id":1803,"date":"2024-03-20T17:28:31","date_gmt":"2024-03-20T22:28:31","guid":{"rendered":"https:\/\/oime.com.ec\/?p=1803"},"modified":"2024-03-20T17:34:23","modified_gmt":"2024-03-20T22:34:23","slug":"en-sintonia-con-la-informacion-divulgalotodo-llega-a-radio-facso-de-la-universidad-central-del-ecuador","status":"publish","type":"post","link":"https:\/\/www.oime.com.ec\/?p=1803","title":{"rendered":"En sinton\u00eda con la informaci\u00f3n: #Div\u00falgaloTodo llega a Radio Facso de la Universidad Central del Ecuador"},"content":{"rendered":"\t\t<div data-elementor-type=\"wp-post\" data-elementor-id=\"1803\" class=\"elementor elementor-1803\">\n\t\t\t\t\t\t<section class=\"elementor-section elementor-top-section elementor-element elementor-element-3fbaa5c4 elementor-section-boxed elementor-section-height-default elementor-section-height-default\" data-id=\"3fbaa5c4\" data-element_type=\"section\" data-e-type=\"section\">\n\t\t\t\t\t\t<div class=\"elementor-container elementor-column-gap-default\">\n\t\t\t\t\t<div class=\"elementor-column elementor-col-100 elementor-top-column elementor-element elementor-element-49068766\" data-id=\"49068766\" data-element_type=\"column\" data-e-type=\"column\">\n\t\t\t<div class=\"elementor-widget-wrap elementor-element-populated\">\n\t\t\t\t\t\t<div class=\"elementor-element elementor-element-241f316e elementor-widget elementor-widget-text-editor\" data-id=\"241f316e\" data-element_type=\"widget\" data-e-type=\"widget\" data-widget_type=\"text-editor.default\">\n\t\t\t\t<div class=\"elementor-widget-container\">\n\t\t\t\t\t\t\t\t\t<p><\/p>\t\t\t\t\t\t\t\t<\/div>\n\t\t\t\t<\/div>\n\t\t\t\t\t<\/div>\n\t\t<\/div>\n\t\t\t\t\t<\/div>\n\t\t<\/section>\n\t\t\t\t<section class=\"elementor-section elementor-top-section elementor-element elementor-element-564fa16 elementor-section-boxed elementor-section-height-default elementor-section-height-default\" data-id=\"564fa16\" data-element_type=\"section\" data-e-type=\"section\">\n\t\t\t\t\t\t<div class=\"elementor-container elementor-column-gap-default\">\n\t\t\t\t\t<div class=\"elementor-column elementor-col-50 elementor-top-column elementor-element elementor-element-97be513\" data-id=\"97be513\" data-element_type=\"column\" data-e-type=\"column\">\n\t\t\t<div class=\"elementor-widget-wrap elementor-element-populated\">\n\t\t\t\t\t\t<div class=\"elementor-element elementor-element-1fcdc88 elementor-widget elementor-widget-image\" data-id=\"1fcdc88\" data-element_type=\"widget\" data-e-type=\"widget\" data-widget_type=\"image.default\">\n\t\t\t\t<div class=\"elementor-widget-container\">\n\t\t\t\t\t\t\t\t\t\t\t\t\t\t\t<img fetchpriority=\"high\" decoding=\"async\" width=\"640\" height=\"916\" src=\"https:\/\/www.oime.com.ec\/wp-content\/uploads\/imagen2-gg.png\" class=\"attachment-large size-large wp-image-1806\" alt=\"\" srcset=\"https:\/\/www.oime.com.ec\/wp-content\/uploads\/imagen2-gg.png 702w, https:\/\/www.oime.com.ec\/wp-content\/uploads\/imagen2-gg-210x300.png 210w\" sizes=\"(max-width: 640px) 100vw, 640px\" \/>\t\t\t\t\t\t\t\t\t\t\t\t\t\t\t<\/div>\n\t\t\t\t<\/div>\n\t\t\t\t\t<\/div>\n\t\t<\/div>\n\t\t\t\t<div class=\"elementor-column elementor-col-50 elementor-top-column elementor-element elementor-element-e37825b\" data-id=\"e37825b\" data-element_type=\"column\" data-e-type=\"column\">\n\t\t\t<div class=\"elementor-widget-wrap elementor-element-populated\">\n\t\t\t\t\t\t<div class=\"elementor-element elementor-element-3731c5e elementor-widget elementor-widget-image\" data-id=\"3731c5e\" data-element_type=\"widget\" data-e-type=\"widget\" data-widget_type=\"image.default\">\n\t\t\t\t<div class=\"elementor-widget-container\">\n\t\t\t\t\t\t\t\t\t\t\t\t\t\t\t<img decoding=\"async\" width=\"640\" height=\"957\" src=\"https:\/\/www.oime.com.ec\/wp-content\/uploads\/imagen3-gg.png\" class=\"attachment-large size-large wp-image-1807\" alt=\"\" srcset=\"https:\/\/www.oime.com.ec\/wp-content\/uploads\/imagen3-gg.png 672w, https:\/\/www.oime.com.ec\/wp-content\/uploads\/imagen3-gg-201x300.png 201w\" sizes=\"(max-width: 640px) 100vw, 640px\" \/>\t\t\t\t\t\t\t\t\t\t\t\t\t\t\t<\/div>\n\t\t\t\t<\/div>\n\t\t\t\t\t<\/div>\n\t\t<\/div>\n\t\t\t\t\t<\/div>\n\t\t<\/section>\n\t\t\t\t<section class=\"elementor-section elementor-top-section elementor-element elementor-element-60c0636 elementor-section-boxed elementor-section-height-default elementor-section-height-default\" data-id=\"60c0636\" data-element_type=\"section\" data-e-type=\"section\">\n\t\t\t\t\t\t<div class=\"elementor-container elementor-column-gap-default\">\n\t\t\t\t\t<div class=\"elementor-column elementor-col-100 elementor-top-column elementor-element elementor-element-0fb747d\" data-id=\"0fb747d\" data-element_type=\"column\" data-e-type=\"column\">\n\t\t\t<div class=\"elementor-widget-wrap elementor-element-populated\">\n\t\t\t\t\t\t<div class=\"elementor-element elementor-element-53a0e96 elementor-widget elementor-widget-text-editor\" data-id=\"53a0e96\" data-element_type=\"widget\" data-e-type=\"widget\" data-widget_type=\"text-editor.default\">\n\t\t\t\t<div class=\"elementor-widget-container\">\n\t\t\t\t\t\t\t\t\t<p><span style=\"color: #000000; letter-spacing: normal; font-size: 12pt; line-height: 17.12px; font-family: Arial, sans-serif;\">De acuerdo con Ivanova Nieto, presidenta de la <\/span><span style=\"color: #000000; letter-spacing: normal; font-size: 11pt; line-height: 15.6933px; font-family: Calibri, sans-serif;\"><a style=\"color: #0563c1; text-decoration-line: underline;\" href=\"https:\/\/www.facebook.com\/p\/RRUE-Red-de-Radios-Universitarias-del-Ecuador-100050459082832\/\"><span style=\"font-size: 12pt; line-height: 17.12px; font-family: Arial, sans-serif;\">Red de Radios Universitarias del Ecuador (RRUE)<\/span><\/a><\/span><span style=\"color: #000000; letter-spacing: normal; font-size: 12pt; line-height: 17.12px; font-family: Arial, sans-serif;\"> y docente de la Facultad de Comunicaci\u00f3n Social de la Universidad Central del Ecuador, a trav\u00e9s de la organizaci\u00f3n de este espacio se estimula la reflexi\u00f3n y se construye opini\u00f3n p\u00fablica. A\u00f1ade que la participaci\u00f3n de los estudiantes universitarios en la cobertura del #Div\u00falgaloTodo forma en ellos el criterio profesional que les permitir\u00e1 reconocer la pertinencia para hablar sobre un determinado asunto. Paralelamente, se fortalece su capacidad de escucha y se ampl\u00eda su capital cultural; pues conocen distintas fuentes que no solo les ser\u00e1n \u00fatiles para contrastar la informaci\u00f3n sino, adem\u00e1s, para plantear sus temas de tesis y armar su listado de contactos a nivel de la profesi\u00f3n.<\/span><\/p>\t\t\t\t\t\t\t\t<\/div>\n\t\t\t\t<\/div>\n\t\t\t\t<div class=\"elementor-element elementor-element-f5df5e9 elementor-widget elementor-widget-image\" data-id=\"f5df5e9\" data-element_type=\"widget\" data-e-type=\"widget\" data-widget_type=\"image.default\">\n\t\t\t\t<div class=\"elementor-widget-container\">\n\t\t\t\t\t\t\t\t\t\t\t\t\t\t\t<img decoding=\"async\" width=\"640\" height=\"360\" src=\"https:\/\/www.oime.com.ec\/wp-content\/uploads\/foto-4-gg-1024x576.png\" class=\"attachment-large size-large wp-image-1808\" alt=\"\" srcset=\"https:\/\/www.oime.com.ec\/wp-content\/uploads\/foto-4-gg-1024x576.png 1024w, https:\/\/www.oime.com.ec\/wp-content\/uploads\/foto-4-gg-300x169.png 300w, https:\/\/www.oime.com.ec\/wp-content\/uploads\/foto-4-gg-768x432.png 768w, https:\/\/www.oime.com.ec\/wp-content\/uploads\/foto-4-gg-1170x659.png 1170w, https:\/\/www.oime.com.ec\/wp-content\/uploads\/foto-4-gg.png 1384w\" sizes=\"(max-width: 640px) 100vw, 640px\" \/>\t\t\t\t\t\t\t\t\t\t\t\t\t\t\t<\/div>\n\t\t\t\t<\/div>\n\t\t\t\t<div class=\"elementor-element elementor-element-a5d776d elementor-widget elementor-widget-text-editor\" data-id=\"a5d776d\" data-element_type=\"widget\" data-e-type=\"widget\" data-widget_type=\"text-editor.default\">\n\t\t\t\t<div class=\"elementor-widget-container\">\n\t\t\t\t\t\t\t\t\t<h2 style=\"margin: 0cm; line-height: 22px; font-size: 11pt; font-family: Calibri, sans-serif; color: #000000; letter-spacing: normal; text-align: justify;\"><span style=\"font-weight: normal;\"><span style=\"font-size: 12pt; line-height: 24px; font-family: Arial, sans-serif;\">Por su parte, <\/span><a style=\"color: #0563c1; text-decoration-line: underline;\" href=\"https:\/\/abelsuing.wordpress.com\/\"><span style=\"font-size: 12pt; line-height: 24px; font-family: Arial, sans-serif;\">Abel Suing<\/span><\/a><span style=\"font-size: 12pt; line-height: 24px; font-family: Arial, sans-serif;\">, docente-investigador en la Universidad T\u00e9cnica Particular de Loja y quien fue uno de los moderadores en diciembre de 2023, cuando se trat\u00f3 el tema:<\/span><a style=\"color: #0563c1; text-decoration-line: underline;\" href=\"https:\/\/twitter.com\/OimeEcuador\/status\/1737655454577094750\"><span style=\"font-size: 12pt; line-height: 24px; font-family: Arial, sans-serif;\"> \u201cCultura financiera para la ciudadan\u00eda en el 2024\u201d<\/span><\/a><span style=\"font-size: 12pt; line-height: 24px; font-family: Arial, sans-serif;\">, manifiesta que este di\u00e1logo en tiempo real es ejemplo de una buena pr\u00e1ctica comunicacional que debe multiplicarse. Por eso lo considera necesario, ya que permite acercar a los ciudadanos a temas emergentes y urgentes de la cotidianidad tratados por especialistas, pero con un lenguaje llano. Desde su mirada, esta es la manera de utilizar adecuadamente las posibilidades que brindan las nuevas tecnolog\u00edas para \u201cciudadanizarlas\u201d y ponerlas al servicio de la sociedad.<\/span><\/span><\/h2>\n<p class=\"MsoNormal\" style=\"margin: 0cm; line-height: 22px; font-size: 11pt; font-family: Calibri, sans-serif; color: #000000; letter-spacing: normal; text-align: justify;\"><span style=\"font-size: 12pt; line-height: 24px; font-family: Arial, sans-serif;\">\u00a0<\/span><\/p>\n<p class=\"MsoNormal\" style=\"margin: 0cm; line-height: 22px; font-size: 11pt; font-family: Calibri, sans-serif; color: #000000; letter-spacing: normal; text-align: justify;\"><span style=\"font-size: 12pt; line-height: 24px; font-family: Arial, sans-serif;\">En calidad de moderador, comenta que su experiencia fue enriquecedora; pues uno de sus roles fue realizar la retroalimentaci\u00f3n de los puntos de vista planteados por los invitados para esclarecerlos a\u00fan m\u00e1s, con el fin de que el p\u00fablico no se quede con inquietudes.<\/span><\/p>\t\t\t\t\t\t\t\t<\/div>\n\t\t\t\t<\/div>\n\t\t\t\t<div class=\"elementor-element elementor-element-686800d elementor-widget elementor-widget-image\" data-id=\"686800d\" data-element_type=\"widget\" data-e-type=\"widget\" data-widget_type=\"image.default\">\n\t\t\t\t<div class=\"elementor-widget-container\">\n\t\t\t\t\t\t\t\t\t\t\t\t\t\t\t<img loading=\"lazy\" decoding=\"async\" width=\"640\" height=\"360\" src=\"https:\/\/www.oime.com.ec\/wp-content\/uploads\/foto-5-gg-1024x576.png\" class=\"attachment-large size-large wp-image-1809\" alt=\"\" srcset=\"https:\/\/www.oime.com.ec\/wp-content\/uploads\/foto-5-gg-1024x576.png 1024w, https:\/\/www.oime.com.ec\/wp-content\/uploads\/foto-5-gg-300x169.png 300w, https:\/\/www.oime.com.ec\/wp-content\/uploads\/foto-5-gg-768x432.png 768w, https:\/\/www.oime.com.ec\/wp-content\/uploads\/foto-5-gg-1170x659.png 1170w, https:\/\/www.oime.com.ec\/wp-content\/uploads\/foto-5-gg.png 1384w\" sizes=\"(max-width: 640px) 100vw, 640px\" \/>\t\t\t\t\t\t\t\t\t\t\t\t\t\t\t<\/div>\n\t\t\t\t<\/div>\n\t\t\t\t<div class=\"elementor-element elementor-element-43f7138 elementor-widget elementor-widget-text-editor\" data-id=\"43f7138\" data-element_type=\"widget\" data-e-type=\"widget\" data-widget_type=\"text-editor.default\">\n\t\t\t\t<div class=\"elementor-widget-container\">\n\t\t\t\t\t\t\t\t\t<p class=\"MsoNormal\" style=\"margin: 0cm; line-height: 22px; font-size: 11pt; font-family: Calibri, sans-serif; color: #000000; letter-spacing: normal; text-align: justify;\"><span style=\"font-size: 12pt; line-height: 24px; font-family: Arial, sans-serif;\">Es oportuno se\u00f1alar que el #Div\u00falgaloTodo se ha ganado la confianza de periodistas y distintas organizaciones. Esto se evidencia en que este espacio fue el elegido para el lanzamiento de la \u201c<\/span><a style=\"color: #0563c1; text-decoration-line: underline;\" href=\"https:\/\/twitter.com\/OimeEcuador\/status\/1717362882369695802\"><span style=\"font-size: 12pt; line-height: 24px; font-family: Arial, sans-serif;\">Nueva gu\u00eda hecha por y para periodistas sobre movilidad humana<\/span><\/a><span style=\"font-size: 12pt; line-height: 24px; font-family: Arial, sans-serif;\">\u201d. Yasmina Hera, presidenta de la <\/span><a style=\"color: #0563c1; text-decoration-line: underline;\" href=\"https:\/\/www.instagram.com\/periodistasve.ec\/?hl=es-la\"><span style=\"font-size: 12pt; line-height: 24px; font-family: Arial, sans-serif;\">Asociaci\u00f3n de Periodistas Venezolanos en Ecuador<\/span><\/a><span style=\"font-size: 12pt; line-height: 24px; font-family: Arial, sans-serif;\">, comenta sobre esta vivencia que les permiti\u00f3 que la informaci\u00f3n cruzara fronteras y que colegas de otros pa\u00edses se conectaran y les escribieran para solicitar el <\/span><a style=\"color: #0563c1; text-decoration-line: underline;\" href=\"https:\/\/www.acnur.org\/media\/manual-para-comunicar-sobre-movilidad-humana-guia-practica-para-comunicadores\"><span style=\"font-size: 12pt; line-height: 24px; font-family: Arial, sans-serif;\">manual<\/span><\/a><span style=\"font-size: 12pt; line-height: 24px; font-family: Arial, sans-serif;\">, as\u00ed como para felicitarlos por su trabajo.<\/span><\/p>\t\t\t\t\t\t\t\t<\/div>\n\t\t\t\t<\/div>\n\t\t\t\t<div class=\"elementor-element elementor-element-e2ef1db elementor-widget elementor-widget-image\" data-id=\"e2ef1db\" data-element_type=\"widget\" data-e-type=\"widget\" data-widget_type=\"image.default\">\n\t\t\t\t<div class=\"elementor-widget-container\">\n\t\t\t\t\t\t\t\t\t\t\t\t\t\t\t<img loading=\"lazy\" decoding=\"async\" width=\"640\" height=\"360\" src=\"https:\/\/www.oime.com.ec\/wp-content\/uploads\/foto-6-gg-1024x576.png\" class=\"attachment-large size-large wp-image-1810\" alt=\"\" srcset=\"https:\/\/www.oime.com.ec\/wp-content\/uploads\/foto-6-gg-1024x576.png 1024w, https:\/\/www.oime.com.ec\/wp-content\/uploads\/foto-6-gg-300x169.png 300w, https:\/\/www.oime.com.ec\/wp-content\/uploads\/foto-6-gg-768x432.png 768w, https:\/\/www.oime.com.ec\/wp-content\/uploads\/foto-6-gg-1170x659.png 1170w, https:\/\/www.oime.com.ec\/wp-content\/uploads\/foto-6-gg.png 1384w\" sizes=\"(max-width: 640px) 100vw, 640px\" \/>\t\t\t\t\t\t\t\t\t\t\t\t\t\t\t<\/div>\n\t\t\t\t<\/div>\n\t\t\t\t<div class=\"elementor-element elementor-element-4351603 elementor-widget elementor-widget-text-editor\" data-id=\"4351603\" data-element_type=\"widget\" data-e-type=\"widget\" data-widget_type=\"text-editor.default\">\n\t\t\t\t<div class=\"elementor-widget-container\">\n\t\t\t\t\t\t\t\t\t<p class=\"MsoNormal\" style=\"margin: 0cm 0cm 8pt; line-height: 22px; font-size: 11pt; font-family: Calibri, sans-serif; color: #000000; letter-spacing: normal; text-align: justify;\"><b><span style=\"font-size: 13pt; line-height: 26px; font-family: Arial, sans-serif;\">Las experiencias de los estudiantes de la Facso-UCE<\/span><\/b><\/p>\n<p class=\"MsoNormal\" style=\"margin: 0cm 0cm 8pt; line-height: 22px; font-size: 11pt; font-family: Calibri, sans-serif; color: #000000; letter-spacing: normal; text-align: justify;\"><span style=\"font-size: 12pt; line-height: 24px; font-family: Arial, sans-serif;\">Heidy Paca, estudiante del sexto semestre de Comunicaci\u00f3n con \u00e9nfasis en Periodismo, particip\u00f3 como coordinadora del equipo de producci\u00f3n del v\u00eddeo resumen del #Div\u00falgaloTodo de <\/span><a style=\"color: #0563c1; text-decoration-line: underline;\" href=\"https:\/\/twitter.com\/OimeEcuador\/status\/1741308392839282945\"><span style=\"font-size: 12pt; line-height: 24px; font-family: Arial, sans-serif;\">diciembre<\/span><\/a><span style=\"font-size: 12pt; line-height: 24px; font-family: Arial, sans-serif;\"> 2023 y <\/span><a style=\"color: #0563c1; text-decoration-line: underline;\" href=\"https:\/\/twitter.com\/OimeEcuador\/status\/1756413918396715201\"><span style=\"font-size: 12pt; line-height: 24px; font-family: Arial, sans-serif;\">enero<\/span><\/a><span style=\"font-size: 12pt; line-height: 24px; font-family: Arial, sans-serif;\"> 2024. El grupo tambi\u00e9n estuvo integrado por Dayana Chicango, Diana Cumbajin y Lady Guzm\u00e1n.<\/span><\/p>\n<p class=\"MsoNormal\" style=\"margin: 0cm 0cm 8pt; line-height: 22px; font-size: 11pt; font-family: Calibri, sans-serif; color: #000000; letter-spacing: normal; text-align: justify;\"><span style=\"font-size: 12pt; line-height: 24px; font-family: Arial, sans-serif;\">Heidy manifiesta que antes de incorporarse a este espacio no utilizaba con frecuencia \u201cX\u201d ni conoc\u00eda que se pod\u00edan realizar transmisiones en vivo para hablar de una diversidad de temas. Para ella, esta oportunidad le permiti\u00f3 potenciar sus habilidades para producir y editar v\u00eddeos. De hecho, revela que busc\u00f3 nuevas aplicaciones para mejorar la calidad del producto audiovisual y que aprendi\u00f3 a trabajar en equipo.<\/span><\/p>\t\t\t\t\t\t\t\t<\/div>\n\t\t\t\t<\/div>\n\t\t\t\t<div class=\"elementor-element elementor-element-a3a86ef elementor-widget elementor-widget-image\" data-id=\"a3a86ef\" data-element_type=\"widget\" data-e-type=\"widget\" data-widget_type=\"image.default\">\n\t\t\t\t<div class=\"elementor-widget-container\">\n\t\t\t\t\t\t\t\t\t\t\t\t\t\t\t<img loading=\"lazy\" decoding=\"async\" width=\"640\" height=\"360\" src=\"https:\/\/www.oime.com.ec\/wp-content\/uploads\/foto-7-gg-1024x576.png\" class=\"attachment-large size-large wp-image-1811\" alt=\"\" srcset=\"https:\/\/www.oime.com.ec\/wp-content\/uploads\/foto-7-gg-1024x576.png 1024w, https:\/\/www.oime.com.ec\/wp-content\/uploads\/foto-7-gg-300x169.png 300w, https:\/\/www.oime.com.ec\/wp-content\/uploads\/foto-7-gg-768x432.png 768w, https:\/\/www.oime.com.ec\/wp-content\/uploads\/foto-7-gg-1170x659.png 1170w, https:\/\/www.oime.com.ec\/wp-content\/uploads\/foto-7-gg.png 1384w\" sizes=\"(max-width: 640px) 100vw, 640px\" \/>\t\t\t\t\t\t\t\t\t\t\t\t\t\t\t<\/div>\n\t\t\t\t<\/div>\n\t\t\t\t\t<\/div>\n\t\t<\/div>\n\t\t\t\t\t<\/div>\n\t\t<\/section>\n\t\t\t\t<section class=\"elementor-section elementor-top-section elementor-element elementor-element-9f5b7ca elementor-section-boxed elementor-section-height-default elementor-section-height-default\" data-id=\"9f5b7ca\" data-element_type=\"section\" data-e-type=\"section\">\n\t\t\t\t\t\t<div class=\"elementor-container elementor-column-gap-default\">\n\t\t\t\t\t<div class=\"elementor-column elementor-col-100 elementor-top-column elementor-element elementor-element-f3cf920\" data-id=\"f3cf920\" data-element_type=\"column\" data-e-type=\"column\">\n\t\t\t<div class=\"elementor-widget-wrap elementor-element-populated\">\n\t\t\t\t\t\t<div class=\"elementor-element elementor-element-dade31f elementor-widget elementor-widget-text-editor\" data-id=\"dade31f\" data-element_type=\"widget\" data-e-type=\"widget\" data-widget_type=\"text-editor.default\">\n\t\t\t\t<div class=\"elementor-widget-container\">\n\t\t\t\t\t\t\t\t\t<p class=\"MsoNormal\" style=\"margin: 0cm 0cm 8pt; line-height: 22px; font-size: 11pt; font-family: Calibri, sans-serif; color: #000000; letter-spacing: normal; text-align: justify;\"><span style=\"font-size: 12pt; line-height: 24px; font-family: Arial, sans-serif;\">Otra de las experiencias recolectadas es la de Santiago Mej\u00eda, estudiante de sexto semestre de Comunicaci\u00f3n con \u00e9nfasis en Periodismo, quien colabor\u00f3 con la cobertura de los <\/span><a style=\"color: #0563c1; text-decoration-line: underline;\" href=\"https:\/\/twitter.com\/OimeEcuador\/status\/1737639066693456125\"><span style=\"font-size: 12pt; line-height: 24px; font-family: Arial, sans-serif;\">tuits en directo en el #Div\u00falgaloTodo de diciembre 2023<\/span><\/a><span style=\"font-size: 12pt; line-height: 24px; font-family: Arial, sans-serif;\">. Al igual que Heidy, desconoc\u00eda de los live en \u201cX\u201d. As\u00ed que esta fue la ocasi\u00f3n para aprender algo nuevo de este medio social, al que lo considera de car\u00e1cter m\u00e1s formal y apropiado para abordar temas acad\u00e9micos.<\/span><\/p>\n<p class=\"MsoNormal\" style=\"margin: 0cm 0cm 8pt; line-height: 22px; font-size: 11pt; font-family: Calibri, sans-serif; color: #000000; letter-spacing: normal; text-align: justify;\"><span style=\"font-size: 12pt; line-height: 24px; font-family: Arial, sans-serif;\">Para \u00e9l, los tuits en directo son muy \u00fatiles, ya que ayudan a orientar a los usuarios que se conectan posteriormente a la conversaci\u00f3n. Est\u00e1 seguro de que el trabajo que realiz\u00f3 le servir\u00e1 en su vida profesional, pues implic\u00f3 desarrollar la capacidad de sintetizar lo que dice una persona en el momento real. \u201cNo hab\u00eda antes seguido el ritmo de palabra de una persona para al instante tuitear lo expresado\u201d, detalla Santiago.<\/span><\/p>\t\t\t\t\t\t\t\t<\/div>\n\t\t\t\t<\/div>\n\t\t\t\t\t<\/div>\n\t\t<\/div>\n\t\t\t\t\t<\/div>\n\t\t<\/section>\n\t\t\t\t<section class=\"elementor-section elementor-top-section elementor-element elementor-element-f9ec0bd elementor-section-boxed elementor-section-height-default elementor-section-height-default\" data-id=\"f9ec0bd\" data-element_type=\"section\" data-e-type=\"section\">\n\t\t\t\t\t\t<div class=\"elementor-container elementor-column-gap-default\">\n\t\t\t\t\t<div class=\"elementor-column elementor-col-100 elementor-top-column elementor-element elementor-element-2ddd2e1\" data-id=\"2ddd2e1\" data-element_type=\"column\" data-e-type=\"column\">\n\t\t\t<div class=\"elementor-widget-wrap elementor-element-populated\">\n\t\t\t\t\t\t<div class=\"elementor-element elementor-element-4be5be0 elementor-widget elementor-widget-image\" data-id=\"4be5be0\" data-element_type=\"widget\" data-e-type=\"widget\" data-widget_type=\"image.default\">\n\t\t\t\t<div class=\"elementor-widget-container\">\n\t\t\t\t\t\t\t\t\t\t\t\t\t\t\t<img loading=\"lazy\" decoding=\"async\" width=\"640\" height=\"360\" src=\"https:\/\/www.oime.com.ec\/wp-content\/uploads\/foto-8-gg-1024x576.png\" class=\"attachment-large size-large wp-image-1812\" alt=\"\" srcset=\"https:\/\/www.oime.com.ec\/wp-content\/uploads\/foto-8-gg-1024x576.png 1024w, https:\/\/www.oime.com.ec\/wp-content\/uploads\/foto-8-gg-300x169.png 300w, https:\/\/www.oime.com.ec\/wp-content\/uploads\/foto-8-gg-768x432.png 768w, https:\/\/www.oime.com.ec\/wp-content\/uploads\/foto-8-gg-1170x659.png 1170w, https:\/\/www.oime.com.ec\/wp-content\/uploads\/foto-8-gg.png 1384w\" sizes=\"(max-width: 640px) 100vw, 640px\" \/>\t\t\t\t\t\t\t\t\t\t\t\t\t\t\t<\/div>\n\t\t\t\t<\/div>\n\t\t\t\t\t<\/div>\n\t\t<\/div>\n\t\t\t\t\t<\/div>\n\t\t<\/section>\n\t\t\t\t<section class=\"elementor-section elementor-top-section elementor-element elementor-element-421a793 elementor-section-boxed elementor-section-height-default elementor-section-height-default\" data-id=\"421a793\" data-element_type=\"section\" data-e-type=\"section\">\n\t\t\t\t\t\t<div class=\"elementor-container elementor-column-gap-default\">\n\t\t\t\t\t<div class=\"elementor-column elementor-col-100 elementor-top-column elementor-element elementor-element-de5aab2\" data-id=\"de5aab2\" data-element_type=\"column\" data-e-type=\"column\">\n\t\t\t<div class=\"elementor-widget-wrap elementor-element-populated\">\n\t\t\t\t\t\t<div class=\"elementor-element elementor-element-877f2d4 elementor-widget elementor-widget-text-editor\" data-id=\"877f2d4\" data-element_type=\"widget\" data-e-type=\"widget\" data-widget_type=\"text-editor.default\">\n\t\t\t\t<div class=\"elementor-widget-container\">\n\t\t\t\t\t\t\t\t\t<p class=\"MsoNormal\" style=\"margin: 0cm; line-height: 22px; font-size: 11pt; font-family: Calibri, sans-serif; color: #000000; letter-spacing: normal; text-align: justify;\"><b><span style=\"font-size: 13pt; line-height: 26px; font-family: Arial, sans-serif;\">Radio Facso: el nuevo espacio de transmisi\u00f3n del #Div\u00falgaloTodo<\/span><\/b><\/p>\t\t\t\t\t\t\t\t<\/div>\n\t\t\t\t<\/div>\n\t\t\t\t\t<\/div>\n\t\t<\/div>\n\t\t\t\t\t<\/div>\n\t\t<\/section>\n\t\t\t\t<section class=\"elementor-section elementor-top-section elementor-element elementor-element-1a432cc elementor-section-boxed elementor-section-height-default elementor-section-height-default\" data-id=\"1a432cc\" data-element_type=\"section\" data-e-type=\"section\">\n\t\t\t\t\t\t<div class=\"elementor-container elementor-column-gap-default\">\n\t\t\t\t\t<div class=\"elementor-column elementor-col-100 elementor-top-column elementor-element elementor-element-7fc345c\" data-id=\"7fc345c\" data-element_type=\"column\" data-e-type=\"column\">\n\t\t\t<div class=\"elementor-widget-wrap elementor-element-populated\">\n\t\t\t\t\t\t<div class=\"elementor-element elementor-element-f270caa elementor-widget elementor-widget-image\" data-id=\"f270caa\" data-element_type=\"widget\" data-e-type=\"widget\" data-widget_type=\"image.default\">\n\t\t\t\t<div class=\"elementor-widget-container\">\n\t\t\t\t\t\t\t\t\t\t\t\t<figure class=\"wp-caption\">\n\t\t\t\t\t\t\t\t\t\t<img loading=\"lazy\" decoding=\"async\" width=\"640\" height=\"138\" src=\"https:\/\/www.oime.com.ec\/wp-content\/uploads\/imagen-gg-foto-9.png\" class=\"attachment-large size-large wp-image-1813\" alt=\"\" srcset=\"https:\/\/www.oime.com.ec\/wp-content\/uploads\/imagen-gg-foto-9.png 900w, https:\/\/www.oime.com.ec\/wp-content\/uploads\/imagen-gg-foto-9-300x65.png 300w, https:\/\/www.oime.com.ec\/wp-content\/uploads\/imagen-gg-foto-9-768x166.png 768w\" sizes=\"(max-width: 640px) 100vw, 640px\" \/>\t\t\t\t\t\t\t\t\t\t\t<figcaption class=\"widget-image-caption wp-caption-text\">Logo oficial de Radio Facso<\/figcaption>\n\t\t\t\t\t\t\t\t\t\t<\/figure>\n\t\t\t\t\t\t\t\t\t<\/div>\n\t\t\t\t<\/div>\n\t\t\t\t\t<\/div>\n\t\t<\/div>\n\t\t\t\t\t<\/div>\n\t\t<\/section>\n\t\t\t\t<section class=\"elementor-section elementor-top-section elementor-element elementor-element-61d0c35 elementor-section-boxed elementor-section-height-default elementor-section-height-default\" data-id=\"61d0c35\" data-element_type=\"section\" data-e-type=\"section\">\n\t\t\t\t\t\t<div class=\"elementor-container elementor-column-gap-default\">\n\t\t\t\t\t<div class=\"elementor-column elementor-col-100 elementor-top-column elementor-element elementor-element-b18e8b1\" data-id=\"b18e8b1\" data-element_type=\"column\" data-e-type=\"column\">\n\t\t\t<div class=\"elementor-widget-wrap elementor-element-populated\">\n\t\t\t\t\t\t<div class=\"elementor-element elementor-element-6c61871 elementor-widget elementor-widget-text-editor\" data-id=\"6c61871\" data-element_type=\"widget\" data-e-type=\"widget\" data-widget_type=\"text-editor.default\">\n\t\t\t\t<div class=\"elementor-widget-container\">\n\t\t\t\t\t\t\t\t\t<p class=\"MsoNormal\" style=\"margin: 0cm; line-height: 22px; font-size: 11pt; font-family: Calibri, sans-serif; color: #000000; letter-spacing: normal; text-align: justify;\"><span style=\"font-size: 12pt; line-height: 24px; font-family: Arial, sans-serif;\">Para Ivanova Nieto, es imprescindible fortalecer los v\u00ednculos entre las universidades para con los estudiantes producir contenidos de calidad y difundirlos. Con esto coincide Abel Suing, quien resalta el trabajo conjunto que est\u00e1n haciendo las universidades p\u00fablicas y privadas. Esto significa que hay elementos comunes vinculados a la exigencia de generar informaci\u00f3n de calidad.<\/span><\/p>\n<p class=\"MsoNormal\" style=\"margin: 0cm; line-height: 22px; font-size: 11pt; font-family: Calibri, sans-serif; color: #000000; letter-spacing: normal; text-align: justify;\"><span style=\"font-size: 12pt; line-height: 24px; font-family: Arial, sans-serif;\">&nbsp;<\/span><\/p>\n<p class=\"MsoNormal\" style=\"margin: 0cm; line-height: 22px; font-size: 11pt; font-family: Calibri, sans-serif; color: #000000; letter-spacing: normal; text-align: justify;\"><span style=\"font-size: 12pt; line-height: 24px; font-family: Arial, sans-serif;\">\u201cLa idea es que el #Div\u00falgaloTodo no se quede solo en la plataforma \u201cX\u201d, pues detr\u00e1s de cada emisi\u00f3n hay un gran esfuerzo de coordinaci\u00f3n. Asimismo, las investigaciones no solo pueden quedar en un <i>paper<\/i>. La investigaci\u00f3n tiene que apuntar a mejorar la calidad de vida de las personas, cambiar las pol\u00edticas p\u00fablicas, patentar descubrimientos, construir otras formas de adquirir h\u00e1bitos que generen responsabilidad y compromiso\u201d, puntualiza Ivanova Nieto.<\/span><\/p>\n<p class=\"MsoNormal\" style=\"margin: 0cm; line-height: 22px; font-size: 11pt; font-family: Calibri, sans-serif; color: #000000; letter-spacing: normal; text-align: justify;\"><span style=\"font-size: 12pt; line-height: 24px; font-family: Arial, sans-serif;\">&nbsp;<\/span><\/p>\n<p class=\"MsoNormal\" style=\"margin: 0cm; line-height: 22px; font-size: 11pt; font-family: Calibri, sans-serif; color: #000000; letter-spacing: normal; text-align: justify;\"><span style=\"font-size: 12pt; line-height: 24px; font-family: Arial, sans-serif;\">Partiendo de lo anterior, la docente y tambi\u00e9n directora y conductora del programa radial \u201cFuego Sagrado\u201d propone trabajar en estrategias para alcanzar una diversidad de p\u00fablicos. Siendo consciente de que la plataforma \u201cX\u201d tiene un p\u00fablico definido y no todos los que son parte de este <i>microblogging<\/i> pueden conectarse al #Div\u00falgaloTodo por la avalancha de informaci\u00f3n, es fundamental la r\u00e9plica en otros medios.<\/span><\/p>\n<p class=\"MsoNormal\" style=\"margin: 0cm; line-height: 22px; font-size: 11pt; font-family: Calibri, sans-serif; color: #000000; letter-spacing: normal; text-align: justify;\"><span style=\"font-size: 12pt; line-height: 24px; font-family: Arial, sans-serif;\">&nbsp;<\/span><\/p>\n<p class=\"MsoNormal\" style=\"margin: 0cm; line-height: 22px; font-size: 11pt; font-family: Calibri, sans-serif; color: #000000; letter-spacing: normal; text-align: justify;\"><a style=\"color: #0563c1; text-decoration-line: underline;\" href=\"http:\/\/www.radiofacso.com\/\"><span style=\"font-size: 12pt; line-height: 24px; font-family: Arial, sans-serif;\">Radio Facso<\/span><\/a><span style=\"font-size: 12pt; line-height: 24px; font-family: Arial, sans-serif;\"> fue creada en 2016 como una emisora estudiantil universitaria cuya finalidad es informar, entretener y educar, promoviendo debates, an\u00e1lisis y reflexiones sobre temas sociales, culturales, acad\u00e9micos y cient\u00edficos. La radio est\u00e1 disponible en formato online gracias a la coordinaci\u00f3n de la profesora Sandy Ch\u00e1vez y la cooperaci\u00f3n de sus estudiantes. Su objetivo es consolidarse como un referente en la radio universitaria, comprometida con la calidad, la diversidad y la participaci\u00f3n en la construcci\u00f3n de una sociedad m\u00e1s informada y reflexiva.<\/span><\/p>\n<p class=\"MsoNormal\" style=\"margin: 0cm; line-height: 22px; font-size: 11pt; font-family: Calibri, sans-serif; color: #000000; letter-spacing: normal; text-align: justify;\"><span style=\"font-size: 12pt; line-height: 24px; font-family: Arial, sans-serif;\">&nbsp;<\/span><\/p>\n<p class=\"MsoNormal\" style=\"margin: 0cm; line-height: 22px; font-size: 11pt; font-family: Calibri, sans-serif; color: #000000; letter-spacing: normal; text-align: justify;\"><span style=\"font-size: 12pt; line-height: 24px; font-family: Arial, sans-serif;\">Javier Albarrac\u00edn, productor de sonido, precisa que Radio Facso naci\u00f3 como un laboratorio de pr\u00e1cticas para los estudiantes de la Facultad de Comunicaci\u00f3n Social y la universidad en general. Actualmente, su parrilla de programaci\u00f3n est\u00e1 en un proceso de reajuste y se ha establecido realizar la transmisi\u00f3n del #Div\u00falgaloTodo los viernes. Destaca que el trabajo de la radio institucional es divulgar los productos comunicacionales que han surgido en las universidades y no quedar a la espera \u00fanicamente de los grandes medios de comunicaci\u00f3n.<\/span><\/p>\n<p class=\"MsoNormal\" style=\"margin: 0cm; line-height: 22px; font-size: 11pt; font-family: Calibri, sans-serif; color: #000000; letter-spacing: normal; text-align: justify;\"><span style=\"font-size: 12pt; line-height: 24px; font-family: Arial, sans-serif;\">&nbsp;<\/span><\/p>\n<p class=\"MsoNormal\" style=\"margin: 0cm; line-height: 22px; font-size: 11pt; font-family: Calibri, sans-serif; color: #000000; letter-spacing: normal; text-align: justify;\"><span style=\"font-size: 12pt; line-height: 24px; font-family: Arial, sans-serif;\">Aunque Abel Suing reconoce que medios sociales como \u201cX\u201d facilitan que la informaci\u00f3n se almacene y est\u00e9 disponible en cualquier momento para el p\u00fablico, la radio sigue siendo el medio de m\u00e1s amplia cobertura. \u201cHist\u00f3ricamente, es el que ha ayudado a la comunidad y ha dado el primer paso en experiencias innovadoras. La radio es una compa\u00f1era de camino intergeneracional\u201d, comenta el docente. Agrega que, si bien es cierto, los dispositivos y los formatos han cambiado, el concepto no ha variado, pues la radio sigue siendo un medio de comunicaci\u00f3n l\u00edder porque permite construir imaginarios y sentirse en comunidad.<\/span><\/p>\n<p class=\"MsoNormal\" style=\"margin: 0cm; line-height: 22px; font-size: 11pt; font-family: Calibri, sans-serif; color: #000000; letter-spacing: normal; text-align: justify;\"><span style=\"font-size: 12pt; line-height: 24px; font-family: Arial, sans-serif;\">Yasmina Hera ha palpado este liderazgo en varias visitas que ha realizado a las familias ecuatorianas, donde desde las cinco de la ma\u00f1ana se escucha la radio. De ah\u00ed que, recalca el gran valor y posicionamiento que tiene este medio en Ecuador. La periodista y docente universitaria adem\u00e1s indica que: \u201cHay personas que no tienen la posibilidad de acceder o revisar las redes sociodigitales, entonces escuchan la radio\u201d.<\/span><\/p>\n<p class=\"MsoNormal\" style=\"margin: 0cm; line-height: 22px; font-size: 11pt; font-family: Calibri, sans-serif; color: #000000; letter-spacing: normal; text-align: justify;\"><span style=\"font-size: 12pt; line-height: 24px; font-family: Arial, sans-serif;\">&nbsp;<\/span><\/p>\n<p class=\"MsoNormal\" style=\"margin: 0cm; line-height: 22px; font-size: 11pt; font-family: Calibri, sans-serif; color: #000000; letter-spacing: normal; text-align: justify;\"><b><span style=\"font-size: 13pt; line-height: 26px; font-family: Arial, sans-serif;\">La lucha contra la desinformaci\u00f3n<\/span><\/b><\/p>\n<p class=\"MsoNormal\" style=\"margin: 0cm; line-height: 22px; font-size: 11pt; font-family: Calibri, sans-serif; color: #000000; letter-spacing: normal; text-align: justify;\"><b><span style=\"font-size: 13pt; line-height: 26px; font-family: Arial, sans-serif;\">&nbsp;<\/span><\/b><\/p>\n<p class=\"MsoNormal\" style=\"margin: 0cm; line-height: 22px; font-size: 11pt; font-family: Calibri, sans-serif; color: #000000; letter-spacing: normal; text-align: justify;\"><span style=\"font-size: 12pt; line-height: 24px; font-family: Arial, sans-serif;\">En la actualidad, la desinformaci\u00f3n abunda en diferentes medios. Por eso, la finalidad clara del #Div\u00falgaloTodo es brindar al p\u00fablico las herramientas id\u00f3neas para luchar contra ella. En este aspecto, Ivanova Nieto es enf\u00e1tica en decir que: \u201cEstar bien informados es un derecho\u201d. En concordancia, la lucha contra la desinformaci\u00f3n debe reunir los esfuerzos de todas las facultades y carreras de Comunicaci\u00f3n, as\u00ed como de los periodistas y comunicadores en ejercicio.<\/span><\/p>\n<p class=\"MsoNormal\" style=\"margin: 0cm; line-height: 22px; font-size: 11pt; font-family: Calibri, sans-serif; color: #000000; letter-spacing: normal; text-align: justify;\"><span style=\"font-size: 12pt; line-height: 24px; font-family: Arial, sans-serif;\">&nbsp;<\/span><\/p>\n<p class=\"MsoNormal\" style=\"margin: 0cm; line-height: 22px; font-size: 11pt; font-family: Calibri, sans-serif; color: #000000; letter-spacing: normal; text-align: justify;\"><span style=\"font-size: 12pt; line-height: 24px; font-family: Arial, sans-serif;\">Abel Suing se suma a este razonamiento y expresa que la comunicaci\u00f3n es un derecho primordial que permite ejercer otros derechos. En este contexto, para luchar contra la desinformaci\u00f3n se requiere de m\u00e1s informaci\u00f3n. \u201cEl ant\u00eddoto est\u00e1 en hacer cada vez m\u00e1s una comunicaci\u00f3n libre, abierta, diversa, participativa, transparente\u201d, concluye.<\/span><\/p>\n<p class=\"MsoNormal\" style=\"margin: 0cm; line-height: 22px; font-size: 11pt; font-family: Calibri, sans-serif; color: #000000; letter-spacing: normal; text-align: justify;\"><span style=\"font-size: 12pt; line-height: 24px; font-family: Arial, sans-serif;\">&nbsp;<\/span><\/p>\n<p class=\"MsoNormal\" style=\"margin: 0cm; line-height: 22px; color: #000000; letter-spacing: normal; text-align: justify;\"><span style=\"font-family: Arial, sans-serif;\"><b><i>Tatiana Sandoval<\/i><\/b><\/span><\/p>\n<p class=\"MsoNormal\" style=\"margin: 0cm; line-height: 22px; color: #000000; letter-spacing: normal; text-align: justify;\"><span style=\"font-family: Arial, sans-serif;\"><b>USFQ &#8211; OIME News<\/b><\/span><\/p>\t\t\t\t\t\t\t\t<\/div>\n\t\t\t\t<\/div>\n\t\t\t\t\t<\/div>\n\t\t<\/div>\n\t\t\t\t\t<\/div>\n\t\t<\/section>\n\t\t\t\t<\/div>\n\t\t","protected":false},"excerpt":{"rendered":"<p>De acuerdo con Ivanova Nieto, presidenta de la Red de Radios Universitarias del Ecuador (RRUE) y docente de la Facultad de Comunicaci\u00f3n Social de la<\/p>\n","protected":false},"author":1,"featured_media":1804,"comment_status":"open","ping_status":"open","sticky":false,"template":"","format":"image","meta":{"footnotes":""},"categories":[8],"tags":[],"class_list":["post-1803","post","type-post","status-publish","format-image","has-post-thumbnail","hentry","category-notas-divulgativas","post_format-post-format-image","three-columns"],"_links":{"self":[{"href":"https:\/\/www.oime.com.ec\/index.php?rest_route=\/wp\/v2\/posts\/1803","targetHints":{"allow":["GET"]}}],"collection":[{"href":"https:\/\/www.oime.com.ec\/index.php?rest_route=\/wp\/v2\/posts"}],"about":[{"href":"https:\/\/www.oime.com.ec\/index.php?rest_route=\/wp\/v2\/types\/post"}],"author":[{"embeddable":true,"href":"https:\/\/www.oime.com.ec\/index.php?rest_route=\/wp\/v2\/users\/1"}],"replies":[{"embeddable":true,"href":"https:\/\/www.oime.com.ec\/index.php?rest_route=%2Fwp%2Fv2%2Fcomments&post=1803"}],"version-history":[{"count":4,"href":"https:\/\/www.oime.com.ec\/index.php?rest_route=\/wp\/v2\/posts\/1803\/revisions"}],"predecessor-version":[{"id":1816,"href":"https:\/\/www.oime.com.ec\/index.php?rest_route=\/wp\/v2\/posts\/1803\/revisions\/1816"}],"wp:featuredmedia":[{"embeddable":true,"href":"https:\/\/www.oime.com.ec\/index.php?rest_route=\/wp\/v2\/media\/1804"}],"wp:attachment":[{"href":"https:\/\/www.oime.com.ec\/index.php?rest_route=%2Fwp%2Fv2%2Fmedia&parent=1803"}],"wp:term":[{"taxonomy":"category","embeddable":true,"href":"https:\/\/www.oime.com.ec\/index.php?rest_route=%2Fwp%2Fv2%2Fcategories&post=1803"},{"taxonomy":"post_tag","embeddable":true,"href":"https:\/\/www.oime.com.ec\/index.php?rest_route=%2Fwp%2Fv2%2Ftags&post=1803"}],"curies":[{"name":"wp","href":"https:\/\/api.w.org\/{rel}","templated":true}]}}