{"id":1817,"date":"2024-03-26T09:55:33","date_gmt":"2024-03-26T14:55:33","guid":{"rendered":"https:\/\/oime.com.ec\/?p=1817"},"modified":"2024-04-03T15:42:22","modified_gmt":"2024-04-03T20:42:22","slug":"usfq-y-unesco-articulan-esfuerzos-para-investigar-las-condiciones-laborales-de-las-mujeres-periodistas-en-el-ecuador","status":"publish","type":"post","link":"https:\/\/www.oime.com.ec\/?p=1817","title":{"rendered":"USFQ y Unesco articulan esfuerzos para investigar las condiciones laborales de las mujeres periodistas en el Ecuador"},"content":{"rendered":"\t\t<div data-elementor-type=\"wp-post\" data-elementor-id=\"1817\" class=\"elementor elementor-1817\">\n\t\t\t\t\t\t<section class=\"elementor-section elementor-top-section elementor-element elementor-element-8cf59cb elementor-section-boxed elementor-section-height-default elementor-section-height-default\" data-id=\"8cf59cb\" data-element_type=\"section\" data-e-type=\"section\">\n\t\t\t\t\t\t<div class=\"elementor-container elementor-column-gap-default\">\n\t\t\t\t\t<div class=\"elementor-column elementor-col-100 elementor-top-column elementor-element elementor-element-bec9413\" data-id=\"bec9413\" data-element_type=\"column\" data-e-type=\"column\">\n\t\t\t<div class=\"elementor-widget-wrap elementor-element-populated\">\n\t\t\t\t\t\t<div class=\"elementor-element elementor-element-a559f27 elementor-widget elementor-widget-text-editor\" data-id=\"a559f27\" data-element_type=\"widget\" data-e-type=\"widget\" data-widget_type=\"text-editor.default\">\n\t\t\t\t<div class=\"elementor-widget-container\">\n\t\t\t\t\t\t\t\t\t<p>La Universidad San Francisco de Quito (<a href=\"https:\/\/www.usfq.edu.ec\/es\">USFQ<\/a>) junto con el Observatorio Interuniversitario de Medios Ecuatorianos (<a href=\"https:\/\/twitter.com\/OimeEcuador\">OIME<\/a>) trabaja desde febrero del a\u00f1o en curso en el proyecto denominado: <strong>\u201cIndicadores sensibles al g\u00e9nero de la Unesco en Ecuador centrados en la seguridad y condiciones laborales de las mujeres periodistas\u201d, <\/strong>que tiene el aval de la Organizaci\u00f3n de las Naciones Unidas para la Educaci\u00f3n, la Ciencia y la Cultura (<a href=\"https:\/\/www.unesco.org\/es\">UNESCO<\/a>) por medio del Programa Internacional para el Desarrollo de la Comunicaci\u00f3n (PIDC). Uno de sus productos ser\u00e1 un estudio que permitir\u00e1 visibilizar de forma cualitativa y cuantitativa las desigualdades de g\u00e9nero en los espacios de comunicaci\u00f3n e intercomunicaci\u00f3n en los medios y en las pantallas.<\/p>\t\t\t\t\t\t\t\t<\/div>\n\t\t\t\t<\/div>\n\t\t\t\t\t<\/div>\n\t\t<\/div>\n\t\t\t\t\t<\/div>\n\t\t<\/section>\n\t\t\t\t<section class=\"elementor-section elementor-top-section elementor-element elementor-element-4d6a2f9 elementor-section-boxed elementor-section-height-default elementor-section-height-default\" data-id=\"4d6a2f9\" data-element_type=\"section\" data-e-type=\"section\">\n\t\t\t\t\t\t<div class=\"elementor-container elementor-column-gap-default\">\n\t\t\t\t\t<div class=\"elementor-column elementor-col-100 elementor-top-column elementor-element elementor-element-f89d742\" data-id=\"f89d742\" data-element_type=\"column\" data-e-type=\"column\">\n\t\t\t<div class=\"elementor-widget-wrap elementor-element-populated\">\n\t\t\t\t\t\t<div class=\"elementor-element elementor-element-28f16e9 elementor-widget elementor-widget-image\" data-id=\"28f16e9\" data-element_type=\"widget\" data-e-type=\"widget\" data-widget_type=\"image.default\">\n\t\t\t\t<div class=\"elementor-widget-container\">\n\t\t\t\t\t\t\t\t\t\t\t\t\t\t\t<img fetchpriority=\"high\" decoding=\"async\" width=\"301\" height=\"301\" src=\"https:\/\/www.oime.com.ec\/wp-content\/uploads\/divulgalo-todo.jpg\" class=\"attachment-large size-large wp-image-1820\" alt=\"\" srcset=\"https:\/\/www.oime.com.ec\/wp-content\/uploads\/divulgalo-todo.jpg 301w, https:\/\/www.oime.com.ec\/wp-content\/uploads\/divulgalo-todo-150x150.jpg 150w\" sizes=\"(max-width: 301px) 100vw, 301px\" \/>\t\t\t\t\t\t\t\t\t\t\t\t\t\t\t<\/div>\n\t\t\t\t<\/div>\n\t\t\t\t\t<\/div>\n\t\t<\/div>\n\t\t\t\t\t<\/div>\n\t\t<\/section>\n\t\t\t\t<section class=\"elementor-section elementor-top-section elementor-element elementor-element-3f0809c elementor-section-boxed elementor-section-height-default elementor-section-height-default\" data-id=\"3f0809c\" data-element_type=\"section\" data-e-type=\"section\">\n\t\t\t\t\t\t<div class=\"elementor-container elementor-column-gap-default\">\n\t\t\t\t\t<div class=\"elementor-column elementor-col-100 elementor-top-column elementor-element elementor-element-1c4b12c\" data-id=\"1c4b12c\" data-element_type=\"column\" data-e-type=\"column\">\n\t\t\t<div class=\"elementor-widget-wrap elementor-element-populated\">\n\t\t\t\t\t\t<div class=\"elementor-element elementor-element-bb26863 elementor-widget elementor-widget-text-editor\" data-id=\"bb26863\" data-element_type=\"widget\" data-e-type=\"widget\" data-widget_type=\"text-editor.default\">\n\t\t\t\t<div class=\"elementor-widget-container\">\n\t\t\t\t\t\t\t\t\t<p>Este proyecto ser\u00e1 presentado de manera oficial este mi\u00e9rcoles 27 de marzo de 2024 en el <a href=\"https:\/\/twitter.com\/OimeEcuador\/status\/1770603114640355661\">#Div\u00falgaloTodo<\/a>, que se transmitir\u00e1 por XSpace desde las 20:00 con el apoyo de <a href=\"https:\/\/twitter.com\/UNESCOQuito\">Unesco<\/a>, <a href=\"https:\/\/twitter.com\/ciespal\">Ciespal<\/a> y <a href=\"https:\/\/twitter.com\/PeriodismoUSFQ\">Periodismo USFQ<\/a>. En el di\u00e1logo en directo de #LuchaContraLaDesinformaci\u00f3n se tratar\u00e1n las <strong>\u201cViolencias m\u00faltiples alrededor de lo comunicacional: \u00bfQu\u00e9 considerar para no desinformar?<\/strong>\u201d. La moderaci\u00f3n del conversatorio estar\u00e1 a cargo de Tania Orbe Mart\u00ednez, coordinadora de Periodismo USFQ e investigadora de Oime, y de Gabriela Tejeda por parte del Centro Internacional de Estudios Superiores de Comunicaci\u00f3n para Am\u00e9rica Latina (Ciespal). Como especialistas invitadas participar\u00e1n Connie Puente, cineasta; Isabel Iturralde y Elizabeth Arauz en representaci\u00f3n de ONU Mujeres; y Mar\u00eda Jos\u00e9 Guti\u00e9rrez, por el Instituto de Investigaci\u00f3n en Igualdad de G\u00e9nero y Derechos (INIGED) de la Universidad Central del Ecuador e investigadora de OIME.<\/p><p><strong>Un total de 9 personas recopilan informaci\u00f3n para la realizaci\u00f3n de este proyecto.<\/strong> Entre ellos se encuentran Tania Orbe y Eric Samson, coordinadora y docente de Periodismo USFQ; Patricia Ramos, investigadora social independiente; Cinthya Gua\u00f1a, realizadora audiovisual y miembro del equipo investigador de OIME; Daniela Saltos, asistente de investigaci\u00f3n de OIME y responsable de dise\u00f1o multimedia; Gabriel Garc\u00eda, Mar\u00eda Jos\u00e9 Zabala y Martina Palacios, alumnis y estudiantes de Periodismo USFQ, en calidad de responsables de monitoreo y apoyo de investigaci\u00f3n. A ellos se suma Pamela Cruz P\u00e1ez, como coordinadora del OIME.<\/p>\t\t\t\t\t\t\t\t<\/div>\n\t\t\t\t<\/div>\n\t\t\t\t\t<\/div>\n\t\t<\/div>\n\t\t\t\t\t<\/div>\n\t\t<\/section>\n\t\t\t\t<section class=\"elementor-section elementor-top-section elementor-element elementor-element-2e0fa85 elementor-section-boxed elementor-section-height-default elementor-section-height-default\" data-id=\"2e0fa85\" data-element_type=\"section\" data-e-type=\"section\">\n\t\t\t\t\t\t<div class=\"elementor-container elementor-column-gap-default\">\n\t\t\t\t\t<div class=\"elementor-column elementor-col-100 elementor-top-column elementor-element elementor-element-8d46063\" data-id=\"8d46063\" data-element_type=\"column\" data-e-type=\"column\">\n\t\t\t<div class=\"elementor-widget-wrap elementor-element-populated\">\n\t\t\t\t\t\t<div class=\"elementor-element elementor-element-3c65da6 elementor-widget elementor-widget-image\" data-id=\"3c65da6\" data-element_type=\"widget\" data-e-type=\"widget\" data-widget_type=\"image.default\">\n\t\t\t\t<div class=\"elementor-widget-container\">\n\t\t\t\t\t\t\t\t\t\t\t\t\t\t\t<img decoding=\"async\" width=\"640\" height=\"360\" src=\"https:\/\/www.oime.com.ec\/wp-content\/uploads\/FEMMEDIA-1024x576.jpg\" class=\"attachment-large size-large wp-image-1821\" alt=\"\" srcset=\"https:\/\/www.oime.com.ec\/wp-content\/uploads\/FEMMEDIA-1024x576.jpg 1024w, https:\/\/www.oime.com.ec\/wp-content\/uploads\/FEMMEDIA-300x169.jpg 300w, https:\/\/www.oime.com.ec\/wp-content\/uploads\/FEMMEDIA-768x432.jpg 768w, https:\/\/www.oime.com.ec\/wp-content\/uploads\/FEMMEDIA-1170x658.jpg 1170w, https:\/\/www.oime.com.ec\/wp-content\/uploads\/FEMMEDIA.jpg 1379w\" sizes=\"(max-width: 640px) 100vw, 640px\" \/>\t\t\t\t\t\t\t\t\t\t\t\t\t\t\t<\/div>\n\t\t\t\t<\/div>\n\t\t\t\t\t<\/div>\n\t\t<\/div>\n\t\t\t\t\t<\/div>\n\t\t<\/section>\n\t\t\t\t<section class=\"elementor-section elementor-top-section elementor-element elementor-element-48a9ed9 elementor-section-boxed elementor-section-height-default elementor-section-height-default\" data-id=\"48a9ed9\" data-element_type=\"section\" data-e-type=\"section\">\n\t\t\t\t\t\t<div class=\"elementor-container elementor-column-gap-default\">\n\t\t\t\t\t<div class=\"elementor-column elementor-col-100 elementor-top-column elementor-element elementor-element-9af3955\" data-id=\"9af3955\" data-element_type=\"column\" data-e-type=\"column\">\n\t\t\t<div class=\"elementor-widget-wrap elementor-element-populated\">\n\t\t\t\t\t\t<div class=\"elementor-element elementor-element-ce6732c elementor-widget elementor-widget-text-editor\" data-id=\"ce6732c\" data-element_type=\"widget\" data-e-type=\"widget\" data-widget_type=\"text-editor.default\">\n\t\t\t\t<div class=\"elementor-widget-container\">\n\t\t\t\t\t\t\t\t\t<p><strong>Femmedia (Mujeres, medios y seguridad) es el nombre del proyecto para su difusi\u00f3n en medios y en redes sociales. Este culminar\u00e1 a inicios de diciembre de 2024<\/strong> con la entrega de un protocolo y un manual audiovisual para la prevenci\u00f3n de la violencia en los espacios donde se ejerce la comunicaci\u00f3n.<\/p>\n<p>El protocolo ser\u00e1 parte del estudio<strong> cuanti-cualitativo, con car\u00e1cter nacional<\/strong>. En cambio, e<strong>l manual ser\u00e1 en formato audiovisual y estar\u00e1 acompa\u00f1ado con la generaci\u00f3n de contenidos para la divulgaci\u00f3n progresiva de los resultados del estudio en las redes sociodigitales.<\/strong><\/p>\n<p>Este proyecto acad\u00e9mico es fundamental para profundizar en las relaciones laborales de las mujeres periodistas con los medios para los que trabajan, donde modalidades como <em>freelance <\/em>o prestaci\u00f3n de servicios mediante facturaci\u00f3n acent\u00faan los riesgos de la informalidad. A lo ya mencionado hay que agregar la invisibilizaci\u00f3n del trabajo de las mujeres periodistas en la cobertura y publicaci\u00f3n de temas relacionados con el narcotr\u00e1fico y el crimen organizado que implican un alto nivel de exposici\u00f3n a amenazas.<\/p>\n<p><strong>El perfil del estudio cuanti-cualitativo<\/strong><\/p>\n<p>La investigaci\u00f3n partir\u00e1 desde 2020, cuando fue la pandemia de la Covid-19, hasta la actualidad. Adem\u00e1s, se realizar\u00e1 un breve corte longitudinal desde las d\u00e9cadas de los 80 y los 90, con el prop\u00f3sito de mirar las complejidades del escenario laboral de las mujeres en el oficio period\u00edstico desde tiempos anteriores para establecer comparaciones con las condiciones actuales en las 24 provincias del Ecuador.<\/p>\n<p>Patricia Ramos, quien ha ejecutado el levantamiento del perfil general del estudio que ser\u00e1 enviado la primera semana de abril a la Unesco, explica que <strong>el eje principal es el g\u00e9nero e interseccionalidad que estar\u00e1 atravesado por distintas categor\u00edas de diferenciaci\u00f3n que profundizan las desigualdades de g\u00e9nero como: (in)seguridad, etnia, clase social y edad.<\/strong> Las unidades de an\u00e1lisis est\u00e1n conformadas por los medios de comunicaci\u00f3n, tanto de origen p\u00fablico como privado y comunitario, y seg\u00fan la zona geogr\u00e1fica. Es pertinente se\u00f1alar que, de acuerdo con la Secretar\u00eda Nacional de Planificaci\u00f3n, el Ecuador est\u00e1 dividido en 9 zonas geogr\u00e1ficas. Otras de las unidades son los grupos de mujeres, los gremios y organizaciones period\u00edsticas, y, en general, las mujeres periodistas.<\/p>\n<p>Pamela Cruz P\u00e1ez, investigadora de la comunicaci\u00f3n y coordinadora del OIME, especifica las t\u00e9cnicas de recolecci\u00f3n de informaci\u00f3n primaria. <strong>Desde el enfoque cualitativo, se tiene programado realizar grupos focales y entrevistas semiestructuradas.<\/strong> Esto posibilitar\u00e1 acercarse a la parte humana y experiencial de las periodistas ecuatorianas. Mientras que, <strong>desde el enfoque cuantitativo, se aplicar\u00e1n encuestas <\/strong>con las que se obtendr\u00e1n datos precisos para administrar los indicadores de g\u00e9nero de la Unesco y los indicadores medi\u00e1ticos. <strong>En la construcci\u00f3n de las muestras se vigilar\u00e1 la inclusi\u00f3n de las variables de diversidad \u00e9tnica y sociocultural.<\/strong><\/p>\n<p><span style=\"color: var( --e-global-color-text ); font-family: var( --e-global-typography-text-font-family ), Sans-serif; font-style: var( --e-global-typography-text-font-style ); font-weight: var( --e-global-typography-text-font-weight ); letter-spacing: var( --e-global-typography-text-letter-spacing ); word-spacing: var( --e-global-typography-text-word-spacing ); background-color: transparent; font-size: 1rem;\">Por su parte, <\/span><strong style=\"color: var( --e-global-color-text ); font-family: var( --e-global-typography-text-font-family ), Sans-serif; font-style: var( --e-global-typography-text-font-style ); letter-spacing: var( --e-global-typography-text-letter-spacing ); word-spacing: var( --e-global-typography-text-word-spacing ); background-color: transparent; font-size: 1rem;\">las fuentes de informaci\u00f3n secundaria corresponden a la revisi\u00f3n documental de art\u00edculos acad\u00e9micos, tesis, manuales y gu\u00edas que abordan informaci\u00f3n sobre las condiciones laborales de los periodistas en Ecuador.<\/strong><span style=\"color: var( --e-global-color-text ); font-family: var( --e-global-typography-text-font-family ), Sans-serif; font-style: var( --e-global-typography-text-font-style ); font-weight: var( --e-global-typography-text-font-weight ); letter-spacing: var( --e-global-typography-text-letter-spacing ); word-spacing: var( --e-global-typography-text-word-spacing ); background-color: transparent; font-size: 1rem;\"> Uno de los estudios previos considerados es el de \u201cLas Chicas Superpoderosas\u201d, que culmin\u00f3 antes de la pandemia. Con base en la revisi\u00f3n de literatura, los investigadores han podido determinar que el proyecto brindar\u00e1 nuevos aportes en materia de g\u00e9nero, pues se ampliar\u00e1n los indicadores de esta \u00edndole en temas de seguridad. Asimismo, se incrementar\u00e1 el registro de las periodistas mujeres, pues no todas est\u00e1n inscritas en la UNP o el Colegio de Periodistas ni todos los medios de comunicaci\u00f3n constan en el registro p\u00fablico de medios.<\/span><\/p>\t\t\t\t\t\t\t\t<\/div>\n\t\t\t\t<\/div>\n\t\t\t\t\t<\/div>\n\t\t<\/div>\n\t\t\t\t\t<\/div>\n\t\t<\/section>\n\t\t\t\t<section class=\"elementor-section elementor-top-section elementor-element elementor-element-5f22474 elementor-section-boxed elementor-section-height-default elementor-section-height-default\" data-id=\"5f22474\" data-element_type=\"section\" data-e-type=\"section\">\n\t\t\t\t\t\t<div class=\"elementor-container elementor-column-gap-default\">\n\t\t\t\t\t<div class=\"elementor-column elementor-col-100 elementor-top-column elementor-element elementor-element-9442820\" data-id=\"9442820\" data-element_type=\"column\" data-e-type=\"column\">\n\t\t\t<div class=\"elementor-widget-wrap elementor-element-populated\">\n\t\t\t\t\t\t<div class=\"elementor-element elementor-element-8553c02 elementor-widget elementor-widget-image\" data-id=\"8553c02\" data-element_type=\"widget\" data-e-type=\"widget\" data-widget_type=\"image.default\">\n\t\t\t\t<div class=\"elementor-widget-container\">\n\t\t\t\t\t\t\t\t\t\t\t\t\t\t\t<img decoding=\"async\" width=\"640\" height=\"360\" src=\"https:\/\/www.oime.com.ec\/wp-content\/uploads\/femmedia-2-1024x576.jpg\" class=\"attachment-large size-large wp-image-1822\" alt=\"\" srcset=\"https:\/\/www.oime.com.ec\/wp-content\/uploads\/femmedia-2-1024x576.jpg 1024w, https:\/\/www.oime.com.ec\/wp-content\/uploads\/femmedia-2-300x169.jpg 300w, https:\/\/www.oime.com.ec\/wp-content\/uploads\/femmedia-2-768x432.jpg 768w, https:\/\/www.oime.com.ec\/wp-content\/uploads\/femmedia-2-1170x658.jpg 1170w, https:\/\/www.oime.com.ec\/wp-content\/uploads\/femmedia-2.jpg 1379w\" sizes=\"(max-width: 640px) 100vw, 640px\" \/>\t\t\t\t\t\t\t\t\t\t\t\t\t\t\t<\/div>\n\t\t\t\t<\/div>\n\t\t\t\t\t<\/div>\n\t\t<\/div>\n\t\t\t\t\t<\/div>\n\t\t<\/section>\n\t\t\t\t<section class=\"elementor-section elementor-top-section elementor-element elementor-element-86fec2b elementor-section-boxed elementor-section-height-default elementor-section-height-default\" data-id=\"86fec2b\" data-element_type=\"section\" data-e-type=\"section\">\n\t\t\t\t\t\t<div class=\"elementor-container elementor-column-gap-default\">\n\t\t\t\t\t<div class=\"elementor-column elementor-col-100 elementor-top-column elementor-element elementor-element-a0b9675\" data-id=\"a0b9675\" data-element_type=\"column\" data-e-type=\"column\">\n\t\t\t<div class=\"elementor-widget-wrap elementor-element-populated\">\n\t\t\t\t\t\t<div class=\"elementor-element elementor-element-1238cdb elementor-widget elementor-widget-text-editor\" data-id=\"1238cdb\" data-element_type=\"widget\" data-e-type=\"widget\" data-widget_type=\"text-editor.default\">\n\t\t\t\t<div class=\"elementor-widget-container\">\n\t\t\t\t\t\t\t\t\t<p>Con referencia a la viabilidad del proyecto, una de las investigaciones que evidencian su posibilidad es el <em>paper<\/em> de Mar\u00eda Jos\u00e9 Zabala, titulado: \u201cTodos las ven partir. Las condiciones laborales de mujeres periodistas en Ecuador en 10 medios a partir del exilio\u201d. Las primeras 6 entrevistas de un total de 10 demuestran la apertura de las periodistas ecuatorianas de investigaci\u00f3n para referirse a esta situaci\u00f3n en las que est\u00e1n presentes la discriminaci\u00f3n, el acoso laboral, la vulneraci\u00f3n de derechos, el agotamiento, la inseguridad, la inestabilidad, el anonimato y las amenazas contra su integridad f\u00edsica. \u201cMuchas se han retirado del campo del periodismo para seguir vivas\u201d, expone Mar\u00eda Jos\u00e9 haciendo alusi\u00f3n a las declaraciones de sus entrevistadas.<\/p><p>La propuesta del proyecto \u201cIndicadores sensibles al g\u00e9nero de la Unesco en Ecuador centrados en la seguridad y condiciones laborales de las mujeres periodsitas\u201d fue aprobado en la 67 ma. Reuni\u00f3n de Bur\u00f3 del Programa Internacional para el Desarrollo de la Comunicaci\u00f3n (PIDC).<\/p><p><strong>Tatiana Sandoval Pizarro<\/strong><\/p><p><strong><em>OIME News \u2013 FACSO\/UCE<\/em><\/strong><\/p><p>tpsandoval @uce.edu.ec<\/p>\t\t\t\t\t\t\t\t<\/div>\n\t\t\t\t<\/div>\n\t\t\t\t\t<\/div>\n\t\t<\/div>\n\t\t\t\t\t<\/div>\n\t\t<\/section>\n\t\t\t\t<\/div>\n\t\t","protected":false},"excerpt":{"rendered":"<p>La Universidad San Francisco de Quito (USFQ) junto con el Observatorio Interuniversitario de Medios Ecuatorianos (OIME) trabaja desde febrero del a\u00f1o en curso en el<\/p>\n","protected":false},"author":1,"featured_media":1818,"comment_status":"open","ping_status":"open","sticky":false,"template":"","format":"image","meta":{"footnotes":""},"categories":[6],"tags":[],"class_list":["post-1817","post","type-post","status-publish","format-image","has-post-thumbnail","hentry","category-notas-informativas","post_format-post-format-image","three-columns"],"_links":{"self":[{"href":"https:\/\/www.oime.com.ec\/index.php?rest_route=\/wp\/v2\/posts\/1817","targetHints":{"allow":["GET"]}}],"collection":[{"href":"https:\/\/www.oime.com.ec\/index.php?rest_route=\/wp\/v2\/posts"}],"about":[{"href":"https:\/\/www.oime.com.ec\/index.php?rest_route=\/wp\/v2\/types\/post"}],"author":[{"embeddable":true,"href":"https:\/\/www.oime.com.ec\/index.php?rest_route=\/wp\/v2\/users\/1"}],"replies":[{"embeddable":true,"href":"https:\/\/www.oime.com.ec\/index.php?rest_route=%2Fwp%2Fv2%2Fcomments&post=1817"}],"version-history":[{"count":10,"href":"https:\/\/www.oime.com.ec\/index.php?rest_route=\/wp\/v2\/posts\/1817\/revisions"}],"predecessor-version":[{"id":1831,"href":"https:\/\/www.oime.com.ec\/index.php?rest_route=\/wp\/v2\/posts\/1817\/revisions\/1831"}],"wp:featuredmedia":[{"embeddable":true,"href":"https:\/\/www.oime.com.ec\/index.php?rest_route=\/wp\/v2\/media\/1818"}],"wp:attachment":[{"href":"https:\/\/www.oime.com.ec\/index.php?rest_route=%2Fwp%2Fv2%2Fmedia&parent=1817"}],"wp:term":[{"taxonomy":"category","embeddable":true,"href":"https:\/\/www.oime.com.ec\/index.php?rest_route=%2Fwp%2Fv2%2Fcategories&post=1817"},{"taxonomy":"post_tag","embeddable":true,"href":"https:\/\/www.oime.com.ec\/index.php?rest_route=%2Fwp%2Fv2%2Ftags&post=1817"}],"curies":[{"name":"wp","href":"https:\/\/api.w.org\/{rel}","templated":true}]}}