{"id":1844,"date":"2024-06-26T21:43:50","date_gmt":"2024-06-27T02:43:50","guid":{"rendered":"https:\/\/oime.com.ec\/?p=1844"},"modified":"2024-06-29T23:58:58","modified_gmt":"2024-06-30T04:58:58","slug":"estudio-sobre-las-mujeres-periodistas-en-ecuador-revela-situaciones-de-precariedad-laboral-e-inseguridad","status":"publish","type":"post","link":"https:\/\/www.oime.com.ec\/?p=1844","title":{"rendered":"Estudio sobre las mujeres periodistas en Ecuador revela situaciones de precariedad laboral e inseguridad"},"content":{"rendered":"\t\t<div data-elementor-type=\"wp-post\" data-elementor-id=\"1844\" class=\"elementor elementor-1844\">\n\t\t\t\t\t\t<section class=\"elementor-section elementor-top-section elementor-element elementor-element-4858277 elementor-section-boxed elementor-section-height-default elementor-section-height-default\" data-id=\"4858277\" data-element_type=\"section\" data-e-type=\"section\">\n\t\t\t\t\t\t<div class=\"elementor-container elementor-column-gap-default\">\n\t\t\t\t\t<div class=\"elementor-column elementor-col-100 elementor-top-column elementor-element elementor-element-42924acc\" data-id=\"42924acc\" data-element_type=\"column\" data-e-type=\"column\">\n\t\t\t<div class=\"elementor-widget-wrap elementor-element-populated\">\n\t\t\t\t\t\t<div class=\"elementor-element elementor-element-6482f93c elementor-widget elementor-widget-text-editor\" data-id=\"6482f93c\" data-element_type=\"widget\" data-e-type=\"widget\" data-widget_type=\"text-editor.default\">\n\t\t\t\t<div class=\"elementor-widget-container\">\n\t\t\t\t\t\t\t\t\t\n<figure class=\"wp-block-image size-large\"><img fetchpriority=\"high\" decoding=\"async\" width=\"1024\" height=\"576\" src=\"https:\/\/oime.com.ec\/wp-content\/uploads\/FOTO-MAJO-1-1024x576.jpg\" alt=\"\" class=\"wp-image-1846\" srcset=\"https:\/\/www.oime.com.ec\/wp-content\/uploads\/FOTO-MAJO-1-1024x576.jpg 1024w, https:\/\/www.oime.com.ec\/wp-content\/uploads\/FOTO-MAJO-1-300x169.jpg 300w, https:\/\/www.oime.com.ec\/wp-content\/uploads\/FOTO-MAJO-1-768x432.jpg 768w, https:\/\/www.oime.com.ec\/wp-content\/uploads\/FOTO-MAJO-1-1170x658.jpg 1170w, https:\/\/www.oime.com.ec\/wp-content\/uploads\/FOTO-MAJO-1.jpg 1379w\" sizes=\"(max-width: 1024px) 100vw, 1024px\" \/><\/figure>\n\t\t\t\t\t\t\t\t<\/div>\n\t\t\t\t<\/div>\n\t\t\t\t\t<\/div>\n\t\t<\/div>\n\t\t\t\t\t<\/div>\n\t\t<\/section>\n\t\t\t\t<section class=\"elementor-section elementor-top-section elementor-element elementor-element-c6d96ec elementor-section-boxed elementor-section-height-default elementor-section-height-default\" data-id=\"c6d96ec\" data-element_type=\"section\" data-e-type=\"section\">\n\t\t\t\t\t\t<div class=\"elementor-container elementor-column-gap-default\">\n\t\t\t\t\t<div class=\"elementor-column elementor-col-100 elementor-top-column elementor-element elementor-element-377a1bb\" data-id=\"377a1bb\" data-element_type=\"column\" data-e-type=\"column\">\n\t\t\t<div class=\"elementor-widget-wrap elementor-element-populated\">\n\t\t\t\t\t\t<div class=\"elementor-element elementor-element-d5b1e56 elementor-widget elementor-widget-text-editor\" data-id=\"d5b1e56\" data-element_type=\"widget\" data-e-type=\"widget\" data-widget_type=\"text-editor.default\">\n\t\t\t\t<div class=\"elementor-widget-container\">\n\t\t\t\t\t\t\t\t\t<p><a href=\"https:\/\/revista.consejodecomunicacion.gob.ec\/index.php\/rec\/article\/view\/174\"><em>Todos las ven partir. Las condiciones laborales de mujeres periodistas ecuatorianas en 6 medios, a partir del primer exilio<\/em><\/a><em>.<\/em> As\u00ed se titula la investigaci\u00f3n y el <a href=\"https:\/\/majozabalav.wixsite.com\/lasugarte\">proyecto multimedia<\/a> de Mar\u00eda Jos\u00e9 Zabala, alumni de periodismo de la Universidad San Francisco de Quito y miembro del equipo de investigadores que impulsan la iniciativa Femmedia a partir del estudio sobre los \u201cIndicadores sensibles al g\u00e9nero de la Unesco en Ecuador centrados en la seguridad y condiciones laborales de las mujeres periodistas\u201d. Mar\u00eda Jos\u00e9 tambi\u00e9n ha sido reconocida con el premio Pfizer Cluster Andino 2023 por su reportaje acerca de la salud femenina.<\/p>\t\t\t\t\t\t\t\t<\/div>\n\t\t\t\t<\/div>\n\t\t\t\t\t<\/div>\n\t\t<\/div>\n\t\t\t\t\t<\/div>\n\t\t<\/section>\n\t\t\t\t<section class=\"elementor-section elementor-top-section elementor-element elementor-element-13fd5d2 elementor-section-boxed elementor-section-height-default elementor-section-height-default\" data-id=\"13fd5d2\" data-element_type=\"section\" data-e-type=\"section\">\n\t\t\t\t\t\t<div class=\"elementor-container elementor-column-gap-default\">\n\t\t\t\t\t<div class=\"elementor-column elementor-col-100 elementor-top-column elementor-element elementor-element-38869df\" data-id=\"38869df\" data-element_type=\"column\" data-e-type=\"column\">\n\t\t\t<div class=\"elementor-widget-wrap elementor-element-populated\">\n\t\t\t\t\t\t<div class=\"elementor-element elementor-element-8453f83 elementor-widget elementor-widget-image\" data-id=\"8453f83\" data-element_type=\"widget\" data-e-type=\"widget\" data-widget_type=\"image.default\">\n\t\t\t\t<div class=\"elementor-widget-container\">\n\t\t\t\t\t\t\t\t\t\t\t\t\t\t\t<img decoding=\"async\" width=\"640\" height=\"360\" src=\"https:\/\/www.oime.com.ec\/wp-content\/uploads\/foto-majo-2-1024x576.jpg\" class=\"attachment-large size-large wp-image-1848\" alt=\"\" srcset=\"https:\/\/www.oime.com.ec\/wp-content\/uploads\/foto-majo-2-1024x576.jpg 1024w, https:\/\/www.oime.com.ec\/wp-content\/uploads\/foto-majo-2-300x169.jpg 300w, https:\/\/www.oime.com.ec\/wp-content\/uploads\/foto-majo-2-768x432.jpg 768w, https:\/\/www.oime.com.ec\/wp-content\/uploads\/foto-majo-2-1170x658.jpg 1170w, https:\/\/www.oime.com.ec\/wp-content\/uploads\/foto-majo-2.jpg 1379w\" sizes=\"(max-width: 640px) 100vw, 640px\" \/>\t\t\t\t\t\t\t\t\t\t\t\t\t\t\t<\/div>\n\t\t\t\t<\/div>\n\t\t\t\t\t<\/div>\n\t\t<\/div>\n\t\t\t\t\t<\/div>\n\t\t<\/section>\n\t\t\t\t<section class=\"elementor-section elementor-top-section elementor-element elementor-element-f8e32df elementor-section-boxed elementor-section-height-default elementor-section-height-default\" data-id=\"f8e32df\" data-element_type=\"section\" data-e-type=\"section\">\n\t\t\t\t\t\t<div class=\"elementor-container elementor-column-gap-default\">\n\t\t\t\t\t<div class=\"elementor-column elementor-col-100 elementor-top-column elementor-element elementor-element-94f1403\" data-id=\"94f1403\" data-element_type=\"column\" data-e-type=\"column\">\n\t\t\t<div class=\"elementor-widget-wrap elementor-element-populated\">\n\t\t\t\t\t\t<div class=\"elementor-element elementor-element-9d34e1d elementor-widget elementor-widget-text-editor\" data-id=\"9d34e1d\" data-element_type=\"widget\" data-e-type=\"widget\" data-widget_type=\"text-editor.default\">\n\t\t\t\t<div class=\"elementor-widget-container\">\n\t\t\t\t\t\t\t\t\t<p>Su estudio revisado por el periodista Jefferson Sangu\u00f1a y que el 27 de junio de 2024 fue presentado en la Universidad Internacional del Ecuador (UIDE) abord\u00f3 las situaciones de riesgo derivadas del ejercicio period\u00edstico de las mujeres en Ecuador en una coyuntura de inseguridad nacional, donde el miedo se impone. Esto ha conducido a que el exilio desafortunadamente se convierta en una herramienta de las mujeres periodistas para salvaguardar su vida e integridad f\u00edsica ante las amenazas por investigar cr\u00edmenes vinculados a los grupos de delincuencia organizada. A lo dicho se suman otras situaciones y formas de violencia de g\u00e9nero que afectan la pr\u00e1ctica profesional de las periodistas, pero que permanecen latentes a causa de la naturalizaci\u00f3n de las relaciones de g\u00e9nero y la subordinaci\u00f3n por el hecho de ser mujeres.<\/p>\n<p>La recolecci\u00f3n de informaci\u00f3n se realiz\u00f3 a trav\u00e9s de entrevistas en profundidad v\u00eda <em>online<\/em> con seis periodistas mujeres. Ellas fueron seleccionadas por su trayectoria en investigaciones period\u00edsticas, su tiempo de labores y sus especializaciones. Es importante mencionar que cuatro de las seis periodistas entrevistadas recibieron amenazas directas a su seguridad por su trabajo investigativo. <br \/><br \/>Los hallazgos de esta investigaci\u00f3n permitieron evidenciar aquellos factores que complican las condiciones laborales de las mujeres periodistas. Uno de ellos es el incremento de amenazas contra la prensa en un contexto de inseguridad nacional que ha ocasionado temor ante las represalias y la posible deserci\u00f3n del periodismo de investigaci\u00f3n. Por otro lado, las mujeres son doblemente afectadas, pues se debaten entre las arraigadas estructuras patriarcales de los medios de comunicaci\u00f3n y las relaciones de g\u00e9nero que las subordinan y violentan en los hogares, as\u00ed como en otros \u00e1mbitos de sus vidas personales y profesionales.<\/p>\n<p><strong>Entorno laboral y condiciones de (in) seguridad<\/strong><\/p>\n<p>En lo que se refiere al trabajo period\u00edstico, el Consejo de Comunicaci\u00f3n se\u00f1ala que el 55% de los estudiantes que ingresan a la carrera de periodismo son mujeres. Este porcentaje que marca una tendencia hacia la feminizaci\u00f3n de la profesi\u00f3n no se refleja en el campo laboral. El Registro P\u00fablico de Medios m\u00e1s reciente indica que, en Ecuador, la fuerza laboral period\u00edstica se compone de 5121 profesionales, de los que, 3653 son hombres y solo 1468 son mujeres.<\/p>\t\t\t\t\t\t\t\t<\/div>\n\t\t\t\t<\/div>\n\t\t\t\t\t<\/div>\n\t\t<\/div>\n\t\t\t\t\t<\/div>\n\t\t<\/section>\n\t\t\t\t<section class=\"elementor-section elementor-top-section elementor-element elementor-element-2ad774a elementor-section-boxed elementor-section-height-default elementor-section-height-default\" data-id=\"2ad774a\" data-element_type=\"section\" data-e-type=\"section\">\n\t\t\t\t\t\t<div class=\"elementor-container elementor-column-gap-default\">\n\t\t\t\t\t<div class=\"elementor-column elementor-col-100 elementor-top-column elementor-element elementor-element-6c12f1b\" data-id=\"6c12f1b\" data-element_type=\"column\" data-e-type=\"column\">\n\t\t\t<div class=\"elementor-widget-wrap elementor-element-populated\">\n\t\t\t\t\t\t<div class=\"elementor-element elementor-element-33bd13f elementor-widget elementor-widget-image\" data-id=\"33bd13f\" data-element_type=\"widget\" data-e-type=\"widget\" data-widget_type=\"image.default\">\n\t\t\t\t<div class=\"elementor-widget-container\">\n\t\t\t\t\t\t\t\t\t\t\t\t\t\t\t<img decoding=\"async\" width=\"640\" height=\"360\" src=\"https:\/\/www.oime.com.ec\/wp-content\/uploads\/majo-3-1024x576.png\" class=\"attachment-large size-large wp-image-1849\" alt=\"\" srcset=\"https:\/\/www.oime.com.ec\/wp-content\/uploads\/majo-3-1024x576.png 1024w, https:\/\/www.oime.com.ec\/wp-content\/uploads\/majo-3-300x169.png 300w, https:\/\/www.oime.com.ec\/wp-content\/uploads\/majo-3-768x432.png 768w, https:\/\/www.oime.com.ec\/wp-content\/uploads\/majo-3-1170x658.png 1170w, https:\/\/www.oime.com.ec\/wp-content\/uploads\/majo-3.png 1379w\" sizes=\"(max-width: 640px) 100vw, 640px\" \/>\t\t\t\t\t\t\t\t\t\t\t\t\t\t\t<\/div>\n\t\t\t\t<\/div>\n\t\t\t\t\t<\/div>\n\t\t<\/div>\n\t\t\t\t\t<\/div>\n\t\t<\/section>\n\t\t\t\t<section class=\"elementor-section elementor-top-section elementor-element elementor-element-b238a35 elementor-section-boxed elementor-section-height-default elementor-section-height-default\" data-id=\"b238a35\" data-element_type=\"section\" data-e-type=\"section\">\n\t\t\t\t\t\t<div class=\"elementor-container elementor-column-gap-default\">\n\t\t\t\t\t<div class=\"elementor-column elementor-col-100 elementor-top-column elementor-element elementor-element-0b14488\" data-id=\"0b14488\" data-element_type=\"column\" data-e-type=\"column\">\n\t\t\t<div class=\"elementor-widget-wrap elementor-element-populated\">\n\t\t\t\t\t\t<div class=\"elementor-element elementor-element-2afa563 elementor-widget__width-initial elementor-widget elementor-widget-text-editor\" data-id=\"2afa563\" data-element_type=\"widget\" data-e-type=\"widget\" data-widget_type=\"text-editor.default\">\n\t\t\t\t<div class=\"elementor-widget-container\">\n\t\t\t\t\t\t\t\t\t<p>A esto el Consejo de Comunicaci\u00f3n a\u00f1ade que las mujeres periodistas enfrentan desaf\u00edos relacionados con extensas jornadas laborales, remuneraciones exiguas, distribuci\u00f3n desigual de roles de liderazgo entre hombres y mujeres, limitaciones en el acceso a servicios de cuidado infantil asequibles y pol\u00edticas insuficientes sobre licencias de maternidad en una carrera demandante. La falta de redes de apoyo ha complicado la continuidad profesional de aquellas periodistas que optan por la maternidad. Todo esto ha provocado que las mujeres se inclinen hacia el periodismo independiente bajo la modalidad <em>freelance<\/em>, situaci\u00f3n que ofrece una mayor flexibilidad horaria, pero que en contraparte pone en riesgo la estabilidad laboral y econ\u00f3mica.<\/p>\n<p>En entrevista v\u00eda <em>Zoom<\/em>, Majo Zabala resalta que la perspectiva de g\u00e9nero es fundamental en su estudio, pues en las mujeres predominan las amenazas sexuales, la violencia contra su cuerpo y la idea de que, en la profesi\u00f3n del periodismo, ellas solo deben tratar temas de casa, culturales, sociales y evitar los \u201ctemas duros\u201d como pol\u00edtica, econom\u00eda y seguridad que en muchas salas de redacci\u00f3n son distribuidos principalmente a los hombres. Sin embargo, en la investigaci\u00f3n realizada, Zabala identific\u00f3 que gran parte de la informaci\u00f3n sobre las fronteras, la inseguridad, el narcotr\u00e1fico y la corrupci\u00f3n es proporcionada por mujeres periodistas.<\/p>\n<p>Una \u00faltima encuesta de la UNESCO muestra que el 63% de las mujeres periodistas han sufrido alg\u00fan tipo de violencia digital por su trabajo. Dagmar Flores, coordinadora del \u00e1rea de Protecci\u00f3n de <a href=\"https:\/\/www.fundamedios.org\/\">Fundamedios<\/a>, corrobora estos datos al indicar que la mayor\u00eda de las denuncias que reciben de las periodistas mujeres son de este tipo. En las redes sociodigitales, no solo las periodistas son v\u00edctimas de violencia, sino tambi\u00e9n sus familias que son expuestas por los detractores con el fin de menospreciar su trabajo period\u00edstico. \u201cEl hecho de que esto ocurra en un espacio digital no quita la importancia, pues esto luego se lleva a un espacio f\u00edsico\u201d, puntualiza Flores.<\/p>\n<p>De acuerdo con informaci\u00f3n proporcionada por Fundamedios, 14 periodistas ecuatorianos tuvieron que exiliarse en un a\u00f1o y medio. Dicho de otro modo, casi un periodista por mes debe abandonar su lugar de residencia. No obstante, esta cifra, seg\u00fan Ricaurte, responde \u00fanicamente a los casos que se han reportado. Es posible que existan otros casos de autoexilio desconocidos.<\/p>\n<p>En entrevista en el <a href=\"https:\/\/www.facebook.com\/watch\/?v=1163839484823952\">programa <em>Las Warmis<\/em> de Radio Pichincha<\/a><em>, <\/em>la periodista Karol Noro\u00f1a, el primer caso de exilio registrado en Ecuador, se refiri\u00f3 a las amenazas que ha recibido en contra de su integridad. Para este medio y en el marco de lo que fue la presentaci\u00f3n de su libro <em>Ausencias, nombrar al Ecuador profundo <\/em>en la Feria Internacional del Libro de Quito 2024, Noro\u00f1a declar\u00f3 que no ha puesto ninguna denuncia por el temor que siente de lo que le pueda pasar a su familia y debido a que los grupos criminales que la amenazaron tienen conexiones directas con funcionarios p\u00fablicos.<\/p>\t\t\t\t\t\t\t\t<\/div>\n\t\t\t\t<\/div>\n\t\t\t\t\t<\/div>\n\t\t<\/div>\n\t\t\t\t\t<\/div>\n\t\t<\/section>\n\t\t\t\t<section class=\"elementor-section elementor-top-section elementor-element elementor-element-f1c979c elementor-section-boxed elementor-section-height-default elementor-section-height-default\" data-id=\"f1c979c\" data-element_type=\"section\" data-e-type=\"section\">\n\t\t\t\t\t\t<div class=\"elementor-container elementor-column-gap-default\">\n\t\t\t\t\t<div class=\"elementor-column elementor-col-100 elementor-top-column elementor-element elementor-element-ba2fd8c\" data-id=\"ba2fd8c\" data-element_type=\"column\" data-e-type=\"column\">\n\t\t\t<div class=\"elementor-widget-wrap elementor-element-populated\">\n\t\t\t\t\t\t<div class=\"elementor-element elementor-element-9383e47 elementor-widget elementor-widget-image\" data-id=\"9383e47\" data-element_type=\"widget\" data-e-type=\"widget\" data-widget_type=\"image.default\">\n\t\t\t\t<div class=\"elementor-widget-container\">\n\t\t\t\t\t\t\t\t\t\t\t\t\t\t\t<img loading=\"lazy\" decoding=\"async\" width=\"640\" height=\"359\" src=\"https:\/\/www.oime.com.ec\/wp-content\/uploads\/majo-4-1024x575.png\" class=\"attachment-large size-large wp-image-1850\" alt=\"\" srcset=\"https:\/\/www.oime.com.ec\/wp-content\/uploads\/majo-4-1024x575.png 1024w, https:\/\/www.oime.com.ec\/wp-content\/uploads\/majo-4-300x169.png 300w, https:\/\/www.oime.com.ec\/wp-content\/uploads\/majo-4-768x432.png 768w, https:\/\/www.oime.com.ec\/wp-content\/uploads\/majo-4-1170x658.png 1170w, https:\/\/www.oime.com.ec\/wp-content\/uploads\/majo-4.png 1379w\" sizes=\"(max-width: 640px) 100vw, 640px\" \/>\t\t\t\t\t\t\t\t\t\t\t\t\t\t\t<\/div>\n\t\t\t\t<\/div>\n\t\t\t\t\t<\/div>\n\t\t<\/div>\n\t\t\t\t\t<\/div>\n\t\t<\/section>\n\t\t\t\t<section class=\"elementor-section elementor-top-section elementor-element elementor-element-6e9e3da elementor-section-boxed elementor-section-height-default elementor-section-height-default\" data-id=\"6e9e3da\" data-element_type=\"section\" data-e-type=\"section\">\n\t\t\t\t\t\t<div class=\"elementor-container elementor-column-gap-default\">\n\t\t\t\t\t<div class=\"elementor-column elementor-col-100 elementor-top-column elementor-element elementor-element-17ba14f\" data-id=\"17ba14f\" data-element_type=\"column\" data-e-type=\"column\">\n\t\t\t<div class=\"elementor-widget-wrap elementor-element-populated\">\n\t\t\t\t\t\t<div class=\"elementor-element elementor-element-805f58a elementor-widget elementor-widget-text-editor\" data-id=\"805f58a\" data-element_type=\"widget\" data-e-type=\"widget\" data-widget_type=\"text-editor.default\">\n\t\t\t\t<div class=\"elementor-widget-container\">\n\t\t\t\t\t\t\t\t\t<p><strong>\u00bfQu\u00e9 hay de los periodistas exiliados?<\/strong><\/p>\n<p>Es la pregunta nuclear de la tesis de Majo Zabala, en la que cuestiona la falta de atenci\u00f3n del Estado, sin considerar que no se trata de una sola persona en riesgo, sino de quienes son parte del c\u00edrculo familiar y social de las periodistas. \u201cHay un olvido del Estado hacia nosotros, los periodistas. Hay casos en los que, adem\u00e1s de un periodista exiliado, hay una familia totalmente exiliada\u201d, sostiene Zabala.<\/p>\t\t\t\t\t\t\t\t<\/div>\n\t\t\t\t<\/div>\n\t\t\t\t\t<\/div>\n\t\t<\/div>\n\t\t\t\t\t<\/div>\n\t\t<\/section>\n\t\t\t\t<section class=\"elementor-section elementor-top-section elementor-element elementor-element-37c5b2e elementor-section-boxed elementor-section-height-default elementor-section-height-default\" data-id=\"37c5b2e\" data-element_type=\"section\" data-e-type=\"section\">\n\t\t\t\t\t\t<div class=\"elementor-container elementor-column-gap-default\">\n\t\t\t\t\t<div class=\"elementor-column elementor-col-100 elementor-top-column elementor-element elementor-element-ab36ca3\" data-id=\"ab36ca3\" data-element_type=\"column\" data-e-type=\"column\">\n\t\t\t<div class=\"elementor-widget-wrap elementor-element-populated\">\n\t\t\t\t\t\t<div class=\"elementor-element elementor-element-b8d5b71 elementor-widget elementor-widget-image\" data-id=\"b8d5b71\" data-element_type=\"widget\" data-e-type=\"widget\" data-widget_type=\"image.default\">\n\t\t\t\t<div class=\"elementor-widget-container\">\n\t\t\t\t\t\t\t\t\t\t\t\t\t\t\t<img loading=\"lazy\" decoding=\"async\" width=\"640\" height=\"360\" src=\"https:\/\/www.oime.com.ec\/wp-content\/uploads\/majo-5-1024x576.png\" class=\"attachment-large size-large wp-image-1851\" alt=\"\" srcset=\"https:\/\/www.oime.com.ec\/wp-content\/uploads\/majo-5-1024x576.png 1024w, https:\/\/www.oime.com.ec\/wp-content\/uploads\/majo-5-300x169.png 300w, https:\/\/www.oime.com.ec\/wp-content\/uploads\/majo-5-768x432.png 768w, https:\/\/www.oime.com.ec\/wp-content\/uploads\/majo-5-1170x658.png 1170w, https:\/\/www.oime.com.ec\/wp-content\/uploads\/majo-5.png 1379w\" sizes=\"(max-width: 640px) 100vw, 640px\" \/>\t\t\t\t\t\t\t\t\t\t\t\t\t\t\t<\/div>\n\t\t\t\t<\/div>\n\t\t\t\t\t<\/div>\n\t\t<\/div>\n\t\t\t\t\t<\/div>\n\t\t<\/section>\n\t\t\t\t<section class=\"elementor-section elementor-top-section elementor-element elementor-element-d381ced elementor-section-boxed elementor-section-height-default elementor-section-height-default\" data-id=\"d381ced\" data-element_type=\"section\" data-e-type=\"section\">\n\t\t\t\t\t\t<div class=\"elementor-container elementor-column-gap-default\">\n\t\t\t\t\t<div class=\"elementor-column elementor-col-100 elementor-top-column elementor-element elementor-element-5ac8e35\" data-id=\"5ac8e35\" data-element_type=\"column\" data-e-type=\"column\">\n\t\t\t<div class=\"elementor-widget-wrap elementor-element-populated\">\n\t\t\t\t\t\t<div class=\"elementor-element elementor-element-08d58ba elementor-widget elementor-widget-text-editor\" data-id=\"08d58ba\" data-element_type=\"widget\" data-e-type=\"widget\" data-widget_type=\"text-editor.default\">\n\t\t\t\t<div class=\"elementor-widget-container\">\n\t\t\t\t\t\t\t\t\t<p>C\u00e9sar Ricaurte, director de Fundamedios, define al exilio como un drama humano, ya que contiene las dimensiones de lo emocional, lo psicol\u00f3gico, lo familiar, lo econ\u00f3mico, lo laboral, es decir, una serie de afectaciones que se producen cuando el o la periodista se ven obligados a dejar su zona de vida. \u201cEl exilio o la reubicaci\u00f3n de un periodista debe ser la \u00faltima medida de protecci\u00f3n que se debe adoptar. Este mecanismo solo se debe activar cuando no haya otra forma de precautelar su vida\u201d, reflexiona Ricaurte.<\/p>\n<p>Ante las circunstancias descritas, se demanda la implementaci\u00f3n de protocolos de seguridad en Ecuador. En el <a href=\"https:\/\/twitter.com\/OimeEcuador\/status\/1795983493186375743\">#Div\u00falgaloTodo que se realiz\u00f3 el 29 de mayo de 2024<\/a>, Yadira Aguallo, directora de Comunicaci\u00f3n del Gabinete Estrat\u00e9gico, se\u00f1al\u00f3 que se requiere de financiamiento para poner en marcha el mecanismo de protecci\u00f3n para los periodistas ecuatorianos. Sin embargo, hasta la fecha el Ministerio de Finanzas no proporciona los 784 mil d\u00f3lares de partida presupuestaria para su operaci\u00f3n.<\/p>\n<p>Por su parte, Michell Moretti, Mag\u00edster en Investigaci\u00f3n en Antropolog\u00eda por Flacso-Ecuador, enfatiz\u00f3 que si bien es cierto la Ley Org\u00e1nica de Comunicaci\u00f3n reconoce el mecanismo de protecci\u00f3n para periodistas, hay que distinguir entre las dificultades del trabajo como tal y los problemas que emergen del trabajo period\u00edstico.<\/p>\n<p><strong>Limitaciones del estudio<\/strong><strong>\u00a0<\/strong><\/p>\n<p>Al preguntarle a Majo Zabala sobre las limitaciones de su estudio, ella responde con mucha franqueza. \u201cEn esta investigaci\u00f3n, que me llev\u00f3 m\u00e1s de cuatro meses, hubo much\u00edsimas mujeres que quisieron hablar. Asimismo, hay muchos factores en los que la violencia se presenta. Cada caso es \u00fanico y no pude tratar a todos por la delimitaci\u00f3n del tema. Tampoco pude hablar con personas de diferentes etnias y ciudades\u201d. A pesar de ello, su trabajo es el punto de partida de un tema que no ha sido regularmente abordado en el campo de la investigaci\u00f3n cient\u00edfica.<\/p>\t\t\t\t\t\t\t\t<\/div>\n\t\t\t\t<\/div>\n\t\t\t\t\t<\/div>\n\t\t<\/div>\n\t\t\t\t\t<\/div>\n\t\t<\/section>\n\t\t\t\t<section class=\"elementor-section elementor-top-section elementor-element elementor-element-f06a64f elementor-section-boxed elementor-section-height-default elementor-section-height-default\" data-id=\"f06a64f\" data-element_type=\"section\" data-e-type=\"section\">\n\t\t\t\t\t\t<div class=\"elementor-container elementor-column-gap-default\">\n\t\t\t\t\t<div class=\"elementor-column elementor-col-100 elementor-top-column elementor-element elementor-element-485b645\" data-id=\"485b645\" data-element_type=\"column\" data-e-type=\"column\">\n\t\t\t<div class=\"elementor-widget-wrap elementor-element-populated\">\n\t\t\t\t\t\t<div class=\"elementor-element elementor-element-68d3f98 elementor-widget elementor-widget-text-editor\" data-id=\"68d3f98\" data-element_type=\"widget\" data-e-type=\"widget\" data-widget_type=\"text-editor.default\">\n\t\t\t\t<div class=\"elementor-widget-container\">\n\t\t\t\t\t\t\t\t\t<p><strong>Principales conclusiones<\/strong><\/p>\t\t\t\t\t\t\t\t<\/div>\n\t\t\t\t<\/div>\n\t\t\t\t\t<\/div>\n\t\t<\/div>\n\t\t\t\t\t<\/div>\n\t\t<\/section>\n\t\t\t\t<section class=\"elementor-section elementor-top-section elementor-element elementor-element-620875d elementor-section-boxed elementor-section-height-default elementor-section-height-default\" data-id=\"620875d\" data-element_type=\"section\" data-e-type=\"section\">\n\t\t\t\t\t\t<div class=\"elementor-container elementor-column-gap-default\">\n\t\t\t\t\t<div class=\"elementor-column elementor-col-100 elementor-top-column elementor-element elementor-element-0eec0e0\" data-id=\"0eec0e0\" data-element_type=\"column\" data-e-type=\"column\">\n\t\t\t<div class=\"elementor-widget-wrap elementor-element-populated\">\n\t\t\t\t\t\t<div class=\"elementor-element elementor-element-fd9bdba elementor-widget elementor-widget-image\" data-id=\"fd9bdba\" data-element_type=\"widget\" data-e-type=\"widget\" data-widget_type=\"image.default\">\n\t\t\t\t<div class=\"elementor-widget-container\">\n\t\t\t\t\t\t\t\t\t\t\t\t\t\t\t<img loading=\"lazy\" decoding=\"async\" width=\"640\" height=\"360\" src=\"https:\/\/www.oime.com.ec\/wp-content\/uploads\/majo-6-1024x576.png\" class=\"attachment-large size-large wp-image-1852\" alt=\"\" srcset=\"https:\/\/www.oime.com.ec\/wp-content\/uploads\/majo-6-1024x576.png 1024w, https:\/\/www.oime.com.ec\/wp-content\/uploads\/majo-6-300x169.png 300w, https:\/\/www.oime.com.ec\/wp-content\/uploads\/majo-6-768x432.png 768w, https:\/\/www.oime.com.ec\/wp-content\/uploads\/majo-6-1170x658.png 1170w, https:\/\/www.oime.com.ec\/wp-content\/uploads\/majo-6.png 1379w\" sizes=\"(max-width: 640px) 100vw, 640px\" \/>\t\t\t\t\t\t\t\t\t\t\t\t\t\t\t<\/div>\n\t\t\t\t<\/div>\n\t\t\t\t\t<\/div>\n\t\t<\/div>\n\t\t\t\t\t<\/div>\n\t\t<\/section>\n\t\t\t\t<section class=\"elementor-section elementor-top-section elementor-element elementor-element-b885aea elementor-section-boxed elementor-section-height-default elementor-section-height-default\" data-id=\"b885aea\" data-element_type=\"section\" data-e-type=\"section\">\n\t\t\t\t\t\t<div class=\"elementor-container elementor-column-gap-default\">\n\t\t\t\t\t<div class=\"elementor-column elementor-col-100 elementor-top-column elementor-element elementor-element-6493246\" data-id=\"6493246\" data-element_type=\"column\" data-e-type=\"column\">\n\t\t\t<div class=\"elementor-widget-wrap elementor-element-populated\">\n\t\t\t\t\t\t<div class=\"elementor-element elementor-element-586b928 elementor-widget elementor-widget-text-editor\" data-id=\"586b928\" data-element_type=\"widget\" data-e-type=\"widget\" data-widget_type=\"text-editor.default\">\n\t\t\t\t<div class=\"elementor-widget-container\">\n\t\t\t\t\t\t\t\t\t<p>El estudio concluye lo siguiente:<\/p>\n<ul>\n<li>El exilio, el anonimato y la autocensura como estrategias de protecci\u00f3n en respuesta a las amenazas tienen implicaciones en la calidad del periodismo en Ecuador, pues se limita la libertad de expresi\u00f3n y se vulnera el derecho de la sociedad de estar debidamente informada. A esto se suma la impunidad para quienes cometen este tipo de actos violentos.<\/li>\n<li>Las condiciones laborales para las mujeres periodistas en Ecuador se caracterizan por la informalidad, la precarizaci\u00f3n y la inestabilidad en su lugar de trabajo. Por otra parte, cada vez m\u00e1s periodistas mujeres trabajan como <em>freelance<\/em>; esto significa que, adem\u00e1s de realizar sus actividades sin una relaci\u00f3n de dependencia laboral, est\u00e1n expuestas, en desprotecci\u00f3n y en riesgo permanente.<\/li>\n<li>La combinaci\u00f3n de la inseguridad junto a la discriminaci\u00f3n de g\u00e9nero en el ejercicio profesional y\/o en el hogar perjudica a las periodistas de forma diferenciada. Esto se presenta por su condici\u00f3n de ser mujeres, madres, esposas, hijas, jefas de familia, etc. Cuando las relaciones en inequidad dentro del \u00e1mbito familiar se replican en lo laboral, esto se traduce en una doble carga, donde las tensiones, las violencias y la subordinaci\u00f3n son invariables entre estos dos espacios.<\/li>\n<\/ul>\t\t\t\t\t\t\t\t<\/div>\n\t\t\t\t<\/div>\n\t\t\t\t\t<\/div>\n\t\t<\/div>\n\t\t\t\t\t<\/div>\n\t\t<\/section>\n\t\t\t\t<section class=\"elementor-section elementor-top-section elementor-element elementor-element-6e6ce89 elementor-section-boxed elementor-section-height-default elementor-section-height-default\" data-id=\"6e6ce89\" data-element_type=\"section\" data-e-type=\"section\">\n\t\t\t\t\t\t<div class=\"elementor-container elementor-column-gap-default\">\n\t\t\t\t\t<div class=\"elementor-column elementor-col-100 elementor-top-column elementor-element elementor-element-c31eede\" data-id=\"c31eede\" data-element_type=\"column\" data-e-type=\"column\">\n\t\t\t<div class=\"elementor-widget-wrap elementor-element-populated\">\n\t\t\t\t\t\t<div class=\"elementor-element elementor-element-7926560 elementor-widget elementor-widget-image\" data-id=\"7926560\" data-element_type=\"widget\" data-e-type=\"widget\" data-widget_type=\"image.default\">\n\t\t\t\t<div class=\"elementor-widget-container\">\n\t\t\t\t\t\t\t\t\t\t\t\t\t\t\t<img loading=\"lazy\" decoding=\"async\" width=\"640\" height=\"360\" src=\"https:\/\/www.oime.com.ec\/wp-content\/uploads\/majo-7-1024x576.png\" class=\"attachment-large size-large wp-image-1853\" alt=\"\" srcset=\"https:\/\/www.oime.com.ec\/wp-content\/uploads\/majo-7-1024x576.png 1024w, https:\/\/www.oime.com.ec\/wp-content\/uploads\/majo-7-300x169.png 300w, https:\/\/www.oime.com.ec\/wp-content\/uploads\/majo-7-768x432.png 768w, https:\/\/www.oime.com.ec\/wp-content\/uploads\/majo-7-1170x658.png 1170w, https:\/\/www.oime.com.ec\/wp-content\/uploads\/majo-7.png 1379w\" sizes=\"(max-width: 640px) 100vw, 640px\" \/>\t\t\t\t\t\t\t\t\t\t\t\t\t\t\t<\/div>\n\t\t\t\t<\/div>\n\t\t\t\t\t<\/div>\n\t\t<\/div>\n\t\t\t\t\t<\/div>\n\t\t<\/section>\n\t\t\t\t<section class=\"elementor-section elementor-top-section elementor-element elementor-element-06d34c3 elementor-section-boxed elementor-section-height-default elementor-section-height-default\" data-id=\"06d34c3\" data-element_type=\"section\" data-e-type=\"section\">\n\t\t\t\t\t\t<div class=\"elementor-container elementor-column-gap-default\">\n\t\t\t\t\t<div class=\"elementor-column elementor-col-100 elementor-top-column elementor-element elementor-element-d1f4e99\" data-id=\"d1f4e99\" data-element_type=\"column\" data-e-type=\"column\">\n\t\t\t<div class=\"elementor-widget-wrap elementor-element-populated\">\n\t\t\t\t\t\t<div class=\"elementor-element elementor-element-b18287a elementor-widget elementor-widget-text-editor\" data-id=\"b18287a\" data-element_type=\"widget\" data-e-type=\"widget\" data-widget_type=\"text-editor.default\">\n\t\t\t\t<div class=\"elementor-widget-container\">\n\t\t\t\t\t\t\t\t\t<p>Con respecto a la inseguridad, el escenario se agrava cuando la violencia en el pa\u00eds empieza a ser una constante en la sociedad y hay una mirada social normalizadora del ejercicio del periodismo bajo continuas amenazas. De ah\u00ed que, es necesario persistir en la investigaci\u00f3n e informaci\u00f3n sobre los riesgos que viven tanto hombres como mujeres periodistas, contemplando la transversalizaci\u00f3n del g\u00e9nero. Desde este an\u00e1lisis, se sugiere un periodismo vigilante del poder, colaborativo y solidario con los y las periodistas que son v\u00edctimas de violencia. Estas pr\u00e1cticas dan mayor fuerza al trabajo del gremio period\u00edstico.<\/p>\t\t\t\t\t\t\t\t<\/div>\n\t\t\t\t<\/div>\n\t\t\t\t\t<\/div>\n\t\t<\/div>\n\t\t\t\t\t<\/div>\n\t\t<\/section>\n\t\t\t\t<section class=\"elementor-section elementor-top-section elementor-element elementor-element-a2cb50a elementor-section-boxed elementor-section-height-default elementor-section-height-default\" data-id=\"a2cb50a\" data-element_type=\"section\" data-e-type=\"section\">\n\t\t\t\t\t\t<div class=\"elementor-container elementor-column-gap-default\">\n\t\t\t\t\t<div class=\"elementor-column elementor-col-100 elementor-top-column elementor-element elementor-element-d122bd7\" data-id=\"d122bd7\" data-element_type=\"column\" data-e-type=\"column\">\n\t\t\t<div class=\"elementor-widget-wrap elementor-element-populated\">\n\t\t\t\t\t\t<div class=\"elementor-element elementor-element-2e0acc4 elementor-widget elementor-widget-video\" data-id=\"2e0acc4\" data-element_type=\"widget\" data-e-type=\"widget\" data-settings=\"{&quot;video_type&quot;:&quot;hosted&quot;,&quot;controls&quot;:&quot;yes&quot;}\" data-widget_type=\"video.default\">\n\t\t\t\t<div class=\"elementor-widget-container\">\n\t\t\t\t\t\t\t<div class=\"e-hosted-video elementor-wrapper elementor-open-inline\">\n\t\t\t\t\t<video class=\"elementor-video\" src=\"https:\/\/oime.com.ec\/wp-content\/uploads\/Dagmar-Flores-audio.mp4\" controls=\"\" preload=\"metadata\" controlsList=\"nodownload\"><\/video>\n\t\t\t\t<\/div>\n\t\t\t\t\t\t<\/div>\n\t\t\t\t<\/div>\n\t\t\t\t\t<\/div>\n\t\t<\/div>\n\t\t\t\t\t<\/div>\n\t\t<\/section>\n\t\t\t\t<section class=\"elementor-section elementor-top-section elementor-element elementor-element-568dad4 elementor-section-boxed elementor-section-height-default elementor-section-height-default\" data-id=\"568dad4\" data-element_type=\"section\" data-e-type=\"section\">\n\t\t\t\t\t\t<div class=\"elementor-container elementor-column-gap-default\">\n\t\t\t\t\t<div class=\"elementor-column elementor-col-100 elementor-top-column elementor-element elementor-element-e715d13\" data-id=\"e715d13\" data-element_type=\"column\" data-e-type=\"column\">\n\t\t\t<div class=\"elementor-widget-wrap elementor-element-populated\">\n\t\t\t\t\t\t<div class=\"elementor-element elementor-element-ac796a9 elementor-widget elementor-widget-text-editor\" data-id=\"ac796a9\" data-element_type=\"widget\" data-e-type=\"widget\" data-widget_type=\"text-editor.default\">\n\t\t\t\t<div class=\"elementor-widget-container\">\n\t\t\t\t\t\t\t\t\t<p>El trabajo de Mar\u00eda Jos\u00e9 Zabala se\u00f1ala que \u00abeste art\u00edculo constituye un insumo para el proyecto \u00abIndicadores sensibles al g\u00e9nero de la Unesco en Ecuador centrados en la seguridad y condiciones laborales de las mujeres periodistas\u00bb, que lidera la carrera de Periodismo de la Universidad San Francisco de Quito junto al Observatorio Interuniversitario de Medio Ecuatorianos, con fondos de UNESCO.<\/p>\n<p>Tatiana Sandoval Pizarro<\/p>\n<p>OIME News \u2013 Facso\/UCE<\/p>\n<p>tpsandoval @uce.edu.ec<\/p>\t\t\t\t\t\t\t\t<\/div>\n\t\t\t\t<\/div>\n\t\t\t\t\t<\/div>\n\t\t<\/div>\n\t\t\t\t\t<\/div>\n\t\t<\/section>\n\t\t\t\t<\/div>\n\t\t","protected":false},"excerpt":{"rendered":"<p>Todos las ven partir. Las condiciones laborales de mujeres periodistas ecuatorianas en 6 medios, a partir del primer exilio. As\u00ed se titula la investigaci\u00f3n y<\/p>\n","protected":false},"author":1,"featured_media":0,"comment_status":"open","ping_status":"open","sticky":false,"template":"","format":"image","meta":{"footnotes":""},"categories":[8],"tags":[],"class_list":["post-1844","post","type-post","status-publish","format-image","hentry","category-notas-divulgativas","post_format-post-format-image","three-columns"],"_links":{"self":[{"href":"https:\/\/www.oime.com.ec\/index.php?rest_route=\/wp\/v2\/posts\/1844","targetHints":{"allow":["GET"]}}],"collection":[{"href":"https:\/\/www.oime.com.ec\/index.php?rest_route=\/wp\/v2\/posts"}],"about":[{"href":"https:\/\/www.oime.com.ec\/index.php?rest_route=\/wp\/v2\/types\/post"}],"author":[{"embeddable":true,"href":"https:\/\/www.oime.com.ec\/index.php?rest_route=\/wp\/v2\/users\/1"}],"replies":[{"embeddable":true,"href":"https:\/\/www.oime.com.ec\/index.php?rest_route=%2Fwp%2Fv2%2Fcomments&post=1844"}],"version-history":[{"count":9,"href":"https:\/\/www.oime.com.ec\/index.php?rest_route=\/wp\/v2\/posts\/1844\/revisions"}],"predecessor-version":[{"id":2162,"href":"https:\/\/www.oime.com.ec\/index.php?rest_route=\/wp\/v2\/posts\/1844\/revisions\/2162"}],"wp:attachment":[{"href":"https:\/\/www.oime.com.ec\/index.php?rest_route=%2Fwp%2Fv2%2Fmedia&parent=1844"}],"wp:term":[{"taxonomy":"category","embeddable":true,"href":"https:\/\/www.oime.com.ec\/index.php?rest_route=%2Fwp%2Fv2%2Fcategories&post=1844"},{"taxonomy":"post_tag","embeddable":true,"href":"https:\/\/www.oime.com.ec\/index.php?rest_route=%2Fwp%2Fv2%2Ftags&post=1844"}],"curies":[{"name":"wp","href":"https:\/\/api.w.org\/{rel}","templated":true}]}}