{"id":1886,"date":"2024-10-14T11:46:47","date_gmt":"2024-10-14T16:46:47","guid":{"rendered":"https:\/\/oime.com.ec\/?p=1886"},"modified":"2025-11-24T11:33:50","modified_gmt":"2025-11-24T16:33:50","slug":"en-cincoma-se-expusieron-mecanismos-de-desinformacion-y-operaciones-de-interferencia-extranjera-en-experiencias-locales","status":"publish","type":"post","link":"https:\/\/www.oime.com.ec\/?p=1886","title":{"rendered":"En CINCOMA se expusieron mecanismos de desinformaci\u00f3n y operaciones de interferencia extranjera en experiencias locales"},"content":{"rendered":"\t\t<div data-elementor-type=\"wp-post\" data-elementor-id=\"1886\" class=\"elementor elementor-1886\">\n\t\t\t\t\t\t<section class=\"elementor-section elementor-top-section elementor-element elementor-element-5c294a5d elementor-section-boxed elementor-section-height-default elementor-section-height-default\" data-id=\"5c294a5d\" data-element_type=\"section\" data-e-type=\"section\">\n\t\t\t\t\t\t<div class=\"elementor-container elementor-column-gap-default\">\n\t\t\t\t\t<div class=\"elementor-column elementor-col-100 elementor-top-column elementor-element elementor-element-2ea0122c\" data-id=\"2ea0122c\" data-element_type=\"column\" data-e-type=\"column\">\n\t\t\t<div class=\"elementor-widget-wrap elementor-element-populated\">\n\t\t\t\t\t\t<div class=\"elementor-element elementor-element-7082fd55 elementor-widget elementor-widget-text-editor\" data-id=\"7082fd55\" data-element_type=\"widget\" data-e-type=\"widget\" data-widget_type=\"text-editor.default\">\n\t\t\t\t<div class=\"elementor-widget-container\">\n\t\t\t\t\t\t\t\t\t\n<figure class=\"wp-block-image size-large\"><img fetchpriority=\"high\" decoding=\"async\" width=\"1024\" height=\"576\" src=\"https:\/\/oime.com.ec\/wp-content\/uploads\/foto1-cincoma-1024x576.png\" alt=\"\" class=\"wp-image-1887\" srcset=\"https:\/\/www.oime.com.ec\/wp-content\/uploads\/foto1-cincoma-1024x576.png 1024w, https:\/\/www.oime.com.ec\/wp-content\/uploads\/foto1-cincoma-300x169.png 300w, https:\/\/www.oime.com.ec\/wp-content\/uploads\/foto1-cincoma-768x432.png 768w, https:\/\/www.oime.com.ec\/wp-content\/uploads\/foto1-cincoma-1170x659.png 1170w, https:\/\/www.oime.com.ec\/wp-content\/uploads\/foto1-cincoma.png 1384w\" sizes=\"(max-width: 1024px) 100vw, 1024px\" \/><\/figure>\n\n\n\n<p><\/p>\n\t\t\t\t\t\t\t\t<\/div>\n\t\t\t\t<\/div>\n\t\t\t\t\t<\/div>\n\t\t<\/div>\n\t\t\t\t\t<\/div>\n\t\t<\/section>\n\t\t\t\t<section class=\"elementor-section elementor-top-section elementor-element elementor-element-d829d2d elementor-section-boxed elementor-section-height-default elementor-section-height-default\" data-id=\"d829d2d\" data-element_type=\"section\" data-e-type=\"section\">\n\t\t\t\t\t\t<div class=\"elementor-container elementor-column-gap-default\">\n\t\t\t\t\t<div class=\"elementor-column elementor-col-100 elementor-top-column elementor-element elementor-element-c1209a9\" data-id=\"c1209a9\" data-element_type=\"column\" data-e-type=\"column\">\n\t\t\t<div class=\"elementor-widget-wrap elementor-element-populated\">\n\t\t\t\t\t\t<div class=\"elementor-element elementor-element-e3dfa6d elementor-widget elementor-widget-text-editor\" data-id=\"e3dfa6d\" data-element_type=\"widget\" data-e-type=\"widget\" data-widget_type=\"text-editor.default\">\n\t\t\t\t<div class=\"elementor-widget-container\">\n\t\t\t\t\t\t\t\t\t<p>Del 25 al 27 de septiembre de 2024 se desarroll\u00f3 la quinta edici\u00f3n del Congreso Internacional de Innovaci\u00f3n en Comunicaci\u00f3n y Medios Audiovisuales (<a href=\"https:\/\/cincoma.org\/\">CINCOMA<\/a>), con sesiones virtuales y presenciales. Este evento centrado en el estudio y la reflexi\u00f3n de la Comunicaci\u00f3n fue organizado por la <a href=\"https:\/\/www.usal.es\/\">Universidad de Salamanca<\/a> y la <a href=\"https:\/\/www.ua.es\/\">Universidad de Alicante<\/a>, en Espa\u00f1a. Adem\u00e1s, cont\u00f3 con la colaboraci\u00f3n de otras entidades como el Observatorio de discurso televisivo (<a href=\"http:\/\/www.teletropias.com\/\">Teletrop\u00edas<\/a>), la Red de Investigaciones en Publicidad (<a href=\"https:\/\/relaip.org\/\">RELAIP<\/a>), la Plataforma de Revistas Cient\u00edficas de Comunicaci\u00f3n (<a href=\"https:\/\/plataformarevistascomunicacion.org\/\">PlatCom<\/a>), la Revista de la Red Acad\u00e9mica Iberoamericana de Comunicaci\u00f3n (<a href=\"https:\/\/revistapangea.org\/index.php\/revista\">Pangea<\/a>) y el Observatorio Interuniversitario de Medios Ecuatorianos (<a href=\"https:\/\/x.com\/OimeEcuador\">OIME<\/a>).<\/p>\n<p>En la <a href=\"https:\/\/youtu.be\/Tw5UrymxcB8?si=npSLEflWbSyy8UF3&amp;t=195\">sesi\u00f3n virtual del 25 de septiembre de 2024<\/a> particip\u00f3 Arturo Torres Ram\u00edrez, cofundador del medio digital <a href=\"https:\/\/www.codigovidrio.com\/code\/\">C\u00f3digo Vidrio<\/a> y colaborador <em>freelance<\/em> en el <a href=\"https:\/\/www.washingtonpost.com\/\">Washington Post<\/a>, en la conferencia plenaria: \u201cEvoluci\u00f3n geopol\u00edtica de discursos oficiales presentes en la desinformaci\u00f3n y en distintas pantallas\u201d. Tambi\u00e9n, estuvo Daniel Su\u00e1rez P\u00e9rez, del laboratorio de investigaci\u00f3n digital <a href=\"https:\/\/dfrlab.org\/\">DFRLab<\/a> y periodista con una vasta experiencia en investigaciones sobre conflictos armados y en proyectos period\u00edsticos enfocados en la violencia contra l\u00edderes locales y comunidades en Am\u00e9rica Latina. A ellos se sum\u00f3 Anella Reta, responsable de verificaci\u00f3n digital de <a href=\"https:\/\/factual.afp.com\/\">AFP Factual<\/a> y <a href=\"https:\/\/checamos.afp.com\/\">AFP Checamos<\/a>, as\u00ed como exeditora para el servicio de infograf\u00eda en espa\u00f1ol y s\u00e9nior en la mesa regional para Am\u00e9rica Latina en Montevideo, adem\u00e1s de corresponsal en S\u00e3o Paulo.<\/p>\t\t\t\t\t\t\t\t<\/div>\n\t\t\t\t<\/div>\n\t\t\t\t\t<\/div>\n\t\t<\/div>\n\t\t\t\t\t<\/div>\n\t\t<\/section>\n\t\t\t\t<section class=\"elementor-section elementor-top-section elementor-element elementor-element-a517db9 elementor-section-boxed elementor-section-height-default elementor-section-height-default\" data-id=\"a517db9\" data-element_type=\"section\" data-e-type=\"section\">\n\t\t\t\t\t\t<div class=\"elementor-container elementor-column-gap-default\">\n\t\t\t\t\t<div class=\"elementor-column elementor-col-100 elementor-top-column elementor-element elementor-element-a61b572\" data-id=\"a61b572\" data-element_type=\"column\" data-e-type=\"column\">\n\t\t\t<div class=\"elementor-widget-wrap elementor-element-populated\">\n\t\t\t\t\t\t<div class=\"elementor-element elementor-element-ab1a394 elementor-widget elementor-widget-text-editor\" data-id=\"ab1a394\" data-element_type=\"widget\" data-e-type=\"widget\" data-widget_type=\"text-editor.default\">\n\t\t\t\t<div class=\"elementor-widget-container\">\n\t\t\t\t\t\t\t\t\t<p><strong>Mecanismos de desinformaci\u00f3n de canales rusos\u00a0 <\/strong><\/p>\t\t\t\t\t\t\t\t<\/div>\n\t\t\t\t<\/div>\n\t\t\t\t\t<\/div>\n\t\t<\/div>\n\t\t\t\t\t<\/div>\n\t\t<\/section>\n\t\t\t\t<section class=\"elementor-section elementor-top-section elementor-element elementor-element-1cd09e3 elementor-section-boxed elementor-section-height-default elementor-section-height-default\" data-id=\"1cd09e3\" data-element_type=\"section\" data-e-type=\"section\">\n\t\t\t\t\t\t<div class=\"elementor-container elementor-column-gap-default\">\n\t\t\t\t\t<div class=\"elementor-column elementor-col-100 elementor-top-column elementor-element elementor-element-2f65053\" data-id=\"2f65053\" data-element_type=\"column\" data-e-type=\"column\">\n\t\t\t<div class=\"elementor-widget-wrap elementor-element-populated\">\n\t\t\t\t\t\t<div class=\"elementor-element elementor-element-4613df1 elementor-widget elementor-widget-image\" data-id=\"4613df1\" data-element_type=\"widget\" data-e-type=\"widget\" data-widget_type=\"image.default\">\n\t\t\t\t<div class=\"elementor-widget-container\">\n\t\t\t\t\t\t\t\t\t\t\t\t\t\t\t<img decoding=\"async\" width=\"640\" height=\"362\" src=\"https:\/\/www.oime.com.ec\/wp-content\/uploads\/foto-2-cincoma-1024x579.png\" class=\"attachment-large size-large wp-image-1889\" alt=\"\" srcset=\"https:\/\/www.oime.com.ec\/wp-content\/uploads\/foto-2-cincoma-1024x579.png 1024w, https:\/\/www.oime.com.ec\/wp-content\/uploads\/foto-2-cincoma-300x170.png 300w, https:\/\/www.oime.com.ec\/wp-content\/uploads\/foto-2-cincoma-768x434.png 768w, https:\/\/www.oime.com.ec\/wp-content\/uploads\/foto-2-cincoma-1170x661.png 1170w, https:\/\/www.oime.com.ec\/wp-content\/uploads\/foto-2-cincoma.png 1384w\" sizes=\"(max-width: 640px) 100vw, 640px\" \/>\t\t\t\t\t\t\t\t\t\t\t\t\t\t\t<\/div>\n\t\t\t\t<\/div>\n\t\t\t\t\t<\/div>\n\t\t<\/div>\n\t\t\t\t\t<\/div>\n\t\t<\/section>\n\t\t\t\t<section class=\"elementor-section elementor-top-section elementor-element elementor-element-d07e57a elementor-section-boxed elementor-section-height-default elementor-section-height-default\" data-id=\"d07e57a\" data-element_type=\"section\" data-e-type=\"section\">\n\t\t\t\t\t\t<div class=\"elementor-container elementor-column-gap-default\">\n\t\t\t\t\t<div class=\"elementor-column elementor-col-100 elementor-top-column elementor-element elementor-element-b2ee92b\" data-id=\"b2ee92b\" data-element_type=\"column\" data-e-type=\"column\">\n\t\t\t<div class=\"elementor-widget-wrap elementor-element-populated\">\n\t\t\t\t\t\t<div class=\"elementor-element elementor-element-1ea4f3b elementor-widget elementor-widget-text-editor\" data-id=\"1ea4f3b\" data-element_type=\"widget\" data-e-type=\"widget\" data-widget_type=\"text-editor.default\">\n\t\t\t\t<div class=\"elementor-widget-container\">\n\t\t\t\t\t\t\t\t\t<p><strong>Arturo Torres se refiri\u00f3 al monitoreo de publicaciones que la alianza period\u00edstica Vistazo-C\u00f3digo Vidrio realiz\u00f3 a la cadena de televisi\u00f3n internacional <em>Russia Today<\/em> (<\/strong><a href=\"https:\/\/www.rt.com\/\"><strong>RT<\/strong><\/a><strong>) y a la agencia de noticias y servicio de radiodifusi\u00f3n <\/strong><a href=\"https:\/\/noticiaslatam.lat\/\"><strong><em>Sputnik<\/em><\/strong><\/a><strong>, ambos medios de comunicaci\u00f3n financiados por el Estado ruso.<\/strong> El objetivo fue determinar las estrategias de (des) informaci\u00f3n de estos canales extranjeros para influir en la audiencia de Ecuador durante las protestas sociales que se vivieron en el pa\u00eds en octubre de 2019 y junio de 2022, as\u00ed como en el proceso de elecciones presidenciales anticipadas de 2023.<\/p>\n<p>El periodista independiente explic\u00f3 que en este ejercicio de mapeo en el que se cruzaron variables cuanti y cualitativas, se revisaron un total de <strong>496 publicaciones<\/strong> que RT hizo en sus <strong>redes sociodigitales<\/strong> sobre las manifestaciones de 2019 y 2022, y <strong>371 contenidos <\/strong>difundidos por el mismo canal junto a su medio sat\u00e9lite <em>Sputnik<\/em> en sus <strong>p\u00e1ginas web<\/strong>. Adem\u00e1s, por medio de una consulta realizada a trav\u00e9s de la plataforma de inteligencia de noticias <a href=\"https:\/\/eventregistry.org\/\"><em>Event Registry<\/em><\/a> desde el laboratorio de investigaci\u00f3n digital <a href=\"https:\/\/dfrlab.org\/\">DFRLab<\/a> y <a href=\"https:\/\/factual.afp.com\/\">AFP Factual<\/a>, con el apoyo del OIME, se obtuvieron y analizaron los <strong>art\u00edculos publicados<\/strong> en dos per\u00edodos: <strong>entre el 13 de junio y el 31 de julio de 2022, y el 2 y el 18 de octubre de 2019.<\/strong><\/p>\t\t\t\t\t\t\t\t<\/div>\n\t\t\t\t<\/div>\n\t\t\t\t\t<\/div>\n\t\t<\/div>\n\t\t\t\t\t<\/div>\n\t\t<\/section>\n\t\t\t\t<section class=\"elementor-section elementor-top-section elementor-element elementor-element-29a34a8 elementor-section-boxed elementor-section-height-default elementor-section-height-default\" data-id=\"29a34a8\" data-element_type=\"section\" data-e-type=\"section\">\n\t\t\t\t\t\t<div class=\"elementor-container elementor-column-gap-default\">\n\t\t\t\t\t<div class=\"elementor-column elementor-col-100 elementor-top-column elementor-element elementor-element-26c66a2\" data-id=\"26c66a2\" data-element_type=\"column\" data-e-type=\"column\">\n\t\t\t<div class=\"elementor-widget-wrap elementor-element-populated\">\n\t\t\t\t\t\t<div class=\"elementor-element elementor-element-dcd526c elementor-widget elementor-widget-blockquote\" data-id=\"dcd526c\" data-element_type=\"widget\" data-e-type=\"widget\" data-widget_type=\"blockquote.default\">\n\t\t\t\t<div class=\"elementor-widget-container\">\n\t\t\t\t\t \t\t\t\t<\/div>\n\t\t\t\t<\/div>\n\t\t\t\t\t<\/div>\n\t\t<\/div>\n\t\t\t\t\t<\/div>\n\t\t<\/section>\n\t\t\t\t<section class=\"elementor-section elementor-top-section elementor-element elementor-element-5db9ec3 elementor-section-boxed elementor-section-height-default elementor-section-height-default\" data-id=\"5db9ec3\" data-element_type=\"section\" data-e-type=\"section\">\n\t\t\t\t\t\t<div class=\"elementor-container elementor-column-gap-default\">\n\t\t\t\t\t<div class=\"elementor-column elementor-col-100 elementor-top-column elementor-element elementor-element-1175992\" data-id=\"1175992\" data-element_type=\"column\" data-e-type=\"column\">\n\t\t\t<div class=\"elementor-widget-wrap elementor-element-populated\">\n\t\t\t\t\t\t<div class=\"elementor-element elementor-element-e9015f2 elementor-widget elementor-widget-text-editor\" data-id=\"e9015f2\" data-element_type=\"widget\" data-e-type=\"widget\" data-widget_type=\"text-editor.default\">\n\t\t\t\t<div class=\"elementor-widget-container\">\n\t\t\t\t\t\t\t\t\t<p>Con respecto a las <strong>elecciones extraordinarias de 2023<\/strong>, entre agosto y septiembre de ese a\u00f1o, durante la segunda vuelta presidencial, <strong>se analizaron 47 publicaciones de RT y 44 de <em>Sputnik<\/em> vinculadas a los candidatos Daniel Noboa, de Acci\u00f3n Democr\u00e1tica Nacional (ADN), y Luisa Gonz\u00e1lez, del movimiento pol\u00edtico Revoluci\u00f3n Ciudadana (RC5). <\/strong>Torres se\u00f1al\u00f3 que la principal conclusi\u00f3n de este an\u00e1lisis fue que los medios rusos actuaron como aliados invisibles de la candidata de la RC5. Esto se evidenci\u00f3 en la cantidad de notas y en los enfoques del material publicado, donde se destac\u00f3 la figura de la presidenciable y los logros del gobierno del expresidente Rafael Correa.<\/p>\n<p>Durante su intervenci\u00f3n, <strong>el tambi\u00e9n ex editor general del diario El Comercio, resalt\u00f3 el trabajo aunado entre los medios de comunicaci\u00f3n y la academia para entender, procesar la informaci\u00f3n y publicar los resultados.<\/strong> Esto permiti\u00f3 establecer que los mecanismos y la din\u00e1mica de desinformaci\u00f3n de los canales rusos son los mensajes reiterativos, la reproducci\u00f3n de alianzas para amplificar su contenido y la recurrencia a <em>influencers<\/em>. \u201cEl medio en s\u00ed no es potente, sino la red de conexiones, el encadenamiento medi\u00e1tico, la reinvenci\u00f3n para ir permeando en las audiencias\u201d, recalc\u00f3 el periodista.<\/p>\t\t\t\t\t\t\t\t<\/div>\n\t\t\t\t<\/div>\n\t\t\t\t\t<\/div>\n\t\t<\/div>\n\t\t\t\t\t<\/div>\n\t\t<\/section>\n\t\t\t\t<section class=\"elementor-section elementor-top-section elementor-element elementor-element-bb5f3e9 elementor-section-boxed elementor-section-height-default elementor-section-height-default\" data-id=\"bb5f3e9\" data-element_type=\"section\" data-e-type=\"section\">\n\t\t\t\t\t\t<div class=\"elementor-container elementor-column-gap-default\">\n\t\t\t\t\t<div class=\"elementor-column elementor-col-100 elementor-top-column elementor-element elementor-element-7f4a7b4\" data-id=\"7f4a7b4\" data-element_type=\"column\" data-e-type=\"column\">\n\t\t\t<div class=\"elementor-widget-wrap elementor-element-populated\">\n\t\t\t\t\t\t<div class=\"elementor-element elementor-element-d2070df elementor-widget elementor-widget-text-editor\" data-id=\"d2070df\" data-element_type=\"widget\" data-e-type=\"widget\" data-widget_type=\"text-editor.default\">\n\t\t\t\t<div class=\"elementor-widget-container\">\n\t\t\t\t\t\t\t\t\t<p><strong>Injerencia extranjera a partir de experiencias locales<\/strong><\/p>\t\t\t\t\t\t\t\t<\/div>\n\t\t\t\t<\/div>\n\t\t\t\t\t<\/div>\n\t\t<\/div>\n\t\t\t\t\t<\/div>\n\t\t<\/section>\n\t\t\t\t<section class=\"elementor-section elementor-top-section elementor-element elementor-element-6166f1b elementor-section-boxed elementor-section-height-default elementor-section-height-default\" data-id=\"6166f1b\" data-element_type=\"section\" data-e-type=\"section\">\n\t\t\t\t\t\t<div class=\"elementor-container elementor-column-gap-default\">\n\t\t\t\t\t<div class=\"elementor-column elementor-col-100 elementor-top-column elementor-element elementor-element-0f70d12\" data-id=\"0f70d12\" data-element_type=\"column\" data-e-type=\"column\">\n\t\t\t<div class=\"elementor-widget-wrap elementor-element-populated\">\n\t\t\t\t\t\t<div class=\"elementor-element elementor-element-9a172e1 elementor-widget elementor-widget-image\" data-id=\"9a172e1\" data-element_type=\"widget\" data-e-type=\"widget\" data-widget_type=\"image.default\">\n\t\t\t\t<div class=\"elementor-widget-container\">\n\t\t\t\t\t\t\t\t\t\t\t\t\t\t\t<img decoding=\"async\" width=\"640\" height=\"360\" src=\"https:\/\/www.oime.com.ec\/wp-content\/uploads\/Cincoma-3-1024x576.png\" class=\"attachment-large size-large wp-image-1890\" alt=\"\" srcset=\"https:\/\/www.oime.com.ec\/wp-content\/uploads\/Cincoma-3-1024x576.png 1024w, https:\/\/www.oime.com.ec\/wp-content\/uploads\/Cincoma-3-300x169.png 300w, https:\/\/www.oime.com.ec\/wp-content\/uploads\/Cincoma-3-768x432.png 768w, https:\/\/www.oime.com.ec\/wp-content\/uploads\/Cincoma-3-1170x659.png 1170w, https:\/\/www.oime.com.ec\/wp-content\/uploads\/Cincoma-3.png 1384w\" sizes=\"(max-width: 640px) 100vw, 640px\" \/>\t\t\t\t\t\t\t\t\t\t\t\t\t\t\t<\/div>\n\t\t\t\t<\/div>\n\t\t\t\t\t<\/div>\n\t\t<\/div>\n\t\t\t\t\t<\/div>\n\t\t<\/section>\n\t\t\t\t<section class=\"elementor-section elementor-top-section elementor-element elementor-element-5acc84a elementor-section-boxed elementor-section-height-default elementor-section-height-default\" data-id=\"5acc84a\" data-element_type=\"section\" data-e-type=\"section\">\n\t\t\t\t\t\t<div class=\"elementor-container elementor-column-gap-default\">\n\t\t\t\t\t<div class=\"elementor-column elementor-col-100 elementor-top-column elementor-element elementor-element-4da2194\" data-id=\"4da2194\" data-element_type=\"column\" data-e-type=\"column\">\n\t\t\t<div class=\"elementor-widget-wrap elementor-element-populated\">\n\t\t\t\t\t\t<div class=\"elementor-element elementor-element-0e4fe16 elementor-widget elementor-widget-text-editor\" data-id=\"0e4fe16\" data-element_type=\"widget\" data-e-type=\"widget\" data-widget_type=\"text-editor.default\">\n\t\t\t\t<div class=\"elementor-widget-container\">\n\t\t\t\t\t\t\t\t\t<p>Por otro lado, Daniel Su\u00e1rez, con la tem\u00e1tica sobre las \u201cOperaciones de interferencia extranjera: enfrent\u00e1ndolas con una mirada local\u201d, aludi\u00f3 a la guerra de narrativas. <strong>\u201cCuando ocurre una guerra, lo primero que se pierde es la verdad\u201d<\/strong>, cit\u00f3 el periodista de investigaci\u00f3n para puntualizar que en este escenario se busca posicionar el discurso del m\u00e1s poderoso, de aquel que se hace escuchar m\u00e1s e impone su verdad mediante distintas estrategias.<\/p>\n<p>Otro de los aspectos mencionados fue la <strong>desinformaci\u00f3n de g\u00e9nero<\/strong> y para contextualizarlo puso de ejemplo la investigaci\u00f3n realizada por el diario digital \u201c<a href=\"https:\/\/www.elespanol.com\/reportajes\/20220319\/ultraderecha-vox-oligarcas-putin-traves-hazteoir-citizengo\/658184665_0.html\">El Espa\u00f1ol<\/a>\u201d en la que se saca a la luz la estrategia de financiamiento internacional para impulsar al partido pol\u00edtico Vox en Espa\u00f1a con el que se promueva una agenda contra derechos de la comunidad LGBTI, la violencia de g\u00e9nero y el aborto. Esta red ten\u00eda nexo en Espa\u00f1a con las organizaciones de ultraderecha <em>HazteOir y CizizenC<\/em>, vinculadas con el Kremlin.<\/p>\n<p>Para finalizar su participaci\u00f3n, Su\u00e1rez se refiri\u00f3 a los retos que plantea la Inteligencia Artificial (IA). Desde su mirada, la mayor accesibilidad a estas nuevas tecnolog\u00edas dio paso a que se creen narrativas con empresarios, actores famosos, periodistas, candidatos presidenciales y presidentes.<\/p>\t\t\t\t\t\t\t\t<\/div>\n\t\t\t\t<\/div>\n\t\t\t\t\t<\/div>\n\t\t<\/div>\n\t\t\t\t\t<\/div>\n\t\t<\/section>\n\t\t\t\t<section class=\"elementor-section elementor-top-section elementor-element elementor-element-267b0bb elementor-section-boxed elementor-section-height-default elementor-section-height-default\" data-id=\"267b0bb\" data-element_type=\"section\" data-e-type=\"section\">\n\t\t\t\t\t\t<div class=\"elementor-container elementor-column-gap-default\">\n\t\t\t\t\t<div class=\"elementor-column elementor-col-100 elementor-top-column elementor-element elementor-element-e2ec9d9\" data-id=\"e2ec9d9\" data-element_type=\"column\" data-e-type=\"column\">\n\t\t\t<div class=\"elementor-widget-wrap elementor-element-populated\">\n\t\t\t\t\t\t<div class=\"elementor-element elementor-element-1c871b5 elementor-widget elementor-widget-blockquote\" data-id=\"1c871b5\" data-element_type=\"widget\" data-e-type=\"widget\" data-widget_type=\"blockquote.default\">\n\t\t\t\t<div class=\"elementor-widget-container\">\n\t\t\t\t\t \t\t\t\t<\/div>\n\t\t\t\t<\/div>\n\t\t\t\t\t<\/div>\n\t\t<\/div>\n\t\t\t\t\t<\/div>\n\t\t<\/section>\n\t\t\t\t<section class=\"elementor-section elementor-top-section elementor-element elementor-element-70978a7 elementor-section-boxed elementor-section-height-default elementor-section-height-default\" data-id=\"70978a7\" data-element_type=\"section\" data-e-type=\"section\">\n\t\t\t\t\t\t<div class=\"elementor-container elementor-column-gap-default\">\n\t\t\t\t\t<div class=\"elementor-column elementor-col-100 elementor-top-column elementor-element elementor-element-2595f29\" data-id=\"2595f29\" data-element_type=\"column\" data-e-type=\"column\">\n\t\t\t<div class=\"elementor-widget-wrap elementor-element-populated\">\n\t\t\t\t\t\t<div class=\"elementor-element elementor-element-28b35db elementor-widget elementor-widget-text-editor\" data-id=\"28b35db\" data-element_type=\"widget\" data-e-type=\"widget\" data-widget_type=\"text-editor.default\">\n\t\t\t\t<div class=\"elementor-widget-container\">\n\t\t\t\t\t\t\t\t\t<p><strong>Formatos y narrativas de desinformaci\u00f3n<\/strong><\/p>\t\t\t\t\t\t\t\t<\/div>\n\t\t\t\t<\/div>\n\t\t\t\t\t<\/div>\n\t\t<\/div>\n\t\t\t\t\t<\/div>\n\t\t<\/section>\n\t\t\t\t<section class=\"elementor-section elementor-top-section elementor-element elementor-element-924277c elementor-section-boxed elementor-section-height-default elementor-section-height-default\" data-id=\"924277c\" data-element_type=\"section\" data-e-type=\"section\">\n\t\t\t\t\t\t<div class=\"elementor-container elementor-column-gap-default\">\n\t\t\t\t\t<div class=\"elementor-column elementor-col-100 elementor-top-column elementor-element elementor-element-779488d\" data-id=\"779488d\" data-element_type=\"column\" data-e-type=\"column\">\n\t\t\t<div class=\"elementor-widget-wrap elementor-element-populated\">\n\t\t\t\t\t\t<div class=\"elementor-element elementor-element-500ce51 elementor-widget elementor-widget-image\" data-id=\"500ce51\" data-element_type=\"widget\" data-e-type=\"widget\" data-widget_type=\"image.default\">\n\t\t\t\t<div class=\"elementor-widget-container\">\n\t\t\t\t\t\t\t\t\t\t\t\t\t\t\t<img loading=\"lazy\" decoding=\"async\" width=\"640\" height=\"360\" src=\"https:\/\/www.oime.com.ec\/wp-content\/uploads\/cincoma4-1024x576.png\" class=\"attachment-large size-large wp-image-1891\" alt=\"\" srcset=\"https:\/\/www.oime.com.ec\/wp-content\/uploads\/cincoma4-1024x576.png 1024w, https:\/\/www.oime.com.ec\/wp-content\/uploads\/cincoma4-300x169.png 300w, https:\/\/www.oime.com.ec\/wp-content\/uploads\/cincoma4-768x432.png 768w, https:\/\/www.oime.com.ec\/wp-content\/uploads\/cincoma4-1170x659.png 1170w, https:\/\/www.oime.com.ec\/wp-content\/uploads\/cincoma4.png 1384w\" sizes=\"(max-width: 640px) 100vw, 640px\" \/>\t\t\t\t\t\t\t\t\t\t\t\t\t\t\t<\/div>\n\t\t\t\t<\/div>\n\t\t\t\t\t<\/div>\n\t\t<\/div>\n\t\t\t\t\t<\/div>\n\t\t<\/section>\n\t\t\t\t<section class=\"elementor-section elementor-top-section elementor-element elementor-element-49943f5 elementor-section-boxed elementor-section-height-default elementor-section-height-default\" data-id=\"49943f5\" data-element_type=\"section\" data-e-type=\"section\">\n\t\t\t\t\t\t<div class=\"elementor-container elementor-column-gap-default\">\n\t\t\t\t\t<div class=\"elementor-column elementor-col-100 elementor-top-column elementor-element elementor-element-d78e14f\" data-id=\"d78e14f\" data-element_type=\"column\" data-e-type=\"column\">\n\t\t\t<div class=\"elementor-widget-wrap elementor-element-populated\">\n\t\t\t\t\t\t<div class=\"elementor-element elementor-element-0842df9 elementor-widget elementor-widget-text-editor\" data-id=\"0842df9\" data-element_type=\"widget\" data-e-type=\"widget\" data-widget_type=\"text-editor.default\">\n\t\t\t\t<div class=\"elementor-widget-container\">\n\t\t\t\t\t\t\t\t\t<p>Por \u00faltimo, la exposici\u00f3n de Anella Reta vers\u00f3 en el <em>fact-checking<\/em> que realiza AFP Factual para combatir la desinformaci\u00f3n en diferentes temas. Su trabajo consiste en verificar contenidos virales, que son potencialmente da\u00f1inos y tienen car\u00e1cter de inter\u00e9s p\u00fablico. La periodista indic\u00f3 que la desinformaci\u00f3n no tiene fronteras y que las narrativas suelen replicarse o reciclarse en distintos pa\u00edses, pero con diferentes formatos y niveles.<\/p>\n<p>Reta especific\u00f3 que hay pistas para detectar la desinformaci\u00f3n como: los t\u00edtulos sensacionalistas y apremiantes, los textos que apuntan a la emoci\u00f3n y no a la raz\u00f3n, el emisor es an\u00f3nimo o se representa como autoridad, las fechas son imprecisas, no hay evidencia s\u00f3lida, hay errores de ortograf\u00eda o contradicciones en los detalles de las im\u00e1genes (ropa de invierno en verano, audios en otros idiomas, etc.).<\/p>\n<p>En la esfera electoral, uno de los ejemplos que coloc\u00f3 Anella fue el caso de la candidata presidencial Luisa Gonz\u00e1lez. Se\u00f1al\u00f3 que una semana antes del balotaje en Ecuador, en octubre de 2023, se viraliz\u00f3 un contenido que fue compartido m\u00e1s de 7 mil veces en distintas plataformas digitales. El mensaje que circul\u00f3 acompa\u00f1ado de un v\u00eddeo fue: \u201cLuisa Gonz\u00e1lez propone meter al fentanilo en la tabla de consumo de droga. Quieren destruir a nuestra juventud\u201d. AFP Factual hizo una b\u00fasqueda inversa del v\u00eddeo para llegar al real en el que se constat\u00f3 que en ning\u00fan momento la candidata hizo esta propuesta ni tampoco se refiri\u00f3 al fentanilo. Detr\u00e1s del contenido producido se detectaron varios cortes de la entrevista. En los fragmentos se incorporaron voces con IA para calzarla con el movimiento de los labios de la candidata entrevistada en un medio televisivo.<\/p>\t\t\t\t\t\t\t\t<\/div>\n\t\t\t\t<\/div>\n\t\t\t\t\t<\/div>\n\t\t<\/div>\n\t\t\t\t\t<\/div>\n\t\t<\/section>\n\t\t\t\t<section class=\"elementor-section elementor-top-section elementor-element elementor-element-d732319 elementor-section-boxed elementor-section-height-default elementor-section-height-default\" data-id=\"d732319\" data-element_type=\"section\" data-e-type=\"section\">\n\t\t\t\t\t\t<div class=\"elementor-container elementor-column-gap-default\">\n\t\t\t\t\t<div class=\"elementor-column elementor-col-100 elementor-top-column elementor-element elementor-element-df232e0\" data-id=\"df232e0\" data-element_type=\"column\" data-e-type=\"column\">\n\t\t\t<div class=\"elementor-widget-wrap elementor-element-populated\">\n\t\t\t\t\t\t<div class=\"elementor-element elementor-element-b6f0965 elementor-widget elementor-widget-blockquote\" data-id=\"b6f0965\" data-element_type=\"widget\" data-e-type=\"widget\" data-widget_type=\"blockquote.default\">\n\t\t\t\t<div class=\"elementor-widget-container\">\n\t\t\t\t\t \t\t\t\t<\/div>\n\t\t\t\t<\/div>\n\t\t\t\t\t<\/div>\n\t\t<\/div>\n\t\t\t\t\t<\/div>\n\t\t<\/section>\n\t\t\t\t<section class=\"elementor-section elementor-top-section elementor-element elementor-element-378ae98 elementor-section-boxed elementor-section-height-default elementor-section-height-default\" data-id=\"378ae98\" data-element_type=\"section\" data-e-type=\"section\">\n\t\t\t\t\t\t<div class=\"elementor-container elementor-column-gap-default\">\n\t\t\t\t\t<div class=\"elementor-column elementor-col-100 elementor-top-column elementor-element elementor-element-3692c96\" data-id=\"3692c96\" data-element_type=\"column\" data-e-type=\"column\">\n\t\t\t<div class=\"elementor-widget-wrap elementor-element-populated\">\n\t\t\t\t\t\t<div class=\"elementor-element elementor-element-371d647 elementor-widget elementor-widget-text-editor\" data-id=\"371d647\" data-element_type=\"widget\" data-e-type=\"widget\" data-widget_type=\"text-editor.default\">\n\t\t\t\t<div class=\"elementor-widget-container\">\n\t\t\t\t\t\t\t\t\t<p>De esta forma, se concluye que hay medios de comunicaci\u00f3n que pueden constituirse en adeptos pol\u00edticos para favorecer los intereses de ciertos grupos que buscan el poder en el Estado e incidir en la opini\u00f3n p\u00fablica. Asimismo, hay que considerar que la desinformaci\u00f3n tiene como aliado a las redes sociodigitales, donde los contenidos falsos circulan a gran velocidad. Estos discursos pueden traspasar la pantalla y ocasionar consecuencias en la vida real.<\/p>\n<p><strong>Tatiana Sandoval Pizarro<\/strong><\/p>\n<p><strong>OIME News\u2013Facso\/UCE<\/strong><\/p>\n<p><strong>tpsandoval@uce.edu.ec<\/strong><\/p>\t\t\t\t\t\t\t\t<\/div>\n\t\t\t\t<\/div>\n\t\t\t\t\t<\/div>\n\t\t<\/div>\n\t\t\t\t\t<\/div>\n\t\t<\/section>\n\t\t\t\t<\/div>\n\t\t","protected":false},"excerpt":{"rendered":"<p>Del 25 al 27 de septiembre de 2024 se desarroll\u00f3 la quinta edici\u00f3n del Congreso Internacional de Innovaci\u00f3n en Comunicaci\u00f3n y Medios Audiovisuales (CINCOMA), con<\/p>\n","protected":false},"author":1,"featured_media":0,"comment_status":"open","ping_status":"open","sticky":false,"template":"","format":"image","meta":{"footnotes":""},"categories":[6],"tags":[],"class_list":["post-1886","post","type-post","status-publish","format-image","hentry","category-notas-informativas","post_format-post-format-image","three-columns"],"_links":{"self":[{"href":"https:\/\/www.oime.com.ec\/index.php?rest_route=\/wp\/v2\/posts\/1886","targetHints":{"allow":["GET"]}}],"collection":[{"href":"https:\/\/www.oime.com.ec\/index.php?rest_route=\/wp\/v2\/posts"}],"about":[{"href":"https:\/\/www.oime.com.ec\/index.php?rest_route=\/wp\/v2\/types\/post"}],"author":[{"embeddable":true,"href":"https:\/\/www.oime.com.ec\/index.php?rest_route=\/wp\/v2\/users\/1"}],"replies":[{"embeddable":true,"href":"https:\/\/www.oime.com.ec\/index.php?rest_route=%2Fwp%2Fv2%2Fcomments&post=1886"}],"version-history":[{"count":7,"href":"https:\/\/www.oime.com.ec\/index.php?rest_route=\/wp\/v2\/posts\/1886\/revisions"}],"predecessor-version":[{"id":1962,"href":"https:\/\/www.oime.com.ec\/index.php?rest_route=\/wp\/v2\/posts\/1886\/revisions\/1962"}],"wp:attachment":[{"href":"https:\/\/www.oime.com.ec\/index.php?rest_route=%2Fwp%2Fv2%2Fmedia&parent=1886"}],"wp:term":[{"taxonomy":"category","embeddable":true,"href":"https:\/\/www.oime.com.ec\/index.php?rest_route=%2Fwp%2Fv2%2Fcategories&post=1886"},{"taxonomy":"post_tag","embeddable":true,"href":"https:\/\/www.oime.com.ec\/index.php?rest_route=%2Fwp%2Fv2%2Ftags&post=1886"}],"curies":[{"name":"wp","href":"https:\/\/api.w.org\/{rel}","templated":true}]}}