{"id":1898,"date":"2025-01-07T07:45:41","date_gmt":"2025-01-07T12:45:41","guid":{"rendered":"https:\/\/oime.com.ec\/?p=1898"},"modified":"2026-01-16T17:28:48","modified_gmt":"2026-01-16T22:28:48","slug":"estudio-actualiza-informacion-sobre-inequidades-y-violencia-de-genero-en-el-trabajo-de-mujeres-periodistas-en-ecuador","status":"publish","type":"post","link":"https:\/\/www.oime.com.ec\/?p=1898","title":{"rendered":"Estudio actualiza informaci\u00f3n sobre inequidades y violencia de g\u00e9nero en el trabajo de mujeres periodistas en Ecuador"},"content":{"rendered":"\n<h3 class=\"wp-block-heading\"><strong>El trabajo cubri\u00f3 22 de las 24 provincias del pa\u00eds y estuvo ejecutado por OIME y USFQ, con el aval de Unesco y fondos del PIDC<\/strong><\/h3>\n\n\n\n<p>Las desigualdades de g\u00e9nero cruzadas con otras diferenciaciones sociales como edad, etnia, estrato social, discapacidad, incluidas otras particularidades que discriminan, como la maternidad, el tipo de medio, aspectos \u00e9ticos-pol\u00edticos, crecieron en el ejercicio period\u00edstico ecuatoriano desde 2020. Ese a\u00f1o, en el marco de la crisis sanitaria mundial por el virus de la COVID-19, se hizo un informe denominado <em>Chicas Poderosas<\/em>. Hoy, <strong>con el estudio <em>Periodismo en Violeta<\/em>, que cubri\u00f3 el per\u00edodo 2020-2024, se evidencia que esas desigualdades que enfrentan las mujeres periodistas ecuatorianas son estructurales y limitantes para el desarrollo de un periodismo y una comunicaci\u00f3n social equitativos.<\/strong><\/p>\n\n\n\n<div data-wp-interactive=\"core\/file\" class=\"wp-block-file\"><object data-wp-bind--hidden=\"!state.hasPdfPreview\" hidden class=\"wp-block-file__embed\" data=\"https:\/\/www.oime.com.ec\/wp-content\/uploads\/VF-Cifras-Violetas-estado-de-situacio\u0301n-de-mujeres-periodistas-3.pdf\" type=\"application\/pdf\" style=\"width:100%;height:600px\" aria-label=\"Incrustado de VF Cifras Violetas estado de situacio\u0301n de mujeres periodistas.\"><\/object><a id=\"wp-block-file--media-43bcbe6c-5a66-410b-b4c1-cd50b4e0bb24\" href=\"https:\/\/www.oime.com.ec\/wp-content\/uploads\/VF-Cifras-Violetas-estado-de-situacio\u0301n-de-mujeres-periodistas-3.pdf\">VF Cifras Violetas estado de situacio\u0301n de mujeres periodistas<\/a><a href=\"https:\/\/www.oime.com.ec\/wp-content\/uploads\/VF-Cifras-Violetas-estado-de-situacio\u0301n-de-mujeres-periodistas-3.pdf\" class=\"wp-block-file__button wp-element-button\" download aria-describedby=\"wp-block-file--media-43bcbe6c-5a66-410b-b4c1-cd50b4e0bb24\">Descarga<\/a><\/div>\n\n\n\n<p>De acuerdo con la Fundaci\u00f3n Andina para la Observaci\u00f3n y Estudio de Medios (Fundamedios), de los <strong>14 exilios de periodistas que se registran en Ecuador<\/strong> por amenazas a su integridad f\u00edsica y a la vida, 6<strong> corresponden a mujeres.<\/strong> El primer caso de exilio se report\u00f3 en 2023 y se trat\u00f3 de una mujer. En este contexto de inseguridad en el que se ejerce el periodismo en Ecuador, la reciente investigaci\u00f3n midi\u00f3 las desigualdades en cinco categor\u00edas: <strong>Representatividad, (in)seguridad, estereotipos de g\u00e9nero, relaciones de g\u00e9nero y maternidad.<\/strong><\/p>\n\n\n\n<p>Los datos de las categor\u00edas expuestas se obtuvieron de la aplicaci\u00f3n de t\u00e9cnicas cuantitativas (encuestas) y cualitativas (entrevistas y grupos focales) que son parte del estudio mixto. En un esfuerzo exhaustivo, <strong>se aplicaron 250 encuestas en l\u00ednea a periodistas y comunicadores<\/strong>. Adem\u00e1s, se realizaron <strong>tres grupos focales en los que interactuaron 19 participantes. <\/strong>Los dos primeros grupos estuvieron conformados por 13 mujeres periodistas, con quienes se cubri\u00f3 las nueve zonas distritales del pa\u00eds. En el \u00faltimo grupo se tuvieron los aportes de directivos de tres organizaciones: Martha Robayo Zapata (Colegio de Periodistas de Pichincha), Rosario Utreras (Uni\u00f3n Nacional de Periodistas) y Ricardo Rivas (Mecanismo de Protecci\u00f3n para Periodistas). Adem\u00e1s, <strong>se efectuaron 20 entrevistas semiestructuradas de forma individual. <\/strong>\u00a0<strong>Con todas estas t\u00e9cnicas, el estudio alcanz\u00f3 22 de las 24 provincias del pa\u00eds<\/strong>, con \u00e9nfasis en Pichincha, de donde se extrajo la mayor cantidad de informaci\u00f3n.<\/p>\n\n\n\n<figure class=\"wp-block-image size-large\"><img fetchpriority=\"high\" decoding=\"async\" width=\"1024\" height=\"576\" src=\"https:\/\/oime.com.ec\/wp-content\/uploads\/2-Portada-Contexto-Historico-1024x576.png\" alt=\"\" class=\"wp-image-1900\" srcset=\"https:\/\/www.oime.com.ec\/wp-content\/uploads\/2-Portada-Contexto-Historico-1024x576.png 1024w, https:\/\/www.oime.com.ec\/wp-content\/uploads\/2-Portada-Contexto-Historico-300x169.png 300w, https:\/\/www.oime.com.ec\/wp-content\/uploads\/2-Portada-Contexto-Historico-768x432.png 768w, https:\/\/www.oime.com.ec\/wp-content\/uploads\/2-Portada-Contexto-Historico-1536x864.png 1536w, https:\/\/www.oime.com.ec\/wp-content\/uploads\/2-Portada-Contexto-Historico-1170x658.png 1170w, https:\/\/www.oime.com.ec\/wp-content\/uploads\/2-Portada-Contexto-Historico.png 1920w\" sizes=\"(max-width: 1024px) 100vw, 1024px\" \/><\/figure>\n\n\n\n<p>El estudio tambi\u00e9n hizo una revisi\u00f3n del contexto hist\u00f3rico de la situaci\u00f3n de las mujeres periodistas en Ecuador desde la colonia hasta el nuevo siglo. Se resalta que a partir de la publicaci\u00f3n de <em>Primicias de la Cultura de Quito<\/em> (1792), <a href=\"https:\/\/x.com\/OimeEcuador\/status\/1813749925458461106\">mujeres como Manuela Espejo<\/a>, con el seud\u00f3nimo de Erophilia, destacaron en el periodismo ecuatoriano, estableciendo las bases del periodismo femenino y feminista en el pa\u00eds.<\/p>\n\n\n\n<p>Cabe indicar que algunas de las cifras y los testimonios de las mujeres periodistas que participaron en esta investigaci\u00f3n, as\u00ed como la documentaci\u00f3n del contexto hist\u00f3rico se publicaron en piezas gr\u00e1ficas y audiovisuales para las redes sociodigitales con el nombre <strong>Femmedia (Mujeres, medios y seguridad)<\/strong>.<\/p>\n\n\n\n<h3 class=\"wp-block-heading\"><strong>Las cifras sobre las mujeres periodistas<\/strong><\/h3>\n\n\n\n<figure class=\"wp-block-image size-large\"><img decoding=\"async\" width=\"1024\" height=\"576\" src=\"https:\/\/oime.com.ec\/wp-content\/uploads\/3-Numero-de-encuestados-1024x576.png\" alt=\"\" class=\"wp-image-1901\" srcset=\"https:\/\/www.oime.com.ec\/wp-content\/uploads\/3-Numero-de-encuestados-1024x576.png 1024w, https:\/\/www.oime.com.ec\/wp-content\/uploads\/3-Numero-de-encuestados-300x169.png 300w, https:\/\/www.oime.com.ec\/wp-content\/uploads\/3-Numero-de-encuestados-768x432.png 768w, https:\/\/www.oime.com.ec\/wp-content\/uploads\/3-Numero-de-encuestados-1536x864.png 1536w, https:\/\/www.oime.com.ec\/wp-content\/uploads\/3-Numero-de-encuestados-1170x658.png 1170w, https:\/\/www.oime.com.ec\/wp-content\/uploads\/3-Numero-de-encuestados.png 1920w\" sizes=\"(max-width: 1024px) 100vw, 1024px\" \/><\/figure>\n\n\n\n<p>El an\u00e1lisis de las categor\u00edas antes descritas se focaliz\u00f3 en las <strong>168 mujeres periodistas y profesionales de la comunicaci\u00f3n<\/strong> que <strong>respondieron la encuesta.<\/strong><\/p>\n\n\n\n<p class=\"has-vivid-purple-color has-text-color has-link-color wp-elements-37144bf38b76174d650368fae05d10d1\"><strong>El acceso a espacios laborales y de liderazgo de las mujeres periodistas en gremios est\u00e1 condicionado por el g\u00e9nero<\/strong><\/p>\n\n\n\n<figure class=\"wp-block-image size-large\"><img decoding=\"async\" width=\"1024\" height=\"576\" src=\"https:\/\/oime.com.ec\/wp-content\/uploads\/4-Cifras-1-1024x576.png\" alt=\"\" class=\"wp-image-1902\" srcset=\"https:\/\/www.oime.com.ec\/wp-content\/uploads\/4-Cifras-1-1024x576.png 1024w, https:\/\/www.oime.com.ec\/wp-content\/uploads\/4-Cifras-1-300x169.png 300w, https:\/\/www.oime.com.ec\/wp-content\/uploads\/4-Cifras-1-768x432.png 768w, https:\/\/www.oime.com.ec\/wp-content\/uploads\/4-Cifras-1-1536x864.png 1536w, https:\/\/www.oime.com.ec\/wp-content\/uploads\/4-Cifras-1-1170x658.png 1170w, https:\/\/www.oime.com.ec\/wp-content\/uploads\/4-Cifras-1.png 1920w\" sizes=\"(max-width: 1024px) 100vw, 1024px\" \/><\/figure>\n\n\n\n<p>En la <strong>categor\u00eda representatividad<\/strong>, que refiere al acceso y permanencia de las periodistas en medios de comunicaci\u00f3n y gremios para el ejercicio profesional o el desempe\u00f1o de cargos directivos, predominaron las redes informales de amigos y familiares. Asimismo, se evidenci\u00f3 que las mujeres periodistas deben demostrar de forma constante su capacidad profesional para afrontar prejuicios machistas en las salas de redacciones. Esto incluye asignaciones laborales desiguales, falta de apoyo en situaciones de riesgo y una limitada representaci\u00f3n en cargos directivos. Por otra parte, se apuntaron actitudes discriminatorias hacia mujeres migrantes o de diferentes nacionalidades.<\/p>\n\n\n\n<p><strong>Con respecto a los gremios profesionales o similares, <\/strong>las consultadas indicaron que entre las razones por las que no son parte de un gremio o asociaci\u00f3n de periodistas est\u00e1 la falta de representatividad y apoyo efectivo organizacional en su defensa, sobre todo en situaciones de acoso, discriminaci\u00f3n o inseguridad.<\/p>\n\n\n\n<h4 class=\"wp-block-heading\"><strong>El trabajo period\u00edstico se precariza y se acent\u00faan las agresiones sexualizadas hacia las mujeres en entornos presenciales y digitales<\/strong><\/h4>\n\n\n\n<figure class=\"wp-block-image size-large\"><img loading=\"lazy\" decoding=\"async\" width=\"1024\" height=\"576\" src=\"https:\/\/oime.com.ec\/wp-content\/uploads\/5-Cifras-2-1024x576.png\" alt=\"\" class=\"wp-image-1903\" srcset=\"https:\/\/www.oime.com.ec\/wp-content\/uploads\/5-Cifras-2-1024x576.png 1024w, https:\/\/www.oime.com.ec\/wp-content\/uploads\/5-Cifras-2-300x169.png 300w, https:\/\/www.oime.com.ec\/wp-content\/uploads\/5-Cifras-2-768x432.png 768w, https:\/\/www.oime.com.ec\/wp-content\/uploads\/5-Cifras-2-1536x864.png 1536w, https:\/\/www.oime.com.ec\/wp-content\/uploads\/5-Cifras-2-1170x658.png 1170w, https:\/\/www.oime.com.ec\/wp-content\/uploads\/5-Cifras-2.png 1920w\" sizes=\"(max-width: 1024px) 100vw, 1024px\" \/><\/figure>\n\n\n\n<p>En la <strong>categor\u00eda (in)seguridad<\/strong>, en Ecuador, pese a que el art\u00edculo 42 del C\u00f3digo del Trabajo estipula la obligatoriedad de entablar una relaci\u00f3n de dependencia y la protecci\u00f3n respectiva por parte de los empleadores a quienes laboren para ellos, esto no se cumple. Los n\u00fameros reflejan que <strong>5 de cada 10 mujeres periodistas, no se encuentran laborando en relaci\u00f3n de dependencia<\/strong> y quienes lo hacen <strong>tambi\u00e9n est\u00e1n desprotegidas con un contrato civil sin beneficios o servicios profesionales sin contrato (facturaci\u00f3n).<\/strong> Esto muestra la informalizaci\u00f3n y la precarizaci\u00f3n de un grupo de profesionales por parte de los empleadores. En esta situaci\u00f3n, las mujeres periodistas se ven obligadas a asumir los riesgos y los costos de su seguridad de manera individual.<\/p>\n\n\n\n<p>En los grupos focales, una periodista y activista del movimiento l\u00e9sbico expuso que <strong>en los medios alternativos la precarizaci\u00f3n laboral es m\u00e1s compleja<\/strong>. <em>\u201c[Tengo] colegas que est\u00e1n haciendo periodismo en estos medios y muchas veces ellos han tenido que conseguir los equipos para realizar transmisiones en vivo con sus propios tel\u00e9fonos celulares. Lo mismo ocurre con el uso de aplicaciones o programas que poco a poco van empezando a tener un precio. Tampoco se costean los traslados para las coberturas period\u00edsticas\u201d<\/em>.<\/p>\n\n\n\n<p>En esta misma categor\u00eda, se conoci\u00f3 la persistencia de<strong> amenazas o ataques de manera presencial y de distintas formas a las periodistas<\/strong>: agresi\u00f3n verbal, acoso sexual, acoso psicol\u00f3gico; y, agresiones m\u00faltiples. A esto se suman las intimidaciones a familiares, irrupciones a su domicilio o veh\u00edculo, anuncios de juicios, y otros. Las agresiones no solo ocurren en los espacios de redacciones, sino tambi\u00e9n fuera de estos, en especial en coberturas de protestas, conflictos sociales o investigaciones sensibles. A la par, las plataformas digitales se convirtieron en otro entorno de violencia ejercida por los usuarios y figuras pol\u00edticas que priorizan el control de la narrativa medi\u00e1tica.<\/p>\n\n\n\n<figure class=\"wp-block-image size-large\"><img loading=\"lazy\" decoding=\"async\" width=\"1024\" height=\"576\" src=\"https:\/\/oime.com.ec\/wp-content\/uploads\/6-Cifras-3-1024x576.png\" alt=\"\" class=\"wp-image-1904\" srcset=\"https:\/\/www.oime.com.ec\/wp-content\/uploads\/6-Cifras-3-1024x576.png 1024w, https:\/\/www.oime.com.ec\/wp-content\/uploads\/6-Cifras-3-300x169.png 300w, https:\/\/www.oime.com.ec\/wp-content\/uploads\/6-Cifras-3-768x432.png 768w, https:\/\/www.oime.com.ec\/wp-content\/uploads\/6-Cifras-3-1536x864.png 1536w, https:\/\/www.oime.com.ec\/wp-content\/uploads\/6-Cifras-3-1170x658.png 1170w, https:\/\/www.oime.com.ec\/wp-content\/uploads\/6-Cifras-3.png 1920w\" sizes=\"(max-width: 1024px) 100vw, 1024px\" \/><\/figure>\n\n\n\n<p>Otro de los aspectos que constituyen esta categor\u00eda puso de manifiesto que <strong>son escasos los medios de comunicaci\u00f3n que proporcionan equipo de protecci\u00f3n<\/strong> (chalecos antibalas, cascos, m\u00e1scaras antigases), as\u00ed como capacitaci\u00f3n en seguridad y defensa personal. Lo mismo ocurre con la <strong>prestaci\u00f3n de servicios de apoyo emocional<\/strong> para situaciones traum\u00e1ticas, como l\u00edneas de atenci\u00f3n para salud mental. Esto se repite en la asistencia a salud sexual y reproductiva.<\/p>\n\n\n\n<p><\/p>\n\n\n\n<p class=\"has-vivid-purple-color has-text-color has-link-color wp-elements-27caad23e7beac11aa404a536572ee03\"><strong>Entre los estereotipos de g\u00e9nero predominantes est\u00e1n la delicadeza, la apariencia atractiva y la exposici\u00f3n al acoso masculino<\/strong><\/p>\n\n\n\n<figure class=\"wp-block-image size-large\"><img loading=\"lazy\" decoding=\"async\" width=\"1024\" height=\"576\" src=\"https:\/\/oime.com.ec\/wp-content\/uploads\/7-Cifras-4-1024x576.png\" alt=\"\" class=\"wp-image-1905\" srcset=\"https:\/\/www.oime.com.ec\/wp-content\/uploads\/7-Cifras-4-1024x576.png 1024w, https:\/\/www.oime.com.ec\/wp-content\/uploads\/7-Cifras-4-300x169.png 300w, https:\/\/www.oime.com.ec\/wp-content\/uploads\/7-Cifras-4-768x432.png 768w, https:\/\/www.oime.com.ec\/wp-content\/uploads\/7-Cifras-4-1536x864.png 1536w, https:\/\/www.oime.com.ec\/wp-content\/uploads\/7-Cifras-4-1170x658.png 1170w, https:\/\/www.oime.com.ec\/wp-content\/uploads\/7-Cifras-4.png 1920w\" sizes=\"(max-width: 1024px) 100vw, 1024px\" \/><\/figure>\n\n\n\n<p>En la <strong>categor\u00eda<\/strong> <strong>estereotipos de g\u00e9nero<\/strong>, la m\u00e1s frecuente es: \u201clas mujeres valen m\u00e1s para temas sociales\u201d, seguida por otras ideas preconcebidas como: \u201clas mujeres son m\u00e1s delicadas y pasivas\u201d, \u201clas mujeres j\u00f3venes son mejor recibidas por los funcionarios\u201d, \u201cla presentaci\u00f3n sexi de las mujeres es importante para acceder a las fuentes\u201d.<\/p>\n\n\n\n<p>En los grupos focales, sin desconocer la existencia de estereotipos al interior de los medios de comunicaci\u00f3n, las participantes observaron que hay un cambio positivo en cuanto a las oportunidades para las mujeres en los medios. No obstante, todav\u00eda quedan barreras importantes por superar. Seg\u00fan uno de los expertos en derecho p\u00fablico entrevistado, esto debe trabajarse desde la formaci\u00f3n, en las instituciones de educaci\u00f3n superior, pues en estos escenarios tambi\u00e9n se insiste en que \u201clas periodistas tienen que encajar en una forma de ser mujer periodista\u201d.<\/p>\n\n\n\n<p><strong>Los estereotipos de g\u00e9nero tambi\u00e9n est\u00e1n presentes en los hogares, <\/strong>donde se mantiene la impresi\u00f3n de que \u201cel trabajo period\u00edstico es peligroso para las mujeres\u201d. Esta frase aparece junto a otras acepciones, tales como: \u201clas mujeres periodistas est\u00e1n expuestas al acoso de los hombres\u201d; \u201cno consiguen pareja\u201d, \u201clas mujeres periodistas tienen que estar muchas horas fuera de casa\u201d, y \u201clos horarios period\u00edsticos son inestables y no convienen a las mujeres\u201d.<\/p>\n\n\n\n<p class=\"has-vivid-purple-color has-text-color has-link-color wp-elements-01c78b4644549483a03c49215c416d17\"><strong>Las mujeres periodistas tambi\u00e9n viven episodios de violencia de g\u00e9nero en sus hogares<\/strong><\/p>\n\n\n\n<figure class=\"wp-block-image size-large\"><img loading=\"lazy\" decoding=\"async\" width=\"1024\" height=\"576\" src=\"https:\/\/oime.com.ec\/wp-content\/uploads\/7-Cifras-5-1024x576.png\" alt=\"\" class=\"wp-image-1906\" srcset=\"https:\/\/www.oime.com.ec\/wp-content\/uploads\/7-Cifras-5-1024x576.png 1024w, https:\/\/www.oime.com.ec\/wp-content\/uploads\/7-Cifras-5-300x169.png 300w, https:\/\/www.oime.com.ec\/wp-content\/uploads\/7-Cifras-5-768x432.png 768w, https:\/\/www.oime.com.ec\/wp-content\/uploads\/7-Cifras-5-1536x864.png 1536w, https:\/\/www.oime.com.ec\/wp-content\/uploads\/7-Cifras-5-1170x658.png 1170w, https:\/\/www.oime.com.ec\/wp-content\/uploads\/7-Cifras-5.png 1920w\" sizes=\"(max-width: 1024px) 100vw, 1024px\" \/><\/figure>\n\n\n\n<p>En la <strong>categor\u00eda<\/strong> <strong>relaciones de g\u00e9nero, se exterioriz\u00f3 la falta de apoyo en las tareas dom\u00e9sticas con la ayuda de alg\u00fan familiar o persona contratada<\/strong> <strong>y<\/strong> <strong>la vivencia de episodios de celos, vigilancia de su pareja o expareja <\/strong>a la salida del trabajo. Esta opci\u00f3n se ubic\u00f3 junto a: \u201cllamadas a cada momento\u201d, \u201cesc\u00e1ndalos\u201d y \u201cseguimiento a coberturas\u201d. Una periodista tambi\u00e9n indic\u00f3 que \u201cno pod\u00eda trabajar mientras estaba casada\u201d.<\/p>\n\n\n\n<p>A lo anterior se agrega la<strong> violencia basada en g\u00e9nero en el hogar<\/strong>; entre ellas, la psicol\u00f3gica, la econ\u00f3mica\/patrimonial, la violencia sexual; as\u00ed como violencias m\u00faltiples. Esta situaci\u00f3n deriva en dificultades personales, problemas de depresi\u00f3n y aislamiento, condiciones adversas en las que las periodistas ejercen su trabajo.<\/p>\n\n\n\n<p class=\"has-vivid-purple-color has-text-color has-link-color wp-elements-c6596b65ff17d996daceba0fd570a90f\"><strong>Ser madre y ser periodista es un desaf\u00edo en espacios de trabajo sin pol\u00edticas de apoyo a la maternidad<\/strong><\/p>\n\n\n\n<figure class=\"wp-block-image size-large\"><img loading=\"lazy\" decoding=\"async\" width=\"1024\" height=\"576\" src=\"https:\/\/oime.com.ec\/wp-content\/uploads\/8-Cifras-6-1024x576.png\" alt=\"\" class=\"wp-image-1907\" srcset=\"https:\/\/www.oime.com.ec\/wp-content\/uploads\/8-Cifras-6-1024x576.png 1024w, https:\/\/www.oime.com.ec\/wp-content\/uploads\/8-Cifras-6-300x169.png 300w, https:\/\/www.oime.com.ec\/wp-content\/uploads\/8-Cifras-6-768x432.png 768w, https:\/\/www.oime.com.ec\/wp-content\/uploads\/8-Cifras-6-1536x864.png 1536w, https:\/\/www.oime.com.ec\/wp-content\/uploads\/8-Cifras-6-1170x658.png 1170w, https:\/\/www.oime.com.ec\/wp-content\/uploads\/8-Cifras-6.png 1920w\" sizes=\"(max-width: 1024px) 100vw, 1024px\" \/><\/figure>\n\n\n\n<p>La maternidad es considerada en la investigaci\u00f3n como un aspecto de g\u00e9nero que concierne a los derechos reproductivos de las mujeres y que demanda de respeto en el contexto laboral. <strong>Las comunicadoras y periodistas consultadas alegaron dificultades en su trabajo, ya sea por su embarazo, parto o lactancia<\/strong>. Asimismo, expusieron que sufrieron acoso laboral con el fin de que renunciaran. En los dem\u00e1s casos fueron cambiadas de sitio a un \u00e1rea de trabajo subvalorada. <strong>En conjunto est\u00e1 la falta de pol\u00edticas laborales institucionales relacionadas con la maternidad.<\/strong><\/p>\n\n\n\n<p>La mayor\u00eda admiti\u00f3 que tienen \u201csentimiento de culpa por no atender a sus hijos o a la familia\u201d, as\u00ed como \u201cafectaciones al autocuidado\u201d, \u201cdiscusiones con la pareja o la familia, que la acusa de no cumplir su rol de g\u00e9nero\u201d, \u201cexceso de carga entre lo laboral y las responsabilidades como mam\u00e1\u201d, o \u201ctrabajo en las noches para compensar todas las tareas\u201d.<\/p>\n\n\n\n<h3 class=\"wp-block-heading\"><strong>Los testimonios de las mujeres periodistas<\/strong><\/h3>\n\n\n\n<figure class=\"wp-block-gallery has-nested-images columns-default is-cropped wp-block-gallery-1 is-layout-flex wp-block-gallery-is-layout-flex\">\n<figure class=\"wp-block-image size-large\"><img loading=\"lazy\" decoding=\"async\" width=\"1024\" height=\"576\" data-id=\"1912\" src=\"https:\/\/oime.com.ec\/wp-content\/uploads\/9-Testimonios-1-1-1024x576.png\" alt=\"\" class=\"wp-image-1912\" srcset=\"https:\/\/www.oime.com.ec\/wp-content\/uploads\/9-Testimonios-1-1-1024x576.png 1024w, https:\/\/www.oime.com.ec\/wp-content\/uploads\/9-Testimonios-1-1-300x169.png 300w, https:\/\/www.oime.com.ec\/wp-content\/uploads\/9-Testimonios-1-1-768x432.png 768w, https:\/\/www.oime.com.ec\/wp-content\/uploads\/9-Testimonios-1-1-1536x864.png 1536w, https:\/\/www.oime.com.ec\/wp-content\/uploads\/9-Testimonios-1-1-1170x658.png 1170w, https:\/\/www.oime.com.ec\/wp-content\/uploads\/9-Testimonios-1-1.png 1920w\" sizes=\"(max-width: 1024px) 100vw, 1024px\" \/><\/figure>\n<\/figure>\n\n\n\n<p>En los grupos focales, se relataron dos experiencias durante el proceso de contrataci\u00f3n. <em>\u201cA m\u00ed tambi\u00e9n me han hecho preguntas sobre mis expectativas de ser madre, y me las han hecho mujeres. No s\u00e9 si es que a los hombres no se las realizan. Pero, esto se puede considerar abuso o discriminaci\u00f3n de g\u00e9nero\u201d. <\/em>Otra informante dijo: <em>\u201cRecuerdo que en un trabajo me preguntaron si ten\u00eda expectativas de ser madre o de quedarme embarazada a corto plazo. Me qued\u00e9 muy sorprendida. Incre\u00edblemente, la pregunta me la hizo una mujer\u201d<\/em>.<\/p>\n\n\n\n<figure class=\"wp-block-image size-large\"><img loading=\"lazy\" decoding=\"async\" width=\"1024\" height=\"576\" src=\"https:\/\/oime.com.ec\/wp-content\/uploads\/10-Testimonios-2-1-1024x576.png\" alt=\"\" class=\"wp-image-1913\" srcset=\"https:\/\/www.oime.com.ec\/wp-content\/uploads\/10-Testimonios-2-1-1024x576.png 1024w, https:\/\/www.oime.com.ec\/wp-content\/uploads\/10-Testimonios-2-1-300x169.png 300w, https:\/\/www.oime.com.ec\/wp-content\/uploads\/10-Testimonios-2-1-768x432.png 768w, https:\/\/www.oime.com.ec\/wp-content\/uploads\/10-Testimonios-2-1-1536x864.png 1536w, https:\/\/www.oime.com.ec\/wp-content\/uploads\/10-Testimonios-2-1-1170x658.png 1170w, https:\/\/www.oime.com.ec\/wp-content\/uploads\/10-Testimonios-2-1.png 1920w\" sizes=\"(max-width: 1024px) 100vw, 1024px\" \/><\/figure>\n\n\n\n<p>En uno de los grupos focales, tambi\u00e9n se coment\u00f3 lo siguiente: <em>\u201ces distinto c\u00f3mo se ve a un hombre periodista y a una mujer periodista. El insulto hacia la mujer es sexualizado&#8230; En las redes quiz\u00e1 no te lo dicen de frente, pero la cuesti\u00f3n va por ese blindaje de estar detr\u00e1s de una pantalla o del anonimato\u2026\u201d<\/em><\/p>\n\n\n\n<figure class=\"wp-block-image size-large\"><img loading=\"lazy\" decoding=\"async\" width=\"1024\" height=\"576\" src=\"https:\/\/www.oime.com.ec\/wp-content\/uploads\/Boletin-1-Femmedia-1-1024x576.png\" alt=\"\" class=\"wp-image-2107\" srcset=\"https:\/\/www.oime.com.ec\/wp-content\/uploads\/Boletin-1-Femmedia-1-1024x576.png 1024w, https:\/\/www.oime.com.ec\/wp-content\/uploads\/Boletin-1-Femmedia-1-300x169.png 300w, https:\/\/www.oime.com.ec\/wp-content\/uploads\/Boletin-1-Femmedia-1-768x432.png 768w, https:\/\/www.oime.com.ec\/wp-content\/uploads\/Boletin-1-Femmedia-1-1536x864.png 1536w, https:\/\/www.oime.com.ec\/wp-content\/uploads\/Boletin-1-Femmedia-1-1170x658.png 1170w, https:\/\/www.oime.com.ec\/wp-content\/uploads\/Boletin-1-Femmedia-1.png 1920w\" sizes=\"(max-width: 1024px) 100vw, 1024px\" \/><\/figure>\n\n\n\n<h3 class=\"wp-block-heading\">Conclusiones<\/h3>\n\n\n\n<p>Entre las principales conclusiones del estudio resaltan:<\/p>\n\n\n\n<ul class=\"wp-block-list\">\n<li>La precarizaci\u00f3n laboral e informalizaci\u00f3n del sector period\u00edstico. Esto aumenta los riesgos de protecci\u00f3n de integridad de las mujeres periodistas y diversidades.<\/li>\n\n\n\n<li>Los imaginarios de g\u00e9nero en la familia sobre \u201cel deber ser mujeres\u201d afectan el ejercicio profesional; y viceversa, en los medios de comunicaci\u00f3n los estereotipos de g\u00e9nero influyen a la hora de la asignaci\u00f3n de tareas m\u00e1s valoradas o consideradas subordinadas.<\/li>\n\n\n\n<li>Hay dificultades para el acceso y el ejercicio period\u00edstico de las mujeres madres. Esto afecta su desenvolvimiento y bienestar no solo en el plano profesional, sino tambi\u00e9n a nivel emocional y psicol\u00f3gico de las mujeres periodistas.<\/li>\n<\/ul>\n\n\n\n<p>Con base a los alcances de esta investigaci\u00f3n, se identifica la necesidad de desarrollar pol\u00edticas de g\u00e9nero en comunicaci\u00f3n que articulen aspectos personales y profesionales para promover condiciones laborales seguras y equitativas, as\u00ed como un entorno que valore y respete la diversidad de las mujeres periodistas. Estas acciones no pueden ser aisladas, sino multisectoriales y multiactorales.<\/p>\n\n\n\n<p>Este estudio que analiz\u00f3 desde una perspectiva de g\u00e9nero e interseccionalidad, las condiciones de la labor period\u00edstica y la situaci\u00f3n familiar de las mujeres y diversidades se desarroll\u00f3 en 2024 con la direcci\u00f3n de la carrera de Periodismo de la Universidad San Francisco de Quito (<a href=\"https:\/\/noticias.usfq.edu.ec\/2024\/03\/proyecto-sobre-condiciones-laborales-de.html?fbclid=IwY2xjawGrR9NleHRuA2FlbQIxMAABHf0_42BSwYhcXi0cwcPFbgVJcrsarQFPMG5VHi3PSDaOgEjslkBWn-PJqA_aem_nxe6kHibUK9wwhYOmDPx_A\">USFQ<\/a>), la coordinaci\u00f3n del Observatorio Interuniversitario de Medios Ecuatorianos (<a href=\"https:\/\/oime.com.ec\/?p=1817\">OIME<\/a>), el aval de la Organizaci\u00f3n de las Naciones Unidas para la Educaci\u00f3n, la Ciencia y la Cultura (<a href=\"https:\/\/www.unesco.org\/es\">Unesco<\/a>) y el financiamiento del Programa Internacional para el Desarrollo de la Comunicaci\u00f3n (<a href=\"https:\/\/www.unesco.org\/es\/international-programme-development-communication\/about#:~:text=Creado%20en%201980%2C%20el%20Programa,de%20los%20medios%20de%20comunicaci%C3%B3n.\">PIDC<\/a>).<\/p>\n\n\n\n<p>Al estudio mixto<strong> <\/strong>como uno de los productos entregables del proyecto <a href=\"https:\/\/oime.com.ec\/?p=1817\"><strong>\u201cIndicadores sensibles al g\u00e9nero de la Unesco en Ecuador centrados en la seguridad y condiciones laborales de las mujeres periodistas\u201d<\/strong><\/a>, tambi\u00e9n le acompa\u00f1an un <strong>manual audiovisual<\/strong> de cinco cap\u00edtulos que se estren\u00f3 a inicios de 2025 en la cuenta de <strong>TikTok<\/strong> <a href=\"https:\/\/www.tiktok.com\/@oime_ecuador\">@oime_ecuador<\/a>. Esta producci\u00f3n re\u00fane las voces de una periodista con experiencia y una joven periodista.<\/p>\n\n\n\n<p><strong>Cap\u00edtulo 1: <\/strong><a href=\"https:\/\/vm.tiktok.com\/ZMktQpmot\/\">Desigualdades de g\u00e9nero<\/a><\/p>\n\n\n\n<p><strong>Cap\u00edtulo 2:<\/strong> <a href=\"https:\/\/vm.tiktok.com\/ZMktQG9BE\/\">Estereotipos de g\u00e9nero<\/a><\/p>\n\n\n\n<p><strong>Cap\u00edtulo 3:<\/strong> <a href=\"https:\/\/vm.tiktok.com\/ZMktQskTs\/\">Maternidad<\/a><\/p>\n\n\n\n<p><strong>Cap\u00edtulo 4: <\/strong><a href=\"https:\/\/vm.tiktok.com\/ZMktQK8Gh\/\">Representatividad laboral<\/a><\/p>\n\n\n\n<p><strong>Cap\u00edtulo 5:<\/strong> <a href=\"https:\/\/vm.tiktok.com\/ZMktQcuDr\/\">Inseguridad<\/a><\/p>\n\n\n\n<figure class=\"wp-block-image size-large\"><img loading=\"lazy\" decoding=\"async\" width=\"1024\" height=\"576\" src=\"https:\/\/www.oime.com.ec\/wp-content\/uploads\/Boletin-1-Femmedia-1024x576.png\" alt=\"\" class=\"wp-image-2106\" srcset=\"https:\/\/www.oime.com.ec\/wp-content\/uploads\/Boletin-1-Femmedia-1024x576.png 1024w, https:\/\/www.oime.com.ec\/wp-content\/uploads\/Boletin-1-Femmedia-300x169.png 300w, https:\/\/www.oime.com.ec\/wp-content\/uploads\/Boletin-1-Femmedia-768x432.png 768w, https:\/\/www.oime.com.ec\/wp-content\/uploads\/Boletin-1-Femmedia-1536x864.png 1536w, https:\/\/www.oime.com.ec\/wp-content\/uploads\/Boletin-1-Femmedia-1170x658.png 1170w, https:\/\/www.oime.com.ec\/wp-content\/uploads\/Boletin-1-Femmedia.png 1920w\" sizes=\"(max-width: 1024px) 100vw, 1024px\" \/><\/figure>\n\n\n\n<p>A esto se agrega un <strong>protocolo<\/strong> en <a href=\"https:\/\/issuu.com\/oimeecuador\/docs\/protocolo_4_\">Castellano<\/a> y <em><a href=\"https:\/\/issuu.com\/oimeecuador\/docs\/protocolo_en_kichwa\">Kichwa<\/a> <\/em>con trascendencia nacional <strong>para la prevenci\u00f3n de la violencia de g\u00e9nero en todos los espacios donde se ejerce la comunicaci\u00f3n y el periodismo<\/strong>. En el curso de este a\u00f1o tambi\u00e9n se ejecuta una segunda parte del proyecto vinculado con la realizaci\u00f3n de talleres en distintas ciudades del pa\u00eds para la difusi\u00f3n de estos productos.<br><\/p>\n\n\n\n<p>Tatiana Sandoval Pizarro<br>OIME News\u2013Facso\/UCE<\/p>\n","protected":false},"excerpt":{"rendered":"<p>Las desigualdades de g\u00e9nero cruzadas con otras diferenciaciones sociales como edad, etnia, estrato social, discapacidad, incluidas otras particularidades que discriminan, como la maternidad, el tipo de medio, aspectos \u00e9ticos-pol\u00edticos, crecieron en el ejercicio period\u00edstico ecuatoriano desde 2020. <\/p>\n","protected":false},"author":8,"featured_media":1899,"comment_status":"open","ping_status":"open","sticky":false,"template":"","format":"image","meta":{"footnotes":""},"categories":[8],"tags":[],"class_list":["post-1898","post","type-post","status-publish","format-image","has-post-thumbnail","hentry","category-notas-divulgativas","post_format-post-format-image","three-columns"],"_links":{"self":[{"href":"https:\/\/www.oime.com.ec\/index.php?rest_route=\/wp\/v2\/posts\/1898","targetHints":{"allow":["GET"]}}],"collection":[{"href":"https:\/\/www.oime.com.ec\/index.php?rest_route=\/wp\/v2\/posts"}],"about":[{"href":"https:\/\/www.oime.com.ec\/index.php?rest_route=\/wp\/v2\/types\/post"}],"author":[{"embeddable":true,"href":"https:\/\/www.oime.com.ec\/index.php?rest_route=\/wp\/v2\/users\/8"}],"replies":[{"embeddable":true,"href":"https:\/\/www.oime.com.ec\/index.php?rest_route=%2Fwp%2Fv2%2Fcomments&post=1898"}],"version-history":[{"count":26,"href":"https:\/\/www.oime.com.ec\/index.php?rest_route=\/wp\/v2\/posts\/1898\/revisions"}],"predecessor-version":[{"id":2159,"href":"https:\/\/www.oime.com.ec\/index.php?rest_route=\/wp\/v2\/posts\/1898\/revisions\/2159"}],"wp:featuredmedia":[{"embeddable":true,"href":"https:\/\/www.oime.com.ec\/index.php?rest_route=\/wp\/v2\/media\/1899"}],"wp:attachment":[{"href":"https:\/\/www.oime.com.ec\/index.php?rest_route=%2Fwp%2Fv2%2Fmedia&parent=1898"}],"wp:term":[{"taxonomy":"category","embeddable":true,"href":"https:\/\/www.oime.com.ec\/index.php?rest_route=%2Fwp%2Fv2%2Fcategories&post=1898"},{"taxonomy":"post_tag","embeddable":true,"href":"https:\/\/www.oime.com.ec\/index.php?rest_route=%2Fwp%2Fv2%2Ftags&post=1898"}],"curies":[{"name":"wp","href":"https:\/\/api.w.org\/{rel}","templated":true}]}}