{"id":1938,"date":"2025-04-02T22:16:25","date_gmt":"2025-04-03T03:16:25","guid":{"rendered":"https:\/\/www.oime.com.ec\/?p=1938"},"modified":"2026-01-16T17:27:59","modified_gmt":"2026-01-16T22:27:59","slug":"yo-he-pensado-en-un-proyecto-sobre-para-y-desde-las-mujeres-la-vision-de-alexandra-ayala-marin-para-la-mansaana","status":"publish","type":"post","link":"https:\/\/www.oime.com.ec\/?p=1938","title":{"rendered":"\u201cYo he pensado en un proyecto sobre, para y desde las mujeres\u201d: la visi\u00f3n de Alexandra Ayala Mar\u00edn para la MansAAna"},"content":{"rendered":"\n<p class=\"has-text-align-left\"><strong><mark style=\"background-color:rgba(0, 0, 0, 0)\" class=\"has-inline-color has-vivid-purple-color\">Esta publicaci\u00f3n est\u00e1 basada en una entrevista in\u00e9dita realizada el 21 de agosto de 2024 a Alexandra Ayala Mar\u00edn, comunicadora feminista ecuatoriana, quien luch\u00f3 con firmeza y pasi\u00f3n por visibilizar la participaci\u00f3n de las mujeres en la esfera p\u00fablica, pese a los intentos de la historia oficial por ocultarla.<\/mark><\/strong><\/p>\n\n\n\n<figure class=\"wp-block-pullquote\"><blockquote><p>\u2014Me invitan a presentar un proyecto y yo presento <em>La MansAAna<\/em> que era un juego de palabras usado por m\u00ed en alg\u00fan poema que escrib\u00ed y que significaba \u201cmanzanas de Ad\u00e1n dan mansas Anas\u201d \u2014, expone Alexandra en un encuentro v\u00eda <em>Zoom<\/em>, plataforma que usa por vez primera para mantener esta conversaci\u00f3n.<\/p><\/blockquote><\/figure>\n\n\n\n<figure class=\"wp-block-video\"><video height=\"1080\" style=\"aspect-ratio: 1920 \/ 1080;\" width=\"1920\" controls src=\"https:\/\/www.oime.com.ec\/wp-content\/uploads\/1-Alexandra-Ayala.mp4\"><\/video><\/figure>\n\n\n\n<p>Honesta y espont\u00e1nea, Alexandra confiesa que a sus 76 a\u00f1os le est\u00e1 peleando a la vida, porque se siente con vida a\u00fan. Entre la fatiga por el calor de Guayaquil, su ciudad natal, los recuerdos se van hilvanando para hacer una sinopsis de los ochenta que pone en escena el <strong>contexto<\/strong>, el <strong>prop\u00f3sito<\/strong> y los <strong>desaf\u00edos <\/strong>que enfrent\u00f3 como mujer comunicadora y periodista para que se publicara su <strong>revista <em>La MansAAna<\/em><\/strong> en enero de 1986.<\/p>\n\n\n\n<h2 class=\"wp-block-heading\"><strong>Los ochenta: una d\u00e9cada antecedida por el retorno a la democracia<\/strong><\/h2>\n\n\n\n<p><\/p>\n\n\n\n<p>\u2018Alex\u2019, como muchos amigos la llaman de forma breve, realiz\u00f3 sus estudios de posgrado en Comunicaci\u00f3n en Francia. A finales de 1981 retorn\u00f3 a Ecuador. Para ella, la d\u00e9cada de los ochenta en el pa\u00eds no solo estuvo marcada por el retorno a la democracia con el gobierno de Jaime Rold\u00f3s Aguilera, sino tambi\u00e9n por la participaci\u00f3n y las acciones de la abogada Martha Bucaram, esposa del presidente, en la defensa de los derechos de las mujeres, as\u00ed como por el surgimiento de organizaciones no gubernamentales.<\/p>\n\n\n\n<p>La pareja Rold\u00f3s-Bucaram falleci\u00f3 en un accidente a\u00e9reo el 24 de mayo de 1981. El legado de Martha se vio reflejado a\u00f1os m\u00e1s tarde con la constituci\u00f3n de la primera organizaci\u00f3n no gubernamental de mujeres, el <a href=\"https:\/\/cepam.org.ec\/\">Centro Ecuatoriano para la Promoci\u00f3n y Acci\u00f3n de la Mujer (CEPAM)<\/a>, fundado el 11 de noviembre de 1983.<\/p>\n\n\n\n<figure class=\"wp-block-video\"><video height=\"1080\" style=\"aspect-ratio: 1920 \/ 1080;\" width=\"1920\" controls src=\"https:\/\/www.oime.com.ec\/wp-content\/uploads\/2-Alexandra-Ayala.mp4\"><\/video><\/figure>\n\n\n\n<p>La estad\u00eda en Francia le permiti\u00f3 a Alexandra palpar que en el pa\u00eds europeo desde la d\u00e9cada de los 70 se registraban editoriales publicadas por mujeres. En febrero de 1982, \u2018Alex\u2019 se traslad\u00f3 a Quito, pues estaba convencida de que en la capital ecuatoriana tendr\u00eda m\u00e1s oportunidades y as\u00ed le result\u00f3 a ella.<\/p>\n\n\n\n<figure class=\"wp-block-video\"><video height=\"1080\" style=\"aspect-ratio: 1920 \/ 1080;\" width=\"1920\" controls src=\"https:\/\/www.oime.com.ec\/wp-content\/uploads\/3-Alexandra-Ayala.mp4\"><\/video><\/figure>\n\n\n\n<p>\u2014Tengo que hacer esfuerzos de memoria \u2014comenta Alexandra. Entonces, retrocede un poco m\u00e1s en la l\u00ednea de tiempo para situarse a finales de la d\u00e9cada de los 70, \u00e9poca en la que se cre\u00f3 el Centro de Apoyo a las Mujeres (CAM) y el Centro de Informaci\u00f3n y Apoyo a las Mujeres (CIAM). Este \u00faltimo fue iniciativa de Dolores Padilla, soci\u00f3loga, quien adem\u00e1s fund\u00f3 la revista <em>Eva de la Manzana <\/em>\u2014no <em>La MansAAna <\/em>\u2014.<\/p>\n\n\n\n<p>M\u00e1s tarde, Dolores Padilla fue invitada a ser parte del Instituto Estudios de la Familia, creado por Luzmila Rodr\u00edguez, abogada comprometida con la defensa de los derechos humanos de las mujeres. \u2014Porque aqu\u00ed en Guayaquil desde los a\u00f1os 60 hab\u00eda un grupo de abogadas, sobre todo, que se preocuparon por los derechos de las mujeres \u2014resalta \u2018Alex\u2019.<\/p>\n\n\n\n<figure class=\"wp-block-video\"><video height=\"1080\" style=\"aspect-ratio: 1920 \/ 1080;\" width=\"1920\" controls src=\"https:\/\/www.oime.com.ec\/wp-content\/uploads\/4-Alexandra-Ayala.mp4\"><\/video><\/figure>\n\n\n\n<p><strong>A estas organizaciones se sum\u00f3 la creaci\u00f3n de la editorial El Conejo en Quito<\/strong>, promovida por el asesor sindical Fernando Velasco Abad. As\u00ed, la sociedad civil empez\u00f3 a tener otros espacios para manifestarse de diversas maneras, explica la precursora del movimiento de mujeres en Ecuador en los ochenta.<\/p>\n\n\n\n<figure class=\"wp-block-video\"><video height=\"1080\" style=\"aspect-ratio: 1920 \/ 1080;\" width=\"1920\" controls src=\"https:\/\/www.oime.com.ec\/wp-content\/uploads\/5-Alexandra-Ayala.mp4\"><\/video><\/figure>\n\n\n\n<p><strong>La editorial El Conejo publicaba junto al diario Hoy<\/strong>, que se inaugur\u00f3 en 1982 por Jaime Mantilla Anderson, familiar de los fundadores de El Comercio, C\u00e9sar y Carlos Mantilla J\u00e1come. Para ese momento, Alexandra se encontraba en Quito, donde hab\u00eda llegado a residir como promotora cultural.<\/p>\n\n\n\n<p>El diario Hoy fue clausurado en 2014. Eso ocurri\u00f3, de acuerdo con el relato de Alexandra, unos meses antes de que terminara su periodo como directora del \u00c1rea de Investigaci\u00f3n en el Centro Internacional de Estudios Superiores de Comunicaci\u00f3n para Am\u00e9rica Latina (Ciespal).<\/p>\n\n\n\n<figure class=\"wp-block-video\"><video height=\"1080\" style=\"aspect-ratio: 1920 \/ 1080;\" width=\"1920\" controls src=\"https:\/\/www.oime.com.ec\/wp-content\/uploads\/6-Alexandra-Ayala.mp4\"><\/video><\/figure>\n\n\n\n<p><strong>Cuando cursaba el primer a\u00f1o de estudios de Periodismo, \u2018Alex\u2019 se involucr\u00f3 en el diario El Comercio, donde dio sus primeros pasos.<\/strong> Luego formar\u00eda parte de la editorial El Conejo, donde fue invitada a presentar un proyecto suyo sobre mujeres. Fue el momento ideal para alumbrar a <em>La MansAAna<\/em>. Para aquel tiempo, el diario Hoy ya ten\u00eda su secci\u00f3n de la mujer dirigida por Consuelo Albornoz Tinajero, investigadora en comunicaci\u00f3n, sobre prensa, democracia y opini\u00f3n p\u00fablica.<\/p>\n\n\n\n<figure class=\"wp-block-video\"><video height=\"1080\" style=\"aspect-ratio: 1920 \/ 1080;\" width=\"1920\" controls src=\"https:\/\/www.oime.com.ec\/wp-content\/uploads\/7-Alexandra-Ayala.mp4\"><\/video><\/figure>\n\n\n\n<h2 class=\"wp-block-heading\"><strong>\u201cSali\u00f3 publicada <em>La MansAAna<\/em> a pesar de la oposici\u00f3n que ten\u00eda el director del diario Hoy\u201d<\/strong><\/h2>\n\n\n\n<p><\/p>\n\n\n\n<p><strong>Jaime Mantilla<\/strong>, fundador y director del diario Hoy, no estaba de acuerdo con la portada de la revista en la que se mostraba a una mujer estudiando debajo de un \u00e1rbol. \u00c9l <strong>quer\u00eda una imagen que expusiera a mujeres modernas y cosmopolitas.<\/strong> \u201cConmigo no cuenten para eso\u201d fue la respuesta contundente de Alexandra ante esta exigencia. Pese a las negativas, la revista se termin\u00f3 publicando, ya que la editorial El Conejo decidi\u00f3 seguir con el proyecto, pues manten\u00eda su independencia del peri\u00f3dico por la venta de publicidad. De esta forma, lograba pagar la publicaci\u00f3n del suplemento <em>La Liebre Ilustrada<\/em> entre las p\u00e1ginas del diario Hoy y la revista <em>La MansAAna<\/em>.<\/p>\n\n\n\n<figure class=\"wp-block-video\"><video height=\"1080\" style=\"aspect-ratio: 1920 \/ 1080;\" width=\"1920\" controls src=\"https:\/\/www.oime.com.ec\/wp-content\/uploads\/8-Alexandra-Ayala.mp4\"><\/video><\/figure>\n\n\n\n<p>\u2018Alex\u2019, <strong>desde los 14 a\u00f1os, comenz\u00f3 a cuestionarse sobre los temas que involucran a las mujeres<\/strong>, su participaci\u00f3n en lo p\u00fablico, en el cine, el teatro, la televisi\u00f3n, la pintura. A la par estaban sus discusiones sobre el matrimonio y la maternidad, esta \u00faltima vista en la sociedad de la \u00e9poca como un obst\u00e1culo o un freno para que las mujeres continuaran con sus estudios o el ejercicio profesional. Ella jam\u00e1s se detuvo, pues estuvo guiada por la voz de su madre que le inculc\u00f3 el estudio. Su prop\u00f3sito indeleble fue hacer p\u00fablica la presencia de las mujeres en Ecuador.<\/p>\n\n\n\n<figure class=\"wp-block-video\"><video height=\"1080\" style=\"aspect-ratio: 1920 \/ 1080;\" width=\"1920\" controls src=\"https:\/\/www.oime.com.ec\/wp-content\/uploads\/9-Alexandra-Ayala.mp4\"><\/video><\/figure>\n\n\n\n<figure class=\"wp-block-image size-large\"><img fetchpriority=\"high\" decoding=\"async\" width=\"1024\" height=\"576\" src=\"https:\/\/www.oime.com.ec\/wp-content\/uploads\/Alexandra-Ayala-1-1024x576.jpg\" alt=\"\" class=\"wp-image-1953\" srcset=\"https:\/\/www.oime.com.ec\/wp-content\/uploads\/Alexandra-Ayala-1-1024x576.jpg 1024w, https:\/\/www.oime.com.ec\/wp-content\/uploads\/Alexandra-Ayala-1-300x169.jpg 300w, https:\/\/www.oime.com.ec\/wp-content\/uploads\/Alexandra-Ayala-1-768x432.jpg 768w, https:\/\/www.oime.com.ec\/wp-content\/uploads\/Alexandra-Ayala-1-1536x864.jpg 1536w, https:\/\/www.oime.com.ec\/wp-content\/uploads\/Alexandra-Ayala-1-1170x658.jpg 1170w, https:\/\/www.oime.com.ec\/wp-content\/uploads\/Alexandra-Ayala-1.jpg 1920w\" sizes=\"(max-width: 1024px) 100vw, 1024px\" \/><\/figure>\n\n\n\n<p>La <strong>MansAAna<\/strong> tuvo varias <strong>secciones<\/strong>, entre ellas:<\/p>\n\n\n\n<ul class=\"wp-block-list\">\n<li><strong>\u201cLa Invitada\u201d<\/strong> para las mujeres entrevistadas.<\/li>\n\n\n\n<li><strong>\u201cImplicadas\u201d<\/strong> para la revisi\u00f3n de los aportes de las mujeres en la historia.<\/li>\n\n\n\n<li><strong>\u201cLa Sart\u00e9n por el Mango\u201d<\/strong><\/li>\n\n\n\n<li><strong>\u201cLa Alacena\u201d<\/strong>, un espacio de variedades.<\/li>\n\n\n\n<li><strong>\u201cEncajes\u201d<\/strong>, una tira c\u00f3mica<\/li>\n\n\n\n<li><strong>\u201cCartera\u201d<\/strong>, donde se publicaban las cartas enviadas por las lectoras.<\/li>\n<\/ul>\n\n\n\n<figure class=\"wp-block-video\"><video height=\"1080\" style=\"aspect-ratio: 1920 \/ 1080;\" width=\"1920\" controls src=\"https:\/\/www.oime.com.ec\/wp-content\/uploads\/10-Alexandra-Ayala.mp4\"><\/video><\/figure>\n\n\n\n<p>El <strong>16 de enero de 2025<\/strong>, <strong>Alexandra Ayala Mar\u00edn<\/strong>, quien siempre mantuvo visible el apellido de su madre y apel\u00f3 a la sociedad a hacerlo, <strong>abraz\u00f3 lo et\u00e9reo<\/strong>, dejando muchos frutos de su trabajo disruptivo y provocativo en este viaje por la tierra. Durante el <strong>homenaje en la Facultad Latinoamericana de Ciencias Sociales (FLACSO Ecuador) el 19 de marzo de 2025<\/strong>, varias de sus amigas tuvieron la oportunidad de exaltar las cualidades de una mujer que nunca renunci\u00f3 a sus convicciones.<\/p>\n\n\n\n<p>Para <strong>Silvia Vega Ugalde<\/strong>, docente de la Universidad Central del Ecuador, <strong>\u2018Alex\u2019 fue una mujer de risa franca que supo escribir textos amenos, ilustrados y bien argumentados.<\/strong> \u201cElla viv\u00eda la vida nacional desde lo comunicacional y le imprim\u00eda su sello cr\u00edtico a todo lo que hac\u00eda\u201d, destac\u00f3 la catedr\u00e1tica.<\/p>\n\n\n\n<p>Por su parte, <strong>Patricia Le\u00f3n Guerrero<\/strong>, artista pl\u00e1stica y amiga de \u2018Alex\u2019 desde 1982, <strong>comparti\u00f3 c\u00f3mo la m\u00fasica que disfrutaban en com\u00fan las mantuvo unidas y nunca les fall\u00f3 en cada visita.<\/strong> Juntas definieron a Guayaquil como una \u201cciudad candente y loca\u201d. \u201cA las dos nos caracteriz\u00f3 el despojo al miedo\u201d, afirm\u00f3 Patricia, pues al un\u00edsono elevaron sus voces para decir lo que ocurre en las calles, en la pol\u00edtica, en las familias, las relaciones de pareja, la administraci\u00f3n de la justicia. Alexandra siempre estuvo convencida de transformar lo privado en un tema de debate p\u00fablico.<\/p>\n\n\n\n<p><strong>Erika V\u00e1sconez Ayala<\/strong>, sobrina de Alexandra, <strong>expres\u00f3 su orgullo de tener una t\u00eda considerada una mujer excepcional, luchadora incansable por los derechos de las mujeres<\/strong>, la justicia social y la equidad de g\u00e9nero, apasionada por el conocimiento y el deseo profundo de comprender el mundo y que adem\u00e1s bailaba incre\u00edblemente bien. Para <strong>Laura Buitr\u00f3n<\/strong>, \u2018Alex\u2019 \u201c<strong>se fue sabiendo que aprendimos a querernos<\/strong>, a ser confidentes, amigas y compa\u00f1eras de luchas en las calles\u201d.<\/p>\n\n\n\n<p><strong>Jenny Pont\u00f3n Cevallos<\/strong>, doctora en Ciencias Sociales, con especializaci\u00f3n en Estudios Pol\u00edticos, por FLACSO Ecuador,<strong> rindi\u00f3 homenaje a Alexandra con una compilaci\u00f3n audiovisual de su trayectoria profesional y personal.<\/strong> Entre las dulces tonalidades de la melod\u00eda \u00abYo vengo a ofrecer mi coraz\u00f3n\u00bb, en la voz de la cantante argentina Mercedes Sosa, se van desplegando los instantes fotogr\u00e1ficos de &#8216;Alex&#8217; con sus familiares, amigos y amigas, que permiten acercarse a su personalidad alegre y determinante.<\/p>\n\n\n\n<figure class=\"wp-block-video\"><video height=\"1080\" style=\"aspect-ratio: 1920 \/ 1080;\" width=\"1920\" controls src=\"https:\/\/www.oime.com.ec\/wp-content\/uploads\/Video_Alexandra-Ayala-Marin.mp4\"><\/video><\/figure>\n\n\n\n<h6 class=\"wp-block-heading\">V\u00eddeo producido por Jenny Pont\u00f3n y Mar\u00eda Dolores Vaca, presentado en el homenaje a Alexandra Ayala Mar\u00edn realizado en FLACSO-Ecuador.<\/h6>\n\n\n\n<p><\/p>\n\n\n\n<p><strong>Alexandra dej\u00f3 sembrada con \u00edmpetu la semilla de las mujeres en el campo de la comunicaci\u00f3n y el periodismo.<\/strong> Su voz nos recuerda que cada palabra que se encumbra en las luchas feministas por espacios con equidad de g\u00e9nero es por todas y para todas.<\/p>\n\n\n\n<p><\/p>\n\n\n\n<p>Tatiana Sandoval Pizarro<br>OIME News\u2013Facso\/UCE <br><a href=\"mailto:tatiana.sandoval@oime.com.ec\">tatiana.sandoval@oime.com.ec<\/a><\/p>\n\n\n\n<p><\/p>\n","protected":false},"excerpt":{"rendered":"<p>Esta publicaci\u00f3n est\u00e1 basada en una entrevista in\u00e9dita realizada el 21 de agosto de 2024 a Alexandra Ayala Mar\u00edn, comunicadora feminista ecuatoriana, quien luch\u00f3 con firmeza y pasi\u00f3n por visibilizar la participaci\u00f3n de las mujeres en la esfera p\u00fablica, pese a los intentos de la historia oficial por ocultarla.<\/p>\n","protected":false},"author":8,"featured_media":1939,"comment_status":"open","ping_status":"open","sticky":false,"template":"","format":"image","meta":{"footnotes":""},"categories":[10],"tags":[],"class_list":["post-1938","post","type-post","status-publish","format-image","has-post-thumbnail","hentry","category-publicaciones","post_format-post-format-image","three-columns"],"_links":{"self":[{"href":"https:\/\/www.oime.com.ec\/index.php?rest_route=\/wp\/v2\/posts\/1938","targetHints":{"allow":["GET"]}}],"collection":[{"href":"https:\/\/www.oime.com.ec\/index.php?rest_route=\/wp\/v2\/posts"}],"about":[{"href":"https:\/\/www.oime.com.ec\/index.php?rest_route=\/wp\/v2\/types\/post"}],"author":[{"embeddable":true,"href":"https:\/\/www.oime.com.ec\/index.php?rest_route=\/wp\/v2\/users\/8"}],"replies":[{"embeddable":true,"href":"https:\/\/www.oime.com.ec\/index.php?rest_route=%2Fwp%2Fv2%2Fcomments&post=1938"}],"version-history":[{"count":10,"href":"https:\/\/www.oime.com.ec\/index.php?rest_route=\/wp\/v2\/posts\/1938\/revisions"}],"predecessor-version":[{"id":2158,"href":"https:\/\/www.oime.com.ec\/index.php?rest_route=\/wp\/v2\/posts\/1938\/revisions\/2158"}],"wp:featuredmedia":[{"embeddable":true,"href":"https:\/\/www.oime.com.ec\/index.php?rest_route=\/wp\/v2\/media\/1939"}],"wp:attachment":[{"href":"https:\/\/www.oime.com.ec\/index.php?rest_route=%2Fwp%2Fv2%2Fmedia&parent=1938"}],"wp:term":[{"taxonomy":"category","embeddable":true,"href":"https:\/\/www.oime.com.ec\/index.php?rest_route=%2Fwp%2Fv2%2Fcategories&post=1938"},{"taxonomy":"post_tag","embeddable":true,"href":"https:\/\/www.oime.com.ec\/index.php?rest_route=%2Fwp%2Fv2%2Ftags&post=1938"}],"curies":[{"name":"wp","href":"https:\/\/api.w.org\/{rel}","templated":true}]}}