{"id":1970,"date":"2025-04-12T07:32:40","date_gmt":"2025-04-12T12:32:40","guid":{"rendered":"https:\/\/www.oime.com.ec\/?p=1970"},"modified":"2026-01-16T17:26:56","modified_gmt":"2026-01-16T22:26:56","slug":"el-uso-no-etico-de-la-ia-ensucia-la-campana-electoral-2025-en-ecuador","status":"publish","type":"post","link":"https:\/\/www.oime.com.ec\/?p=1970","title":{"rendered":"El uso no \u00e9tico de la IA ensucia la campa\u00f1a electoral 2025 en Ecuador"},"content":{"rendered":"\n<figure class=\"wp-block-pullquote has-text-align-left\"><blockquote><p>El <strong>23%<\/strong> del contenido que se viraliz\u00f3 durante la primera vuelta presidencial se gener\u00f3 con inteligencia artificial (IA). V\u00eddeos, im\u00e1genes y audios fueron manipulados para distorsionar, principalmente, la imagen de los candidatos Luisa Gonz\u00e1lez y Daniel Noboa, de acuerdo con el monitoreo de <a href=\"https:\/\/x.com\/LupaMediaEC\/status\/1887204394997064002\"><strong>Lupa Media<\/strong><\/a>, organizaci\u00f3n especialista en periodismo de verificaci\u00f3n.<\/p><\/blockquote><\/figure>\n\n\n\n<figure class=\"wp-block-video\"><video height=\"1080\" style=\"aspect-ratio: 1920 \/ 1080;\" width=\"1920\" autoplay controls src=\"https:\/\/www.oime.com.ec\/wp-content\/uploads\/1-Portada.mp4\"><\/video><figcaption class=\"wp-element-caption\">Contenidos manipulados con IA y verificados por Lupa Media sobre los candidatos Daniel Noboa Az\u00edn (ADN) y Luisa Gonz\u00e1lez Alc\u00edvar (RC5), quienes disputan la presidencia de Ecuador en el balotaje del 13 de abril de 2025.<\/figcaption><\/figure>\n\n\n\n<p>En las campa\u00f1as pol\u00edticas existen dos lados. El <strong>lado \u201cA<\/strong>\u201d trabaja la imagen de los candidatos para posicionarla en la mente de los electores y <strong>sumar votos<\/strong>, mientras que el <strong>lado \u201cB<\/strong>\u201d se concentra en <strong>restar preferencia a los adversarios mediante el ataque<\/strong>. <strong>Una de las t\u00e1cticas de esta campa\u00f1a negativa<\/strong> que se hace m\u00e1s evidente en las Elecciones Generales 2025 de Ecuador <strong>es la desinformaci\u00f3n<\/strong> <strong>que ahora aprovecha la IA<\/strong> para crear narrativas m\u00e1s elaboradas y convincentes en contra o a favor de los candidatos y las candidatas que aspiran a un cargo de elecci\u00f3n popular.<\/p>\n\n\n\n<p><a href=\"https:\/\/www.tiktok.com\/@usuariosdigitales\/video\/7489106871366782213\"><strong>Usuarios Digitales<\/strong><\/a>, una organizaci\u00f3n no gubernamental y sin fines de lucro dedicada al cuidado y promoci\u00f3n de derechos digitales en Ecuador, hizo un registro de las piezas creadas con IA generativa desde el 5 de enero hasta el 5 de febrero de 2025. <strong>En su reporte se contabilizan 53 alertas de contenido generado o alterado con IA durante la primera vuelta presidencial.<\/strong> Los que m\u00e1s <strong>predominan<\/strong> son los <strong>v\u00eddeos adulterados<\/strong>, seguidos de las <strong>clonaciones de audio.<\/strong><\/p>\n\n\n\n<p>Los <strong>candidatos m\u00e1s referidos<\/strong> en estas piezas son <strong>Daniel Noboa (ADN)<\/strong>, con un total de 29, y <strong>Luisa Gonz\u00e1lez (RC5)<\/strong> que suma 22. Luis Felipe Tiller\u00eda (Avanza) es mencionado solo en uno de estos materiales, al igual que Pedro Granja (Partido Socialista Ecuatoriano) y Leonidas Iza (Pachakutik). Es decir, la contracampa\u00f1a se centr\u00f3 en los dos candidatos presidenciales con m\u00e1s opciones.<\/p>\n\n\n\n<figure class=\"wp-block-embed is-type-wp-embed is-provider-genially wp-block-embed-genially\"><div class=\"wp-block-embed__wrapper\">\n<iframe class=\"wp-embedded-content\" sandbox=\"allow-scripts\" security=\"restricted\" title=\"Piezas generadas o alteradas con Inteligencia Artificial\" frameborder='0' width='1200' height='675' src='https:\/\/view.genially.com\/67fa4f32bc315a1e1eed4bf6#?secret=KdLRmM4qVK' data-secret='KdLRmM4qVK' scrolling='yes'><\/iframe>\n<\/div><figcaption class=\"wp-element-caption\">Piezas creadas con IA generativa durante la primera vuelta de las Elecciones Generales 2025 de Ecuador. Fuente: Usuarios Digitales<\/figcaption><\/figure>\n\n\n\n<p>En el tipo de contenido, <strong>la mayor\u00eda de las piezas corresponden a desinformaci\u00f3n y s\u00e1tira.<\/strong> Para <strong>Alfredo Velazco<\/strong>, director de Usuarios Digitales, la s\u00e1tira es v\u00e1lida en el ejercicio de la libertad de expresi\u00f3n, pero <strong>los productos creados para atacar o desinformar tienen el prop\u00f3sito de imputar a los candidatos y las candidatas cualquier actividad ilegal o controversial<\/strong>. Por eso, \u201cestas piezas son las que golpean m\u00e1s\u201d.<\/p>\n\n\n\n<p><strong>Valeria Navarro<\/strong>, responsable de monitorear los contenidos creados con IA en Lupa Media, se\u00f1ala que <strong>en TikTok es donde m\u00e1s s\u00e1tira se encuentra<\/strong>. Los usuarios que comparten las piezas sat\u00edricas son indistintos. Cita de ejemplo a una cuenta que antes del per\u00edodo de elecciones compart\u00eda las actividades de un <em>gamer <\/em>y ahora tiene 13 publicaciones desde enero de 2025 sobre s\u00e1tira pol\u00edtica. Para la periodista, <strong>detr\u00e1s del sarcasmo tambi\u00e9n hay la intenci\u00f3n de desprestigiar a alguien.<\/strong><\/p>\n\n\n\n<figure class=\"wp-block-video\"><video height=\"1080\" style=\"aspect-ratio: 1920 \/ 1080;\" width=\"1920\" controls src=\"https:\/\/www.oime.com.ec\/wp-content\/uploads\/2.mp4\"><\/video><\/figure>\n\n\n\n<figure class=\"wp-block-video\"><video height=\"1080\" style=\"aspect-ratio: 1920 \/ 1080;\" width=\"1920\" controls src=\"https:\/\/www.oime.com.ec\/wp-content\/uploads\/3.mp4\"><\/video><figcaption class=\"wp-element-caption\">Cuentas destacadas en TikTok por el alto n\u00famero de vistas en publicaciones generadas con IA. Fuente: Lupa Media<\/figcaption><\/figure>\n\n\n\n<p><strong>En <\/strong>lo que refiere a <strong>\u201cX\u201d (antes Twitter)<\/strong>, Navarro explica que, aunque en este <em>microblogging<\/em> las publicaciones tienen menor alcance en comparaci\u00f3n con TikTok, se nota una mayor producci\u00f3n y fines m\u00e1s oscuros. A\u00f1ade que, en general, <strong>las publicaciones<\/strong> en \u201cX\u201d <strong>suelen estar acompa\u00f1adas de mensajes de odio y descr\u00e9dito<\/strong> hacia los candidatos y sus movimientos pol\u00edticos.<\/p>\n\n\n\n<p>Lupa Media identific\u00f3 que el <strong>53.62%<\/strong> <strong>de la s\u00e1tira va contra Luisa Gonz\u00e1lez o Rafael Correa<\/strong>, <strong>el 31.88% en contra de Daniel Noboa<\/strong>, el 13.04% ataca a ambos candidatos en una misma publicaci\u00f3n y el 2.89% favorece a Noboa.<\/p>\n\n\n\n<figure class=\"wp-block-embed is-type-wp-embed is-provider-genially wp-block-embed-genially\"><div class=\"wp-block-embed__wrapper\">\n<iframe class=\"wp-embedded-content\" sandbox=\"allow-scripts\" security=\"restricted\" title=\"IA en la campa\u00f1a electoral\" frameborder='0' width='1200' height='675' src='https:\/\/view.genially.com\/67fa50e2447681952c05808a#?secret=G8uN7SCdux' data-secret='G8uN7SCdux' scrolling='yes'><\/iframe>\n<\/div><figcaption class=\"wp-element-caption\">Monitoreo de publicaciones con componentes de IA en TikTok y X. Per\u00edodo: 1 de enero-4 de febrero de 2025. Fuente: Lupa Media<\/figcaption><\/figure>\n\n\n\n<p>En lo que respecta a los <strong>contenidos a favor<\/strong> creados con IA, Velazco explica que <strong>a Noboa se lo muestra<\/strong> varonil, casi <strong>como un <em>Terminator<\/em><\/strong>. Mientras que <strong>a Gonz\u00e1lez se la presenta en bikini, m\u00e1s joven y tierna.<\/strong> En ambos casos se perciben sesgos de g\u00e9nero y sexualizaci\u00f3n de la imagen de los candidatos.<\/p>\n\n\n\n<figure class=\"wp-block-video\"><video height=\"1080\" style=\"aspect-ratio: 1920 \/ 1080;\" width=\"1920\" controls src=\"https:\/\/www.oime.com.ec\/wp-content\/uploads\/4.mp4\"><\/video><figcaption class=\"wp-element-caption\">Piezas de apoyo creadas con IA para las campa\u00f1as de Luisa Gonz\u00e1lez y Daniel Noboa. Fuente: Usuarios Digitales<\/figcaption><\/figure>\n\n\n\n<h2 class=\"wp-block-heading\"><strong>La industria de la desinformaci\u00f3n en la guerra por el poder pol\u00edtico<\/strong><\/h2>\n\n\n\n<p><\/p>\n\n\n\n<p>Velazco se refiere a las principales diferencias que existen entre el contenido desinformativo que se crea para atacar a Daniel Noboa y a Luisa Gonz\u00e1lez. <strong>En el caso de Noboa, el patr\u00f3n mayoritario es que son v\u00eddeos inaut\u00e9nticos creados en su totalidad con IA<\/strong>. \u201cPara promoverlos se contrata a agencias extranjeras o p\u00e1ginas desconocidas. Aqu\u00ed se han gastado cientos de miles de d\u00f3lares en pautar y con recursos p\u00fablicos\u201d, sostiene el activista en derechos digitales.<\/p>\n\n\n\n<p>En cambio, <strong>los ataques a Gonz\u00e1lez son m\u00e1s elaborados, pues incluyen clonaci\u00f3n de voz y <em>deepfakes<\/em><\/strong> de acuerdo con el monitoreo de Usuarios Digitales. <strong>Para difundir<\/strong> esto <strong>se utilizan medios inaut\u00e9nticos<\/strong> (por sus pr\u00e1cticas) <strong>y progobierno<\/strong>. \u201cIncluso, periodistas y comunicadores que tienen un sesgo contra el corre\u00edsmo, los publican como una noticia cierta. Eso no ocurre con los v\u00eddeos manipulados de Noboa que solo quedan en la pauta\u201d, acent\u00faa Velazco.<\/p>\n\n\n\n<figure class=\"wp-block-video\"><video height=\"1080\" style=\"aspect-ratio: 1920 \/ 1080;\" width=\"1920\" controls src=\"https:\/\/www.oime.com.ec\/wp-content\/uploads\/5.mp4\"><\/video><figcaption class=\"wp-element-caption\">V\u00eddeo manipulado con inteligencia artificial, difundido en marzo de 2025 en el canal de YouTube \u201cVisionarias\u201d, donde Janet Hinostroza realiza entrevistas. Posteriormente, la periodista pidi\u00f3 en su cuenta de \u00abX\u00bb no repostear el video porque es falso. Fuente: Usuarios Digitales<\/figcaption><\/figure>\n\n\n\n<figure class=\"wp-block-video\"><video height=\"1080\" style=\"aspect-ratio: 1920 \/ 1080;\" width=\"1920\" controls src=\"https:\/\/www.oime.com.ec\/wp-content\/uploads\/6.mp4\"><\/video><figcaption class=\"wp-element-caption\">V\u00eddeo original sobre la entrevista de la candidata presidencial Luisa Gonz\u00e1lez en Teleamazonas. Fuente: Lupa Media<\/figcaption><\/figure>\n\n\n\n<figure class=\"wp-block-video\"><video height=\"1080\" style=\"aspect-ratio: 1920 \/ 1080;\" width=\"1920\" controls src=\"https:\/\/www.oime.com.ec\/wp-content\/uploads\/7.mp4\"><\/video><figcaption class=\"wp-element-caption\">Video manipulado con inteligencia artificial, difundido en la cuenta de \u201cX\u201d del periodista Martin Pallares (@Martinminguchi). El tuit fue posteriormente eliminado. Fuente: Lupa Media<\/figcaption><\/figure>\n\n\n\n<p><strong>Andr\u00e9s Jaramillo<\/strong>, CEO de <em>Content Manager Ecuador<\/em>, una firma especializada en escucha social y comunicaci\u00f3n estrat\u00e9gica manifest\u00f3 en el XSpace de Lupa Media (5 de febrero de 2025) que <strong>hay industrias de la desinformaci\u00f3n encargadas no solo de manipular contenidos, sino de pautar con usuarios de medios y redes sociodigitales<\/strong> para difundir este material con frecuencia y generar grandes alcances de consumo. \u201cHay cuentas con muchos seguidores que se compran. Adem\u00e1s, se pauta con empresas extranjeras\u201d, afirm\u00f3 el estratega en comunicaci\u00f3n.<\/p>\n\n\n\n<figure class=\"wp-block-video\"><video height=\"1080\" style=\"aspect-ratio: 1920 \/ 1080;\" width=\"1920\" controls src=\"https:\/\/www.oime.com.ec\/wp-content\/uploads\/8.mp4\"><\/video><figcaption class=\"wp-element-caption\"><a href=\"https:\/\/x.com\/alfredovelazco\/status\/1891582791722176733\" data-type=\"link\" data-id=\"https:\/\/x.com\/alfredovelazco\/status\/1891582791722176733\">Agencias extranjeras<\/a> de publicidad digital identificadas por Usuarios Digitales y Lupa Media.<\/figcaption><\/figure>\n\n\n\n<p>Lupa Media determin\u00f3 que las <strong>t\u00e1cticas de desinformaci\u00f3n<\/strong> siguen patrones habituales: el <strong>uso de cuentas troles y el pago de publicidad en las redes sociodigitales.<\/strong> \u201cLa falta de pol\u00edticas de moderaci\u00f3n de contenidos en las plataformas permiti\u00f3 la propagaci\u00f3n de desinformaci\u00f3n financiada\u201d, subraya su informe.<\/p>\n\n\n\n<p>Usuarios Digitales y Lupa Media detectaron las <a href=\"https:\/\/x.com\/alfredovelazco\/status\/1891582791722176733\">agencias extranjeras<\/a> con las que se pauta contenido desinformativo en \u00e9poca electoral. Es el caso de <strong>Mediabit de Argentina<\/strong>, donde se <strong>pauta ataques contra Noboa y apoyos a Luisa Gonz\u00e1lez. <\/strong>Del lado de <strong>Noboa<\/strong> se usa la agencia <strong>IMS de Estados Unidos<\/strong> para <strong>pautar v\u00eddeos contra Gonz\u00e1lez y contenido a favor de su gobierno.<\/strong> Lupa Media indica que esta \u00faltima filial tiene oficina en Ecuador. Adem\u00e1s de pautar contenido electoral en Google durante enero de 2025, registr\u00f3 previamente publicidad de v\u00eddeos de la Agencia Nacional de Tr\u00e1nsito en 2023. Esta informaci\u00f3n se obtuvo a trav\u00e9s del Centro de Transparencia Publicitaria de Google.<\/p>\n\n\n\n<p>En el <a href=\"https:\/\/www.oas.org\/fpdb\/press\/2025_MOE_Ecuador_Generales_Preliminar_ESP.pdf\"><strong>informe preliminar de la Misi\u00f3n de Observaci\u00f3n Electoral de la Organizaci\u00f3n de Estados Americanos (OEA)<\/strong><\/a> sobre las Elecciones Generales en Ecuador 2025 se detalla que tanto la Misi\u00f3n de Observaci\u00f3n Electoral de la Uni\u00f3n Europea como la OEA fueron informadas por distintos actores sobre el incremento del uso de la IA en el marco de la campa\u00f1a electoral. <strong>No solo se report\u00f3 la creaci\u00f3n o manipulaci\u00f3n de fotograf\u00edas o v\u00eddeos, sino tambi\u00e9n la usurpaci\u00f3n de la imagen de diferentes medios de comunicaci\u00f3n y de los equipos de comunicaci\u00f3n de las y los candidatos presidenciales.<\/strong> Se comunic\u00f3 adem\u00e1s que la desinformaci\u00f3n verificada sigui\u00f3 circulando en cuentas de periodistas y figuras p\u00fablicas que no tomaron las medidas necesarias para contrastar las fuentes y la informaci\u00f3n.<\/p>\n\n\n\n<figure class=\"wp-block-video\"><video height=\"1080\" style=\"aspect-ratio: 1920 \/ 1080;\" width=\"1920\" controls src=\"https:\/\/www.oime.com.ec\/wp-content\/uploads\/9.mp4\"><\/video><figcaption class=\"wp-element-caption\">Portada del <em>e-book<\/em> Batalla Digital: Elecciones-2023. Resumen del cap\u00edtulo: \u201cCampa\u00f1a sucia, inteligencia artifcial, <em>trolls<\/em> y encuestas: casos emblem\u00e1ticos de desinformaci\u00f3n\u201d.<\/figcaption><\/figure>\n\n\n\n<p><strong>En 2021, Usuarios Digitales comenz\u00f3 a advertir sobre el mal uso de la IA en campa\u00f1a electoral.<\/strong> El 9 de octubre de 2023 se lanz\u00f3 el <em>e-book<\/em> \u201cBatalla Digital: Elecciones, 2023\u201d con la coordinaci\u00f3n editorial de Andr\u00e9s Jaramillo Carrera. En el apartado \u201cCampa\u00f1a sucia, Inteligencia Artificial (IA), <em>trolls <\/em>y encuestas: casos emblem\u00e1ticos de desinformaci\u00f3n\u201d, escrito por Alfredo Velazco, se deja en evidencia que desde las elecciones anticipadas de 2023 se coordin\u00f3 una campa\u00f1a en varias redes sociodigitales, \u201ccuyas piezas ten\u00edan algo en com\u00fan: uso de IA para generar <em>deepfakes<\/em> de candidatos (con clonaci\u00f3n videogr\u00e1fica y de voz). <strong>De acuerdo con el informe de la organizaci\u00f3n venezolana <\/strong><a href=\"https:\/\/x.com\/cazamosfakenews\"><strong>Cazadores de Fake News<\/strong><\/a><strong>, la campa\u00f1a de 2023 en Ecuador ser\u00eda la primera a nivel regional en la que se utiliz\u00f3 la IA con fines fraudulentos.<\/strong><\/p>\n\n\n\n<h2 class=\"wp-block-heading\"><strong>El periodismo de verificaci\u00f3n en una lucha desigual para combatir la desinformaci\u00f3n<\/strong><\/h2>\n\n\n\n<p><\/p>\n\n\n\n<p>Valeria Navarro confiesa que <strong>los alcances de visualizaciones y reproducciones del contenido desinformativo son tremendamente mayores al de las verificaciones<\/strong>. \u201cPara ponerte un ejemplo, el <a href=\"https:\/\/x.com\/LupaMediaEC\/status\/1885100488313450587\">v\u00eddeo manipulado con IA que suplant\u00f3 al presentador de TV Milton P\u00e9rez<\/a> tuvo 50 mil reproducciones frente a nuestra verificaci\u00f3n que lleg\u00f3 a m\u00e1s de 4 mil visualizaciones\u201d.<\/p>\n\n\n\n<figure class=\"wp-block-video\"><video height=\"1080\" style=\"aspect-ratio: 1920 \/ 1080;\" width=\"1920\" controls src=\"https:\/\/www.oime.com.ec\/wp-content\/uploads\/10.mp4\"><\/video><figcaption class=\"wp-element-caption\">Verificaci\u00f3n de Lupa Media sobre un v\u00eddeo manipulado con IA en el que se clona la voz del periodista de Teleamazonas, Milton P\u00e9rez.<\/figcaption><\/figure>\n\n\n\n<p>Otro de los problemas que resalta la periodista es que <strong>varias de las publicaciones de verificaci\u00f3n de Lupa Media son tomadas por medios de comunicaci\u00f3n afines a ciertas tendencias pol\u00edticas<\/strong> para \u201clavar la cara de su candidato\u201d o \u201censuciar la del otro\u201d y seguir utilizando la informaci\u00f3n a conveniencia o desinformando.<\/p>\n\n\n\n<p><strong>Alfredo Velazco<\/strong> corrobora que combatir la desinformaci\u00f3n se convirti\u00f3 en un trabajo tit\u00e1nico, pues <strong>se est\u00e1n enfrentando contra el poder econ\u00f3mico en el que tambi\u00e9n se usan recursos p\u00fablicos.<\/strong> En contraste, los medios dedicados al periodismo de verificaci\u00f3n y las organizaciones independientes que luchan contra la desinformaci\u00f3n trabajan con recursos limitados. \u201cSi nosotros tuvi\u00e9ramos m\u00e1s fondos, pudi\u00e9semos pautar nuestras alertas y verificaciones para llegar a una audiencia m\u00e1s amplia como se lo hace con la desinformaci\u00f3n\u201d, alega.<\/p>\n\n\n\n<p>En el #Div\u00falgaloTodo organizado por el Observatorio Interuniversitario de Medios Ecuatorianos (<a href=\"https:\/\/x.com\/OimeEcuador\/\">OIME<\/a>) sobre \u201cElecciones 2025 en Ecuador: Desinformaci\u00f3n, IA y el reto de un voto informado\u201d (29 de enero de 2025), <strong>Andr\u00e9s Jaramillo<\/strong>, manifest\u00f3 que <strong>la tarea de verificaci\u00f3n se complejiza porque no se pueden monitorear las conversaciones de WhatsApp frente a contenidos desinformativos. <\/strong>Eso, desde su punto de vista, <strong>es preocupante porque en esta red se generan los \u00faltimos di\u00e1logos antes de ir a votar<\/strong>. &nbsp;Enunci\u00f3 tambi\u00e9n que hay discursos que, si, por ejemplo, no se posicionan en \u201cX\u201d, luego llegan a WhatsApp, donde podr\u00edan tener m\u00e1s incidencia.<\/p>\n\n\n\n<p>Sobre lo antes dicho, Navarro expresa que por este motivo <strong>Lupa Media implement\u00f3 el servicio #Verificaci\u00f3nAlaCarta con el fin de recibir reportes por WhatsApp<\/strong> y as\u00ed llegar a cadenas digitales que no son p\u00fablicas, pero que tambi\u00e9n son un nicho donde circula desinformaci\u00f3n. \u201cHay grupos de los adultos mayores, por ejemplo, que no est\u00e1n en Instagram o \u201cX\u201d y se informan por WhatsApp\u201d, puntualiza la periodista.<\/p>\n\n\n\n<p>Otra de las desventajas frente a la desinformaci\u00f3n financiada es <strong>la precarizaci\u00f3n laboral y la desprotecci\u00f3n de los y las periodistas y comunicadores. <\/strong>\u201cPor eso, hay quienes son parte de equipos que se dedican a crear narrativas falsas. Ahora bien, tampoco es que quienes prestan sus servicios como troles tengan estabilidad econ\u00f3mica en este trabajo, pues deben permanecer en el anonimato o, mejor dicho, en la penumbra\u201d, sostiene Velazco.<\/p>\n\n\n\n<h2 class=\"wp-block-heading\"><strong>La incidencia de la desinformaci\u00f3n en el electorado<\/strong><\/h2>\n\n\n\n<figure class=\"wp-block-embed is-type-wp-embed is-provider-genially wp-block-embed-genially\"><div class=\"wp-block-embed__wrapper\">\n<iframe class=\"wp-embedded-content\" sandbox=\"allow-scripts\" security=\"restricted\" title=\"Usos y percepciones de la IA en las elecciones de Ecuador\" frameborder='0' width='1200' height='675' src='https:\/\/view.genially.com\/67fa4d6f447681952c045502#?secret=dAo7IOpGWF' data-secret='dAo7IOpGWF' scrolling='yes'><\/iframe>\n<\/div><figcaption class=\"wp-element-caption\">Resultados de la encuesta \u201cUsos y percepciones de la IA en las elecciones de Ecuador\u201d. Fuente: UTPL<\/figcaption><\/figure>\n\n\n\n<p><strong>Abel Suing<\/strong>, coordinador del Grupo de Investigaci\u00f3n en Comunicaci\u00f3n y Cultura Audiovisual (GICA) de la Universidad T\u00e9cnica Particular de Loja (UTPL), fundamenta que <strong>la desinformaci\u00f3n es bastante antigua.<\/strong> <strong>La diferencia es que ahora est\u00e1 dimensionada por las redes sociodigitales, lo que hace que su impacto sea m\u00e1s inmediato y masivo.<\/strong> Esto se agudiza con la utilizaci\u00f3n de la IA para manipular contenidos que se impregnan m\u00e1s en una sociedad polarizada, donde hay usuarios que prefieren reproducir publicaciones que repliquen su contenido ideol\u00f3gico.<\/p>\n\n\n\n<p>Vale recordar los panfletos (escritos difamatorios) que se lanzaban en las calles d\u00edas previos a las elecciones con el fin de incidir en la decisi\u00f3n de los votantes. Hoy, estas difamaciones se trasladaron al ecosistema de pantallas y plataformas.<\/p>\n\n\n\n<p>Del 12 de noviembre hasta el 9 de diciembre de 2024, la UTPL realiz\u00f3 una encuesta sobre <a href=\"https:\/\/www.instagram.com\/p\/DFGgGNbvOcq\/?img_index=1\">\u201cUsos y percepciones de IA Generativa en las elecciones de Ecuador\u201d<\/a>, en la que participaron 201 personas (128 mujeres y 73 hombres) provenientes de diversas regiones del pa\u00eds, tanto urbanas como rurales, y con edades entre 18 y m\u00e1s de 58 a\u00f1os. Los datos revelan que el <strong>58% de los encuestados cree que los contenidos generados con IA influir\u00e1n en las elecciones de 2025 y el 61% considera que es necesario proponer normativas o reglamentos para su uso en campa\u00f1as electorales.<\/strong><\/p>\n\n\n\n<p><strong>En Ecuador no se regulan los contenidos desinformativos en las plataformas digitales ni dentro ni fuera de los procesos electorales<\/strong>, recalca el <a href=\"https:\/\/www.ucm.es\/observatoriodesinformacion\/file\/informe-final-ecuador-2023?ver\">informe del Observatorio de la Desinformaci\u00f3n de la Universidad Complutense de Madrid sobre las elecciones anticipadas de 2023<\/a>. Esto puede socavar la transparencia y la equidad de las elecciones.<\/p>\n\n\n\n<p>Para Suing <strong>la alta disposici\u00f3n de la ciudadan\u00eda para que se regule el uso de la IA en campa\u00f1a electoral refleja la necesidad de que se definan est\u00e1ndares para que no se cometan abusos.<\/strong> \u201cNo se trata de regulaciones extremas, sino del establecimiento de pol\u00edticas de moderaci\u00f3n\u201d, asevera el docente.<\/p>\n\n\n\n<p>La <a href=\"https:\/\/www.instagram.com\/p\/DFdhzqXve_N\/?utm_source=ig_web_copy_link&amp;igsh=MzRlODBiNWFlZA%3D%3D&amp;img_index=9\"><strong>Fundaci\u00f3n Ciudadan\u00eda y Desarrollo realiz\u00f3 una encuesta a finales de 2024<\/strong><\/a> sobre desinformaci\u00f3n en la que participaron 100 ecuatorianos y ecuatorianas de entre 16 y 60 a\u00f1os, en la que el 83,6 % afirm\u00f3 que utiliza las redes sociodigitales para informarse sobre las elecciones en Ecuador. El <strong>69,1% expres\u00f3 que cay\u00f3 en campa\u00f1as de desinformaci\u00f3n<\/strong> y el <strong>86,4% mostr\u00f3 su preocupaci\u00f3n por el uso de troles o cuentas falsas en las redes digitalizadas para las campa\u00f1as pol\u00edticas<\/strong> con el prop\u00f3sito de deslegitimar a los opositores e incidir en los votantes.<\/p>\n\n\n\n<h2 class=\"wp-block-heading\"><strong>La alfabetizaci\u00f3n digital es la clave para una ciudadan\u00eda formada e informada<\/strong><\/h2>\n\n\n\n<p><\/p>\n\n\n\n<figure class=\"wp-block-image size-large\"><img fetchpriority=\"high\" decoding=\"async\" width=\"1024\" height=\"576\" src=\"https:\/\/www.oime.com.ec\/wp-content\/uploads\/11-1024x576.png\" alt=\"\" class=\"wp-image-1982\" srcset=\"https:\/\/www.oime.com.ec\/wp-content\/uploads\/11-1024x576.png 1024w, https:\/\/www.oime.com.ec\/wp-content\/uploads\/11-300x169.png 300w, https:\/\/www.oime.com.ec\/wp-content\/uploads\/11-768x432.png 768w, https:\/\/www.oime.com.ec\/wp-content\/uploads\/11-1536x864.png 1536w, https:\/\/www.oime.com.ec\/wp-content\/uploads\/11-1170x658.png 1170w, https:\/\/www.oime.com.ec\/wp-content\/uploads\/11.png 1920w\" sizes=\"(max-width: 1024px) 100vw, 1024px\" \/><figcaption class=\"wp-element-caption\">Estado de la desinformaci\u00f3n en Ecuador. Fuente: Usuarios Digitales<\/figcaption><\/figure>\n\n\n\n<p><strong>\u201cEl gran ausente es el Estado\u201d, eval\u00faa Suing<\/strong> frente a la problem\u00e1tica del uso no \u00e9tico de la IA para manipular el voto. <strong>Esto implica que tampoco los medios p\u00fablicos est\u00e1n cumpliendo con su rol para luchar contra la desinformaci\u00f3n.<\/strong> Pese a esto, guarda esperanzas al mirar que el trabajo de agencias verificadoras independientes devuelve la confianza a los medios de comunicaci\u00f3n. Tambi\u00e9n resalta que crece el inter\u00e9s en la ciudadan\u00eda por distinguir la informaci\u00f3n que est\u00e1 recibiendo y buscar contenidos de calidad. \u201cEl problema es que a los ciudadanos les faltan herramientas. Ah\u00ed entra la alfabetizaci\u00f3n digital. Educaci\u00f3n para todos todo el tiempo\u201d, apuntala el docente universitario.<\/p>\n\n\n\n<p><strong>Alfredo Velazco y Andr\u00e9s Jaramillo tambi\u00e9n hacen hincapi\u00e9 en la alfabetizaci\u00f3n digital.<\/strong> Para Jaramillo, \u201cno hay que insistir tanto en los actores pol\u00edticos, sino en la ciudadan\u00eda\u201d. Para Velazco, \u201ccomo sociedad somos vulnerables a la desinformaci\u00f3n, por la falta de comprensi\u00f3n lectora y de una cultura digital\u201d.<\/p>\n\n\n\n<p><strong>La desinformaci\u00f3n en \u00e9poca electoral es estructurada, pues responde a t\u00e1cticas dise\u00f1adas dentro de las campa\u00f1as pol\u00edticas para desacreditar a los oponentes<\/strong>. Tal parece que restar votos es m\u00e1s conveniente que sumar. Si la ciudadan\u00eda no desarrolla habilidades para tener un pensamiento cr\u00edtico frente a los contenidos que consume y para aprender a identificar los patrones de desinformaci\u00f3n generada con IA, ser\u00e1 m\u00e1s vulnerable a la manipulaci\u00f3n y, por ende, a que su decisi\u00f3n en procesos democr\u00e1ticos est\u00e9 contaminada por narrativas falsas que apelan a las emociones para incidir en la opini\u00f3n p\u00fablica.<\/p>\n\n\n\n<p>Tatiana Sandoval Pizarro<br>OIME News\u2013Facso\/UCE<br><a href=\"mailto:tatiana.sandoval@oime.com.ec\">tatiana.sandoval@oime.com.ec<\/a><br>Redacci\u00f3n <strong>| <\/strong>Ilustraciones<\/p>\n\n\n\n<p>Carmen Jaramillo<br>OIME News\u2013USFQ<br><a href=\"mailto:tatiana.sandoval@oime.com.ec\"><a href=\"mailto:carmen.jaramillo@oime.com.ec\">carmen.jaramillo@oime.com.ec<\/a><\/a><br>Dise\u00f1o de gr\u00e1ficos estad\u00edsticos<\/p>\n\n\n\n<p><\/p>\n","protected":false},"excerpt":{"rendered":"<p>El 23% del contenido que se viraliz\u00f3 durante la primera vuelta presidencial se gener\u00f3 con inteligencia artificial (IA). V\u00eddeos, im\u00e1genes y audios fueron manipulados para distorsionar, principalmente, la imagen de los candidatos Luisa Gonz\u00e1lez y Daniel Noboa, de acuerdo con el monitoreo de Lupa Media, organizaci\u00f3n especialista en periodismo de verificaci\u00f3n.<\/p>\n","protected":false},"author":8,"featured_media":1994,"comment_status":"open","ping_status":"open","sticky":false,"template":"","format":"image","meta":{"footnotes":""},"categories":[6],"tags":[],"class_list":["post-1970","post","type-post","status-publish","format-image","has-post-thumbnail","hentry","category-notas-informativas","post_format-post-format-image","three-columns"],"_links":{"self":[{"href":"https:\/\/www.oime.com.ec\/index.php?rest_route=\/wp\/v2\/posts\/1970","targetHints":{"allow":["GET"]}}],"collection":[{"href":"https:\/\/www.oime.com.ec\/index.php?rest_route=\/wp\/v2\/posts"}],"about":[{"href":"https:\/\/www.oime.com.ec\/index.php?rest_route=\/wp\/v2\/types\/post"}],"author":[{"embeddable":true,"href":"https:\/\/www.oime.com.ec\/index.php?rest_route=\/wp\/v2\/users\/8"}],"replies":[{"embeddable":true,"href":"https:\/\/www.oime.com.ec\/index.php?rest_route=%2Fwp%2Fv2%2Fcomments&post=1970"}],"version-history":[{"count":15,"href":"https:\/\/www.oime.com.ec\/index.php?rest_route=\/wp\/v2\/posts\/1970\/revisions"}],"predecessor-version":[{"id":2157,"href":"https:\/\/www.oime.com.ec\/index.php?rest_route=\/wp\/v2\/posts\/1970\/revisions\/2157"}],"wp:featuredmedia":[{"embeddable":true,"href":"https:\/\/www.oime.com.ec\/index.php?rest_route=\/wp\/v2\/media\/1994"}],"wp:attachment":[{"href":"https:\/\/www.oime.com.ec\/index.php?rest_route=%2Fwp%2Fv2%2Fmedia&parent=1970"}],"wp:term":[{"taxonomy":"category","embeddable":true,"href":"https:\/\/www.oime.com.ec\/index.php?rest_route=%2Fwp%2Fv2%2Fcategories&post=1970"},{"taxonomy":"post_tag","embeddable":true,"href":"https:\/\/www.oime.com.ec\/index.php?rest_route=%2Fwp%2Fv2%2Ftags&post=1970"}],"curies":[{"name":"wp","href":"https:\/\/api.w.org\/{rel}","templated":true}]}}