{"id":204,"date":"2020-10-01T01:00:00","date_gmt":"2020-10-01T06:00:00","guid":{"rendered":"https:\/\/oime.com.ec\/wordpress\/?p=204"},"modified":"2022-06-16T16:51:51","modified_gmt":"2022-06-16T21:51:51","slug":"analisis-del-discurso-cientifico-en-twitter-durante-el-primer-trimestre-de-la-pandemia-de-covid-19-en-ecuador","status":"publish","type":"post","link":"https:\/\/www.oime.com.ec\/?p=204","title":{"rendered":"An\u00e1lisis del discurso cient\u00edfico en Twitter durante el primer trimestre de la pandemia de Covid-19 en Ecuador"},"content":{"rendered":"\t\t<div data-elementor-type=\"wp-post\" data-elementor-id=\"204\" class=\"elementor elementor-204\">\n\t\t\t\t\t\t<section class=\"elementor-section elementor-top-section elementor-element elementor-element-23d515d elementor-section-boxed elementor-section-height-default elementor-section-height-default\" data-id=\"23d515d\" data-element_type=\"section\" data-e-type=\"section\">\n\t\t\t\t\t\t<div class=\"elementor-container elementor-column-gap-default\">\n\t\t\t\t\t<div class=\"elementor-column elementor-col-100 elementor-top-column elementor-element elementor-element-a56c83f\" data-id=\"a56c83f\" data-element_type=\"column\" data-e-type=\"column\">\n\t\t\t<div class=\"elementor-widget-wrap elementor-element-populated\">\n\t\t\t\t\t\t<div class=\"elementor-element elementor-element-8f1650b elementor-widget elementor-widget-text-editor\" data-id=\"8f1650b\" data-element_type=\"widget\" data-e-type=\"widget\" data-widget_type=\"text-editor.default\">\n\t\t\t\t<div class=\"elementor-widget-container\">\n\t\t\t\t\t\t\t\t\t<p><strong>#PerDebate Vol. 4 2020<\/strong><\/p><h5>Resumen<\/h5><p>Esta investigaci\u00f3n analiza las cuentas de twitter de reconocidos cient\u00edficos ecuatorianos para hacer un an\u00e1lisis del discurso cient\u00edfico y contenido publicados, con el prop\u00f3sito de divulgar ciencia en esta red social. Se identificaron las tem\u00e1ticas abordadas por cada usuario durante el periodo de abril a junio del 2020, primer trimestre de la crisis sanitaria en Ecuador provocada por la pandemia de Covid-19. Mediante un estudio cuantitativo se toman en cuenta variables correspondientes a la plataforma digital como el uso de hashtags, menciones y material audiovisual. El an\u00e1lisis de contenido clasifica las publicaciones de los cient\u00edficos con el fin de evaluar si \u00e9stas cumplen con ejes esenciales de la divulgaci\u00f3n cient\u00edfica como la verificaci\u00f3n, exposici\u00f3n y argumentaci\u00f3n de datos.<\/p><p><b>Palabras clave:<\/b> opini\u00f3n p\u00fablica, cient\u00edficos, discurso, Twitter, Covid 19.<\/p><h5>Abstract<\/h5><p>This research analyzes the twitter accounts of renowned Ecuadorian scientists to make an analysis of scientific discourse and published content, with the purpose of sharing scientific information on this social network. It identifies the topics addressed by each user during the period from April to June 2020, the first quarter of the health crisis in Ecuador caused by the Covid-19 pandemic. Through a quantitative study, variables corresponding to the digital platform are taken into account, such as the use of hashtags, mentions, and audiovisual material. The content analysis classifies the publications of scientists in order to assess whether they comply with essential axes of scientific dissemination such as data verification, exposition, and argumentation.<\/p><p><b>Key Words:<\/b> public opinion, scientists, discourse, Twitter, Covid 19.<\/p><h6 class=\"wp-block-button aligncenter\"><a class=\"wp-block-button__link\" href=\"https:\/\/make.wordpress.org\/core\/2019\/09\/27\/block-editor-theme-related-updates-in-wordpress-5-3\/\">Descarga la investigaci\u00f3n completa aqu\u00ed<\/a><\/h6>\t\t\t\t\t\t\t\t<\/div>\n\t\t\t\t<\/div>\n\t\t\t\t<div class=\"elementor-element elementor-element-dae0eab elementor-widget elementor-widget-text-editor\" data-id=\"dae0eab\" data-element_type=\"widget\" data-e-type=\"widget\" data-widget_type=\"text-editor.default\">\n\t\t\t\t<div class=\"elementor-widget-container\">\n\t\t\t\t\t\t\t\t\t<p><strong>Sof\u00eda Cabrera<\/strong>: <a href=\"mailto:sofiai.cabrera@ute.edu.ec\">sofiai.cabrera@ute.edu.ec<\/a><br \/><em>Docente Periodismo Universidad UTE<\/em><\/p><p><strong>Melissa Clavijo:<\/strong> <a href=\"mailto:melissaclavijonaula@gmail.com\">melissaclavijonaula@gmail.com<\/a><br \/><em>Investigadora OIME<\/em><\/p>\t\t\t\t\t\t\t\t<\/div>\n\t\t\t\t<\/div>\n\t\t\t\t\t<\/div>\n\t\t<\/div>\n\t\t\t\t\t<\/div>\n\t\t<\/section>\n\t\t\t\t<\/div>\n\t\t","protected":false},"excerpt":{"rendered":"<p>#PerDebate Vol. 4 2020 Resumen Esta investigaci\u00f3n analiza las cuentas de twitter de reconocidos cient\u00edficos ecuatorianos para hacer un an\u00e1lisis del discurso cient\u00edfico y contenido<\/p>\n","protected":false},"author":1,"featured_media":566,"comment_status":"open","ping_status":"open","sticky":false,"template":"","format":"standard","meta":{"footnotes":""},"categories":[9],"tags":[],"class_list":["post-204","post","type-post","status-publish","format-standard","has-post-thumbnail","hentry","category-investigaciones","three-columns"],"_links":{"self":[{"href":"https:\/\/www.oime.com.ec\/index.php?rest_route=\/wp\/v2\/posts\/204","targetHints":{"allow":["GET"]}}],"collection":[{"href":"https:\/\/www.oime.com.ec\/index.php?rest_route=\/wp\/v2\/posts"}],"about":[{"href":"https:\/\/www.oime.com.ec\/index.php?rest_route=\/wp\/v2\/types\/post"}],"author":[{"embeddable":true,"href":"https:\/\/www.oime.com.ec\/index.php?rest_route=\/wp\/v2\/users\/1"}],"replies":[{"embeddable":true,"href":"https:\/\/www.oime.com.ec\/index.php?rest_route=%2Fwp%2Fv2%2Fcomments&post=204"}],"version-history":[{"count":20,"href":"https:\/\/www.oime.com.ec\/index.php?rest_route=\/wp\/v2\/posts\/204\/revisions"}],"predecessor-version":[{"id":715,"href":"https:\/\/www.oime.com.ec\/index.php?rest_route=\/wp\/v2\/posts\/204\/revisions\/715"}],"wp:featuredmedia":[{"embeddable":true,"href":"https:\/\/www.oime.com.ec\/index.php?rest_route=\/wp\/v2\/media\/566"}],"wp:attachment":[{"href":"https:\/\/www.oime.com.ec\/index.php?rest_route=%2Fwp%2Fv2%2Fmedia&parent=204"}],"wp:term":[{"taxonomy":"category","embeddable":true,"href":"https:\/\/www.oime.com.ec\/index.php?rest_route=%2Fwp%2Fv2%2Fcategories&post=204"},{"taxonomy":"post_tag","embeddable":true,"href":"https:\/\/www.oime.com.ec\/index.php?rest_route=%2Fwp%2Fv2%2Ftags&post=204"}],"curies":[{"name":"wp","href":"https:\/\/api.w.org\/{rel}","templated":true}]}}