{"id":2110,"date":"2025-11-24T11:11:28","date_gmt":"2025-11-24T16:11:28","guid":{"rendered":"https:\/\/www.oime.com.ec\/?p=2110"},"modified":"2026-01-16T17:26:19","modified_gmt":"2026-01-16T22:26:19","slug":"mujeres-periodistas-y-diversidades-como-ejercer-el-periodismo-y-la-comunicacion-en-escenarios-hostiles","status":"publish","type":"post","link":"https:\/\/www.oime.com.ec\/?p=2110","title":{"rendered":"Mujeres periodistas y diversidades: \u00bfC\u00f3mo ejercer el periodismo y la comunicaci\u00f3n en escenarios hostiles?"},"content":{"rendered":"<div class=\"wp-block-image\">\n<figure class=\"alignleft size-large is-resized\"><img fetchpriority=\"high\" decoding=\"async\" width=\"819\" height=\"1024\" src=\"https:\/\/www.oime.com.ec\/wp-content\/uploads\/1-4-819x1024.png\" alt=\"\" class=\"wp-image-2111\" style=\"width:353px;height:auto\" srcset=\"https:\/\/www.oime.com.ec\/wp-content\/uploads\/1-4-819x1024.png 819w, https:\/\/www.oime.com.ec\/wp-content\/uploads\/1-4-240x300.png 240w, https:\/\/www.oime.com.ec\/wp-content\/uploads\/1-4-768x960.png 768w, https:\/\/www.oime.com.ec\/wp-content\/uploads\/1-4.png 1080w\" sizes=\"(max-width: 819px) 100vw, 819px\" \/><figcaption class=\"wp-element-caption\">Arte de difusi\u00f3n en formato vertical de la conferencia plenaria. Cr\u00e9dito: OIME (2025)<\/figcaption><\/figure>\n<\/div>\n\n\n<p>La <strong>seguridad de las periodistas y las diversidades <\/strong>es fundamental para garantizar la multiplicidad de voces en la narraci\u00f3n de historias, la defensa de la libertad de prensa y expresi\u00f3n y, en consecuencia, fortalecer la democracia con una ciudadan\u00eda informada. Por tanto, <strong>no se trata de un tema sectorial, sino de una problem\u00e1tica que nos involucra a todos y todas.<\/strong><\/p>\n\n\n\n<p>Bajo esa premisa, <strong>el Observatorio Interuniversitario de Medios Ecuatorianos (OIME) particip\u00f3 por segunda vez consecutiva en el Congreso Internacional de Innovaci\u00f3n en Comunicaci\u00f3n y Medios Audiovisuales<\/strong> <a href=\"https:\/\/cincoma.org\/\">(CINCOMA)<\/a>, en esta ocasi\u00f3n con la conferencia plenaria \u201c<a href=\"https:\/\/www.youtube.com\/watch?v=66zmotYltek&amp;t=1182s\">Ser mujer y ser periodista en escenarios de inseguridad. Apuntes de experiencias locales para una reflexi\u00f3n global<\/a>\u201d, para abordar los desaf\u00edos que enfrentan las comunicadoras y las periodistas en Am\u00e9rica Latina. <strong>Este encuentro, que se realiz\u00f3 de manera virtual el 24 de septiembre de 2025, reuni\u00f3 voces y miradas de tres periodistas e investigadores de Ecuador, M\u00e9xico y Chile<\/strong>. Durante las intervenciones de cada panelista se coincidi\u00f3 en la urgencia de adoptar una perspectiva de g\u00e9nero y derechos humanos en las salas de redacci\u00f3n y en todos los espacios donde se ejerce la comunicaci\u00f3n y el periodismo, como m\u00e9todo de trabajo y como forma de resistencia ante la violencia estructural que se atraviesa en la regi\u00f3n.<\/p>\n\n\n\n<figure class=\"wp-block-video\"><video height=\"1080\" style=\"aspect-ratio: 1920 \/ 1080;\" width=\"1920\" controls src=\"https:\/\/www.oime.com.ec\/wp-content\/uploads\/1-Pamela-J.-Cruz.mp4\"><\/video><\/figure>\n\n\n\n<h3 class=\"wp-block-heading\"><strong>Periodismo con enfoque de derechos humanos desde la narrativa de ZonaDocs en M\u00e9xico<\/strong><\/h3>\n\n\n\n<p><\/p>\n\n\n\n<p>Desde<strong> Guadalajara, M\u00e9xico, particip\u00f3 Darwin Franco Miguez, periodista independiente, fundador y coordinador de informaci\u00f3n de<\/strong> <a href=\"https:\/\/www.zonadocs.mx\/2019\/03\/17\/quienes-somos\/\">ZonaDocs<\/a>, un proyecto de periodismo documental y de investigaci\u00f3n, con perspectiva de derechos humanos y feminista. <strong>Franco contextualiz\u00f3 la labor informativa en su pa\u00eds, donde se vive una grave crisis, con un promedio de 10 femicidios al d\u00eda y m\u00e1s de 130 mil desapariciones a nivel nacional.<\/strong> De hecho, Jalisco, sede de ZonaDocs, es el Estado con el mayor n\u00famero de personas desaparecidas en M\u00e9xico, sumando 16 mil. Por su parte, los datos del Proyecto de Monitoreo Global de Medios en 2020 revelaron una tendencia preocupante: a nivel mundial, las mujeres solo aparec\u00edan entre el 31% y el 34% en las noticias. Cinco a\u00f1os despu\u00e9s, esa representaci\u00f3n sigui\u00f3 bajando. \u201cSi las mujeres no aparecen, lo que se hace desde la publicaci\u00f3n de las noticias es invisibilizar sus voces y sus luchas\u201d, enfatiz\u00f3 Franco.<\/p>\n\n\n\n<figure class=\"wp-block-video\"><video height=\"1080\" style=\"aspect-ratio: 1920 \/ 1080;\" width=\"1920\" controls src=\"https:\/\/www.oime.com.ec\/wp-content\/uploads\/2-Darwin-Franco-1.mp4\"><\/video><\/figure>\n\n\n\n<p>Por otro lado, el periodista mexicano se refiri\u00f3 al informe del colectivo <strong>Comunicaci\u00f3n e Informaci\u00f3n de la Mujer (CIMAC)<\/strong> que expone <strong>2.019 agresiones contra mujeres periodistas<\/strong>, <strong>857 casos de violencia institucional y 20 femicidios.<\/strong> Otro dato alarmante es que el <strong>54% de los casos denunciados corresponde a reporteras que cubren la fuente pol\u00edtica<\/strong>, se\u00f1alando a los <strong>funcionarios p\u00fablicos<\/strong> como los principales agresores.<\/p>\n\n\n\n<p>Para contrarrestar la misoginia en las pr\u00e1cticas period\u00edsticas, ZonaDocs adopt\u00f3 la metodolog\u00eda de la periodista Mar\u00eda Florencia Alcaraz, conocida como el <strong>modelo de la 4D: Denuncia, Demanda, Dato y Deseo. <\/strong>Franco explic\u00f3 que este modelo busca \u201cproponer y apuntar hacia la transformaci\u00f3n, es decir, se\u00f1alar las cuestiones que est\u00e1n sucediendo, pero tambi\u00e9n visibilizar lo que las personas, las mujeres, est\u00e1n haciendo para poder denunciar\u201d.<\/p>\n\n\n\n<p>Franco precis\u00f3 que su postura, calificada por algunos colegas como \u201cactivismo m\u00e1s que periodismo\u201d, es una elecci\u00f3n ineludible, y concluy\u00f3, citando a Marcela Turati, que <strong>\u201ctodos los periodistas somos militantes por la vida, los derechos humanos, lo que creemos, pero con las reglas del periodismo\u201d.<\/strong> Es decir, ZonaDocs, \u201chace su propia defensor\u00eda de los derechos humanos a trav\u00e9s del periodismo&#8230; Y hay que creer en que es posible hacer la diferencia siempre&#8230; Y por eso seguimos aqu\u00ed\u201d.&nbsp;<\/p>\n\n\n\n<figure class=\"wp-block-video\"><video height=\"1080\" style=\"aspect-ratio: 1920 \/ 1080;\" width=\"1920\" controls src=\"https:\/\/www.oime.com.ec\/wp-content\/uploads\/3-Darwin-Franco-2-1.mp4\"><\/video><\/figure>\n\n\n\n<h3 class=\"wp-block-heading\"><strong>Los instrumentos de FEMMEDIA para proteger a las periodistas y diversidades en Ecuador<\/strong><\/h3>\n\n\n\n<p><\/p>\n\n\n\n<p>Desde la academia, <strong>Tania Orbe<\/strong>, c<strong>oordinadora de la carrera de Periodismo en la Universidad San Francisco de Quito (USFQ)<\/strong>, <strong>present\u00f3 los resultados del <a href=\"https:\/\/www.oime.com.ec\/?p=1898\">proyecto FEMMEDIA<\/a>: Mujeres, Medios y Seguridad, una iniciativa ejecutada en 2024 por la USFQ y el OIME<\/strong> con el aval de la Organizaci\u00f3n de las Naciones Unidas para la Educaci\u00f3n, la Ciencia y la Cultura (UNESCO) y fondos del Programa de Investigaci\u00f3n y Desarrollo de la Comunicaci\u00f3n (PIDC). <strong>Esta propuesta surgi\u00f3 en un momento de retroceso en las condiciones de seguridad en Ecuado<\/strong>r, donde la integridad f\u00edsica y familiar de los y las periodistas ha sido directamente amenazada.&nbsp;<\/p>\n\n\n\n<figure class=\"wp-block-video\"><video height=\"1080\" style=\"aspect-ratio: 1920 \/ 1080;\" width=\"1920\" controls src=\"https:\/\/www.oime.com.ec\/wp-content\/uploads\/4-Tania-Orbe-1-1.mp4\"><\/video><\/figure>\n\n\n\n<p>Desde <strong>FEMMEDIA<\/strong> se desarrollaron <strong>herramientas pr\u00e1cticas <\/strong>que inicialmente fueron <strong>difundidas de forma virtual a trav\u00e9s de las redes sociodigitales del OIME y la USFQ<\/strong>. Para <strong>2025<\/strong>, la USFQ impuls\u00f3 una estrategia de <strong>divulgaci\u00f3n presencial mediante un recorrido por seis ciudades del pa\u00eds \u2014Quito, Cuenca, Guayaquil, Loja, Manta y Guaranda\u2014, alcanzando a nueve organizaciones entre universidades y gremios period\u00edsticos.<\/strong> Con ello, los materiales llegaron directamente a estudiantes y profesionales de la informaci\u00f3n en diversas provincias. Entre los instrumentos principales se destacan:<\/p>\n\n\n\n<ol class=\"wp-block-list\">\n<li><strong>Estudio Periodismo en Violeta:<\/strong> en este trabajo investigativo se realiz\u00f3 un diagn\u00f3stico sobre la situaci\u00f3n de las mujeres periodistas en Ecuador durante el per\u00edodo 2020-2024.<\/li>\n\n\n\n<li><strong>Manual Audiovisual: <\/strong>dise\u00f1ado para la plataforma TikTok, donde se desarrollaron cinco cap\u00edtulos relacionados con las desigualdades de g\u00e9nero, los estereotipos, la maternidad, la representatividad laboral y la inseguridad.<\/li>\n\n\n\n<li><strong>Protocolo para la prevenci\u00f3n de la violencia de g\u00e9nero y la (in)seguridad en el ejercicio period\u00edstico: <\/strong>elaborado con el apoyo de la Cl\u00ednica Jur\u00eddica de la USFQ. Su objetivo es \u201cimpulsar el respeto al marco normativo y operativo que garantice la seguridad f\u00edsica y psicol\u00f3gica de las mujeres periodistas para generar condiciones laborales equitativas y libres de violencia\u201d. Este documento fue traducido y publicado en <a href=\"https:\/\/issuu.com\/oimeecuador\/docs\/protocolo_4_\">Castellano<\/a> y <a href=\"https:\/\/issuu.com\/oimeecuador\/docs\/protocolo_en_kichwa\"><em>Kichwa<\/em>.<\/a><\/li>\n<\/ol>\n\n\n\n<p>Los planteamientos de Orbe se enfocan en la formaci\u00f3n. Desde su experiencia como periodista y docente, es primordial que se promueva en las universidades la evaluaci\u00f3n de protocolos de seguridad en asignaturas como \u201cComunicaci\u00f3n, Leyes y \u00c9tica\u201d y \u201cPeriodismo de Guerra y Riesgos\u201d.<\/p>\n\n\n\n<figure class=\"wp-block-video\"><video height=\"1080\" style=\"aspect-ratio: 1920 \/ 1080;\" width=\"1920\" controls src=\"https:\/\/www.oime.com.ec\/wp-content\/uploads\/5-Tania-Orbe-2-1.mp4\"><\/video><\/figure>\n\n\n\n<h3 class=\"wp-block-heading\"><strong>Hostigamiento digital a las periodistas y el poder de la red en Chile<\/strong><\/h3>\n\n\n\n<p><\/p>\n\n\n\n<p>La ponencia de <strong>Fabiola Guti\u00e9rrez<\/strong>, <strong>fundadora de la <a href=\"https:\/\/www.instagram.com\/redperiofem\/?hl=es\">Red de Periodistas y Comunicadoras Feministas de Chile<\/a>, se centr\u00f3 en la violencia digital, el acoso sexual y la importancia de la organizaci\u00f3n civil ante la inacci\u00f3n institucional. <\/strong>El contexto chileno fue ilustrado por Guti\u00e9rrez con casos emblem\u00e1ticos de vulnerabilidad extrema. El primero es el de Josefa Barraza, una periodista que fue \u201chostigada por el mundo pol\u00edtico, acosada, amenazada de muerte\u201d. El segundo, y m\u00e1s tr\u00e1gico, es el asesinato de Francisca Sandoval en 2022 mientras ejerc\u00eda su labor period\u00edstica.<\/p>\n\n\n\n<figure class=\"wp-block-video\"><video height=\"1080\" style=\"aspect-ratio: 1920 \/ 1080;\" width=\"1920\" controls src=\"https:\/\/www.oime.com.ec\/wp-content\/uploads\/6-Fabiola-Gutierrez-1.mp4\"><\/video><\/figure>\n\n\n\n<p>Un punto de debate en Chile es una iniciativa legal que busca sancionar los delitos contra la prensa, sobre la que el Colegio de Periodistas advierte que \u201ctendr\u00eda una directa relaci\u00f3n con el derecho a que la ciudadan\u00eda pueda estar informada\u201d, y que podr\u00eda impactar negativamente en el periodismo de investigaci\u00f3n. Guti\u00e9rrez aclar\u00f3 que esto no significa que el Colegio se opone a sancionar la violencia, sino que teme que la ley, al no estar bien delimitada, pueda inhibir la publicaci\u00f3n de informaci\u00f3n sensible y ser utilizada para criminalizar a los reporteros. <strong>Las organizaciones de la sociedad civil han puesto el foco en la necesidad de identificar a las periodistas y las comunicadoras como defensoras de derechos humanos dentro de esta iniciativa.<\/strong><\/p>\n\n\n\n<h3 class=\"wp-block-heading\"><strong>El autocuidado se convirti\u00f3 en una t\u00e1ctica de supervivencia en el periodismo<\/strong><\/h3>\n\n\n\n<p><\/p>\n\n\n\n<p>La conferencia plenaria recibi\u00f3 diferentes preguntas del p\u00fablico, una de estas se concentr\u00f3 en el autocuidado. Este tema sensible emerge cuando las mujeres periodistas investigan o cubren casos de femicidios y violencia de g\u00e9nero que las exponen ante sectores institucionales.<\/p>\n\n\n\n<p>Las respuestas del panel coincidieron en que <strong>el autocuidado es una pr\u00e1ctica consciente y documentada. <\/strong>Fabiola Guti\u00e9rrez se\u00f1al\u00f3 que es vital ser \u201ccuidadosas con la narrativa que usamos\u201d y que se debe documentar todo lo que sucede para alimentar informes de observatorios. Por su parte, Tania Orbe resalt\u00f3 la urgencia de<strong> ense\u00f1ar a los estudiantes de Periodismo y Comunicaci\u00f3n protocolos de seguridad<\/strong>.<\/p>\n\n\n\n<p>La conferencia plenaria cerr\u00f3 con la certeza de que este <strong>diagn\u00f3stico de precarizaci\u00f3n laboral y riesgo en el ejercicio period\u00edstico y comunicacional debe llevar a m\u00e1s acciones colaborativas.<\/strong> La seguridad, la perspectiva de g\u00e9nero y la interseccionalidad son, a fin de cuentas, la hoja de ruta para que esta profesi\u00f3n sea dignificada y reconocida por sus invaluables aportes a la libertad de expresi\u00f3n, el acceso a informaci\u00f3n de calidad y la construcci\u00f3n de la memoria colectiva.<\/p>\n\n\n\n<p>En <strong>2026,<\/strong> <strong>el OIME participar\u00e1 por tercera vez consecutiva en el Congreso Internacional CINCOMA<\/strong>, esta vez con una nueva propuesta tem\u00e1tica para la conferencia plenaria. En <strong>2024<\/strong> abri\u00f3 el debate con un <strong>an\u00e1lisis sobre las narrativas desinformativas extranjeras<\/strong> y, en <strong>2025<\/strong>, centr\u00f3 su intervenci\u00f3n en los <strong>escenarios de inseguridad que enfrentan las y los periodistas desde un enfoque de g\u00e9nero<\/strong>. Los detalles sobre su pr\u00f3xima participaci\u00f3n se difundir\u00e1n en las redes sociodigitales del Observatorio.<\/p>\n\n\n\n<h6 class=\"wp-block-heading\"><strong><em>Nerea Caiza<\/em><\/strong> (Facso-UCE)  <\/h6>\n\n\n\n<h6 class=\"wp-block-heading\"><strong>OIME News<\/strong><\/h6>\n","protected":false},"excerpt":{"rendered":"<p>La seguridad de las periodistas y las diversidades es fundamental para garantizar la multiplicidad de voces en la narraci\u00f3n de historias, la defensa de la libertad de prensa y expresi\u00f3n y, en consecuencia, fortalecer la democracia con una ciudadan\u00eda informada. Por tanto, no se trata de un tema sectorial, sino de una problem\u00e1tica que nos involucra a todos y todas.<\/p>\n","protected":false},"author":8,"featured_media":2127,"comment_status":"open","ping_status":"open","sticky":false,"template":"","format":"image","meta":{"footnotes":""},"categories":[6],"tags":[],"class_list":["post-2110","post","type-post","status-publish","format-image","has-post-thumbnail","hentry","category-notas-informativas","post_format-post-format-image","three-columns"],"_links":{"self":[{"href":"https:\/\/www.oime.com.ec\/index.php?rest_route=\/wp\/v2\/posts\/2110","targetHints":{"allow":["GET"]}}],"collection":[{"href":"https:\/\/www.oime.com.ec\/index.php?rest_route=\/wp\/v2\/posts"}],"about":[{"href":"https:\/\/www.oime.com.ec\/index.php?rest_route=\/wp\/v2\/types\/post"}],"author":[{"embeddable":true,"href":"https:\/\/www.oime.com.ec\/index.php?rest_route=\/wp\/v2\/users\/8"}],"replies":[{"embeddable":true,"href":"https:\/\/www.oime.com.ec\/index.php?rest_route=%2Fwp%2Fv2%2Fcomments&post=2110"}],"version-history":[{"count":8,"href":"https:\/\/www.oime.com.ec\/index.php?rest_route=\/wp\/v2\/posts\/2110\/revisions"}],"predecessor-version":[{"id":2156,"href":"https:\/\/www.oime.com.ec\/index.php?rest_route=\/wp\/v2\/posts\/2110\/revisions\/2156"}],"wp:featuredmedia":[{"embeddable":true,"href":"https:\/\/www.oime.com.ec\/index.php?rest_route=\/wp\/v2\/media\/2127"}],"wp:attachment":[{"href":"https:\/\/www.oime.com.ec\/index.php?rest_route=%2Fwp%2Fv2%2Fmedia&parent=2110"}],"wp:term":[{"taxonomy":"category","embeddable":true,"href":"https:\/\/www.oime.com.ec\/index.php?rest_route=%2Fwp%2Fv2%2Fcategories&post=2110"},{"taxonomy":"post_tag","embeddable":true,"href":"https:\/\/www.oime.com.ec\/index.php?rest_route=%2Fwp%2Fv2%2Ftags&post=2110"}],"curies":[{"name":"wp","href":"https:\/\/api.w.org\/{rel}","templated":true}]}}