{"id":2135,"date":"2026-01-16T17:16:11","date_gmt":"2026-01-16T22:16:11","guid":{"rendered":"https:\/\/www.oime.com.ec\/?p=2135"},"modified":"2026-01-16T17:29:40","modified_gmt":"2026-01-16T22:29:40","slug":"luces-camara-verificar-el-desafio-de-enfrentar-la-desinformacion-en-ecuador-y-latinoamerica","status":"publish","type":"post","link":"https:\/\/www.oime.com.ec\/?p=2135","title":{"rendered":"Luces, c\u00e1mara\u2026 verificar: El desaf\u00edo de enfrentar la desinformaci\u00f3n en Ecuador y Latinoam\u00e9rica"},"content":{"rendered":"\n<h4 class=\"wp-block-heading\">Informe especial del foro de la alianza #UnVotoContraLaDesinformaci\u00f3n en la edici\u00f3n n\u00famero 15 del PerDebate<\/h4>\n\n\n\n<figure class=\"wp-block-image size-large\"><img fetchpriority=\"high\" decoding=\"async\" width=\"1024\" height=\"576\" src=\"https:\/\/www.oime.com.ec\/wp-content\/uploads\/1-5-1024x576.png\" alt=\"\" class=\"wp-image-2136\" srcset=\"https:\/\/www.oime.com.ec\/wp-content\/uploads\/1-5-1024x576.png 1024w, https:\/\/www.oime.com.ec\/wp-content\/uploads\/1-5-300x169.png 300w, https:\/\/www.oime.com.ec\/wp-content\/uploads\/1-5-768x432.png 768w, https:\/\/www.oime.com.ec\/wp-content\/uploads\/1-5-1536x864.png 1536w, https:\/\/www.oime.com.ec\/wp-content\/uploads\/1-5-1170x658.png 1170w, https:\/\/www.oime.com.ec\/wp-content\/uploads\/1-5.png 1920w\" sizes=\"(max-width: 1024px) 100vw, 1024px\" \/><figcaption class=\"wp-element-caption\">Panel del foro <strong>\u201cVerificaci\u00f3n y alfabetizaci\u00f3n medi\u00e1tica en Ecuador\u201d<\/strong>, realizado durante la XV edici\u00f3n del Congreso Internacional PerDebate. De izquierda a derecha: <strong>Tatiana Sandoval<\/strong> (moderadora, OIME), <strong>Ana Laura Garc\u00eda Luna<\/strong> (Chequeado), <strong>Carolina Bazante<\/strong> (Lupa Media), <strong>Pamela J. Cruz<\/strong> (OIME-Ecuador) y <strong>Alfredo Velazco<\/strong> (Usuarios Digitales) compartieron estrategias de verificaci\u00f3n frente a la desinformaci\u00f3n, en el marco de la alianza <strong>#UnVotoContraLaDesinformaci\u00f3n<\/strong>. Imagen recreada con Gemini. Fotograf\u00eda original: Hillary Robles y Jamileth Quingalombo.<\/figcaption><\/figure>\n\n\n\n<p><strong>La desinformaci\u00f3n dej\u00f3 de ser un fen\u00f3meno aislado para convertirse en una de las principales amenazas a nivel local y global.<\/strong> As\u00ed lo advierte el Foro Econ\u00f3mico Mundial (alerta <em>spoiler<\/em>: la verificaci\u00f3n es la protagonista y la desinformaci\u00f3n la antagonista de esta historia), y as\u00ed lo confirman los cuatro ponentes de Ecuador y Argentina que participaron en el <a href=\"https:\/\/www.youtube.com\/watch?v=_OB3oAiWJc4&amp;t=1177s\">foro \u201cVerificaci\u00f3n y alfabetizaci\u00f3n medi\u00e1tica en Ecuador\u201d<\/a> durante el primer d\u00eda del Congreso Internacional Periodismo en Debate, m\u00e1s conocido como PerDebate.<\/p>\n\n\n\n<p><br><strong>Este encuentro, que se realiz\u00f3 el mi\u00e9rcoles 12 de noviembre de 2025, <\/strong>cont\u00f3 con la intervenci\u00f3n de tres referentes nacionales y una vocera internacional, especialistas en verificaci\u00f3n, alfabetizaci\u00f3n medi\u00e1tica, derechos digitales e investigaci\u00f3n: <strong>Carolina Bazante<\/strong> (fundadora y directora ejecutiva de <a href=\"https:\/\/lupa.com.ec\/conocenos\/\">Lupa Media<\/a>), <strong>Ana Laura Garc\u00eda <\/strong>(equipo de Educaci\u00f3n de <a href=\"https:\/\/chequeado.com\/conocenos\/\">Chequeado<\/a> en Argentina), <strong>Alfredo Velazco<\/strong> (director de <a href=\"https:\/\/x.com\/usuariosdigital\">Usuarios Digitales<\/a>) y <strong>Pamela J. Cruz<\/strong> (coordinadora del Observatorio Interuniversitario de Medios Ecuatorianos-<a href=\"https:\/\/www.oime.com.ec\/?page_id=11\">OIME<\/a>).<\/p>\n\n\n\n<p>Prohibido no recordar que:<\/p>\n\n\n\n<blockquote class=\"wp-block-quote is-layout-flow wp-block-quote-is-layout-flow\">\n<p>\u201c<strong>La desinformaci\u00f3n no puede combatirse solo desde el periodismo; requiere educaci\u00f3n, trabajo colaborativo y una ciudadan\u00eda cr\u00edtica\u201d.<\/strong><\/p>\n<\/blockquote>\n\n\n<div class=\"wp-block-image\">\n<figure class=\"aligncenter size-large is-resized\"><img decoding=\"async\" width=\"819\" height=\"1024\" src=\"https:\/\/www.oime.com.ec\/wp-content\/uploads\/POST-FRASE-1-819x1024.png\" alt=\"\" class=\"wp-image-2139\" style=\"aspect-ratio:0.8;width:443px;height:auto\" srcset=\"https:\/\/www.oime.com.ec\/wp-content\/uploads\/POST-FRASE-1-819x1024.png 819w, https:\/\/www.oime.com.ec\/wp-content\/uploads\/POST-FRASE-1-240x300.png 240w, https:\/\/www.oime.com.ec\/wp-content\/uploads\/POST-FRASE-1-768x960.png 768w, https:\/\/www.oime.com.ec\/wp-content\/uploads\/POST-FRASE-1.png 1080w\" sizes=\"(max-width: 819px) 100vw, 819px\" \/><figcaption class=\"wp-element-caption\">Arte promocional del PerDebate 2025<br>Tomado de Instagram @periodismousfq<\/figcaption><\/figure>\n<\/div>\n\n\n<h2 class=\"wp-block-heading\">La educaci\u00f3n como defensa<\/h2>\n\n\n\n<h3 class=\"wp-block-heading\">Carolina Bazante\u2013Lupa Media<\/h3>\n\n\n\n<p><\/p>\n\n\n\n<figure class=\"wp-block-image size-large\"><img decoding=\"async\" width=\"1024\" height=\"576\" src=\"https:\/\/www.oime.com.ec\/wp-content\/uploads\/4-1-1024x576.png\" alt=\"\" class=\"wp-image-2140\" srcset=\"https:\/\/www.oime.com.ec\/wp-content\/uploads\/4-1-1024x576.png 1024w, https:\/\/www.oime.com.ec\/wp-content\/uploads\/4-1-300x169.png 300w, https:\/\/www.oime.com.ec\/wp-content\/uploads\/4-1-768x432.png 768w, https:\/\/www.oime.com.ec\/wp-content\/uploads\/4-1-1536x864.png 1536w, https:\/\/www.oime.com.ec\/wp-content\/uploads\/4-1-1170x658.png 1170w, https:\/\/www.oime.com.ec\/wp-content\/uploads\/4-1.png 1920w\" sizes=\"(max-width: 1024px) 100vw, 1024px\" \/><figcaption class=\"wp-element-caption\">Informaci\u00f3n tomada de la presentaci\u00f3n de Carolina Bazante (Lupa Media). Esta imagen fue generada con inteligencia artificial (IA) mediante el modelo \u201cNovaGraph Studio\u201dde ChatGPT.<\/figcaption><\/figure>\n\n\n\n<p>Carolina Bazante abri\u00f3 el foro recordando que <strong>Ecuador enfrenta un \u201cdesierto informativo\u201d<\/strong>, que deja a miles de personas sin acceso a informaci\u00f3n verificada. Desde esa necesidad naci\u00f3 Lupa Media, organizaci\u00f3n que hoy combina <strong>periodismo de verificaci\u00f3n con formaci\u00f3n educativa<\/strong>.<\/p>\n\n\n\n<p>Adem\u00e1s, Bazante explic\u00f3 que <strong>la alfabetizaci\u00f3n medi\u00e1tica es fundamental en un pa\u00eds donde la conectividad supera el 70%, pero en el que al mismo tiempo muchas personas carecen de habilidades para identificar riesgos sobre la desinformaci\u00f3n<\/strong>. Esto limita el uso de fuentes confiables y no permite navegar de forma segura. Con esta premisa, la periodista verificadora ecuatoriana trabaja con Lupa Media el programa piloto denominado <em>Liga contra la Desinformaci\u00f3n<\/em>, cuyo objetivo es educar y ser un <em>escape room <\/em>(juego de escape) de la desinformaci\u00f3n. La propuesta est\u00e1 planteada para instituciones educativas en las ciudades de Quito, Guayaquil y Cuenca.<\/p>\n\n\n\n<p>\u201cTodos debemos convertirnos en verificadores\u201d, mencion\u00f3 Bazante. Para ello, <strong>es indispensable comprender c\u00f3mo se manipulan nuestras emociones con contenidos falsos<\/strong>, y c\u00f3mo la pr\u00e1ctica, m\u00e1s que la teor\u00eda, permite desarrollar un pensamiento cr\u00edtico real.<\/p>\n\n\n\n<figure class=\"wp-block-image size-large\"><img loading=\"lazy\" decoding=\"async\" width=\"1024\" height=\"688\" src=\"https:\/\/www.oime.com.ec\/wp-content\/uploads\/Un-pais-hiperconectado-1024x688.jpg\" alt=\"\" class=\"wp-image-2142\" srcset=\"https:\/\/www.oime.com.ec\/wp-content\/uploads\/Un-pais-hiperconectado-1024x688.jpg 1024w, https:\/\/www.oime.com.ec\/wp-content\/uploads\/Un-pais-hiperconectado-300x201.jpg 300w, https:\/\/www.oime.com.ec\/wp-content\/uploads\/Un-pais-hiperconectado-768x516.jpg 768w, https:\/\/www.oime.com.ec\/wp-content\/uploads\/Un-pais-hiperconectado-1536x1032.jpg 1536w, https:\/\/www.oime.com.ec\/wp-content\/uploads\/Un-pais-hiperconectado-1170x786.jpg 1170w, https:\/\/www.oime.com.ec\/wp-content\/uploads\/Un-pais-hiperconectado.jpg 1608w\" sizes=\"(max-width: 1024px) 100vw, 1024px\" \/><figcaption class=\"wp-element-caption\">Informaci\u00f3n tomada de la presentaci\u00f3n de Carolina Bazante (Lupa Media). Esta imagen fue generada con inteligencia artificial (IA) mediante el modelo \u201cNovaGraph Studio\u201dde ChatGPT.<\/figcaption><\/figure>\n\n\n\n<h2 class=\"wp-block-heading\">Una regi\u00f3n interconectada por la desinformaci\u00f3n<\/h2>\n\n\n\n<h3 class=\"wp-block-heading\">Ana Laura Garc\u00eda Luna-Chequeado<\/h3>\n\n\n\n<p><\/p>\n\n\n\n<p>Ana Laura Garc\u00eda Luna present\u00f3 los resultados m\u00e1s recientes del monitoreo regional coordinado por <a href=\"https:\/\/chequeado.com\/conocenos\/\">Chequeado<\/a>, donde se analizaron tendencias de desinformaci\u00f3n en 16 pa\u00edses. Expres\u00f3 que <strong>la desinformaci\u00f3n<\/strong> <strong>viaja transnacionalmente<\/strong> y se adapta al contexto local, lo que requiere estrategias regionales coordinadas.<\/p>\n\n\n\n<figure class=\"wp-block-image size-large\"><img loading=\"lazy\" decoding=\"async\" width=\"1920\" height=\"1080\" src=\"https:\/\/www.oime.com.ec\/wp-content\/uploads\/6-1024x576.png\" alt=\"\" class=\"wp-image-2143\" srcset=\"https:\/\/www.oime.com.ec\/wp-content\/uploads\/6-1024x576.png 1024w, https:\/\/www.oime.com.ec\/wp-content\/uploads\/6-300x169.png 300w, https:\/\/www.oime.com.ec\/wp-content\/uploads\/6-768x432.png 768w, https:\/\/www.oime.com.ec\/wp-content\/uploads\/6-1536x864.png 1536w, https:\/\/www.oime.com.ec\/wp-content\/uploads\/6-1170x658.png 1170w, https:\/\/www.oime.com.ec\/wp-content\/uploads\/6.png 1920w\" sizes=\"(max-width: 1920px) 100vw, 1920px\" \/><figcaption class=\"wp-element-caption\">Esta imagen fue recreada con inteligencia artificial (IA) mediante el modelo \u201cNovaGraph Studio\u201dde ChatGPT. Fotograf\u00eda original: Hillary Robles y Jamileth Quingalombo.<\/figcaption><\/figure>\n\n\n\n<p>Cuatro grandes narrativas dominaron el \u00faltimo trimestre de 2025:<\/p>\n\n\n\n<ul class=\"wp-block-list\">\n<li><strong>Elecciones<\/strong>, especialmente encuestas falsas.<\/li>\n\n\n\n<li><strong>Salud<\/strong>, con contenidos enga\u00f1osos que persisten desde la pandemia de la COVID-19.<\/li>\n\n\n\n<li><strong>Contenido generado con inteligencia artificial (IA)<\/strong>, cada vez m\u00e1s sofisticado, un ejemplo es la imagen del Papa Francisco con un abrigo de la casa de moda espa\u00f1ola de lujo Balenciaga.<\/li>\n<\/ul>\n\n\n\n<p>De acuerdo con Garc\u00eda, <strong>las redes y los medios donde circula m\u00e1s desinformaci\u00f3n son<\/strong> <strong>TikTok y X<\/strong>. Estos espacios masifican la informaci\u00f3n, lo que hace que el usuario tenga una sobreexplotaci\u00f3n de esta y ya no pueda distinguir qu\u00e9 es cierto y qu\u00e9 no. &nbsp;Esto conduce a la aceptaci\u00f3n y la difusi\u00f3n de contenidos sin mayor an\u00e1lisis.<\/p>\n\n\n\n<p>En el mundo actual ya no basta con ense\u00f1ar qu\u00e9 es verdadero o falso. <strong>Ahora se debe comprender c\u00f3mo funcionan los algoritmos<\/strong>, c\u00f3mo moldean nuestros consumos, c\u00f3mo segmentan contenidos y c\u00f3mo construyen las burbujas informativas en las que convivimos. As\u00ed, lo puntualiz\u00f3 Ana Laura.<\/p>\n\n\n\n<figure class=\"wp-block-image size-large\"><img loading=\"lazy\" decoding=\"async\" width=\"1024\" height=\"410\" src=\"https:\/\/www.oime.com.ec\/wp-content\/uploads\/8-1024x410.jpg\" alt=\"\" class=\"wp-image-2144\" srcset=\"https:\/\/www.oime.com.ec\/wp-content\/uploads\/8-1024x410.jpg 1024w, https:\/\/www.oime.com.ec\/wp-content\/uploads\/8-300x120.jpg 300w, https:\/\/www.oime.com.ec\/wp-content\/uploads\/8-768x307.jpg 768w, https:\/\/www.oime.com.ec\/wp-content\/uploads\/8-1536x614.jpg 1536w, https:\/\/www.oime.com.ec\/wp-content\/uploads\/8-1170x468.jpg 1170w, https:\/\/www.oime.com.ec\/wp-content\/uploads\/8.jpg 1920w\" sizes=\"(max-width: 1024px) 100vw, 1024px\" \/><figcaption class=\"wp-element-caption\"><em><br><\/em>Cuadro informativo tomado de la presentaci\u00f3n de Ana Laura Garc\u00eda Luna (Chequeado).<\/figcaption><\/figure>\n\n\n\n<h2 class=\"wp-block-heading\">Ecuador: epicentro latinoamericano de los <em>deepfakes <\/em>pol\u00edticos<\/h2>\n\n\n\n<h3 class=\"wp-block-heading\">Alfredo Velazco\u2013Usuarios Digitales<\/h3>\n\n\n\n<p><\/p>\n\n\n\n<p>Uno de los datos m\u00e1s impactantes del foro vino de la intervenci\u00f3n de Alfredo Velazco, quien indic\u00f3 que, durante la campa\u00f1a presidencial de 2025, <a href=\"https:\/\/x.com\/usuariosdigital\"><strong>Usuarios Digitales<\/strong><\/a><strong> detect\u00f3<\/strong> <strong>m\u00e1s de 110 mil piezas con elementos de inteligencia artificial. <\/strong>\u201cEn ning\u00fan proceso electoral de la regi\u00f3n se hab\u00eda registrado un volumen similar\u201d, sostuvo.<\/p>\n\n\n\n<p>Velazco adicion\u00f3 que la desinformaci\u00f3n opera a trav\u00e9s de distintos <strong>vectores de propagaci\u00f3n<\/strong>, entre ellos:<\/p>\n\n\n\n<ul class=\"wp-block-list\">\n<li><em>Troll centers<\/em><\/li>\n\n\n\n<li>Partidarios pol\u00edticos<\/li>\n\n\n\n<li><em>Chatbots<\/em> automatizados<\/li>\n\n\n\n<li><em>Influencers<\/em><\/li>\n\n\n\n<li>Medios inaut\u00e9nticos<\/li>\n\n\n\n<li>Autoridades<\/li>\n\n\n\n<li>Agencias publicitarias<\/li>\n<\/ul>\n\n\n\n<p>Asimismo, compar\u00f3 la velocidad de propagaci\u00f3n con la malaria: un fen\u00f3meno que parece tan inofensivo, pero sigue en el puesto n\u00famero cuatro de las muertes mortales a nivel mundial. Con esta met\u00e1fora se mostr\u00f3 que de la misma manera funcionan los contenidos enga\u00f1osos.<\/p>\n\n\n\n<p>Para Velazco, hay que superar el enfoque tradicional del <em>fact-checking<\/em>, donde \u201cverificar pieza por pieza es como reaccionar a cada picadura\u201d. El verdadero reto para \u00e9l es <strong>desmantelar las redes que producen y distribuyen la desinformaci\u00f3n<\/strong>, muchas de ellas vinculadas a empresas transnacionales que operan simult\u00e1neamente en Ecuador, M\u00e9xico, Argentina y Chile.<\/p>\n\n\n<div class=\"wp-block-image\">\n<figure class=\"aligncenter size-large is-resized\"><img loading=\"lazy\" decoding=\"async\" width=\"880\" height=\"1024\" src=\"https:\/\/www.oime.com.ec\/wp-content\/uploads\/9.png-880x1024.jpg\" alt=\"\" class=\"wp-image-2145\" style=\"aspect-ratio:0.8593899865720315;width:575px;height:auto\" srcset=\"https:\/\/www.oime.com.ec\/wp-content\/uploads\/9.png-880x1024.jpg 880w, https:\/\/www.oime.com.ec\/wp-content\/uploads\/9.png-258x300.jpg 258w, https:\/\/www.oime.com.ec\/wp-content\/uploads\/9.png-768x894.jpg 768w, https:\/\/www.oime.com.ec\/wp-content\/uploads\/9.png.jpg 928w\" sizes=\"(max-width: 880px) 100vw, 880px\" \/><figcaption class=\"wp-element-caption\">Alfredo Velazco (Usuarios Digitales) plante\u00f3 al p\u00fablico el desaf\u00edo de identificar cu\u00e1l de las im\u00e1genes que circularon en redes sobre Lavinia Valbonesi \u2014esposa del presidente Daniel Noboa\u2014 era aut\u00e9ntica, evidenciando la magnitud de los contenidos manipulados con IA en el pa\u00eds. Imagen recreada con inteligencia artificial (IA) mediante el modelo \u201cNovaGraph Studio\u201d de ChatGPT. Fotograf\u00eda original: Hillary Robles y Jamileth Quingalombo.<\/figcaption><\/figure>\n<\/div>\n\n\n<h2 class=\"wp-block-heading\">Cuando la desinformaci\u00f3n se convierte en espect\u00e1culo<\/h2>\n\n\n\n<h3 class=\"wp-block-heading\">Pamela Cruz-OIME<\/h3>\n\n\n\n<p><\/p>\n\n\n\n<p>Para cerrar el foro, Pamela J. Cruz conect\u00f3 el an\u00e1lisis acad\u00e9mico del <a href=\"https:\/\/www.oime.com.ec\/\">OIME<\/a> con el lenguaje del cine y el Universo Marvel para explicar c\u00f3mo operan las narrativas enga\u00f1osas. <strong>\u201cLas historias emocionan. Y la desinformaci\u00f3n tambi\u00e9n cuenta historias\u201d<\/strong>, se\u00f1al\u00f3 la investigadora, destacando que los contenidos falsos emplean recursos similares a los del s\u00e9ptimo arte: h\u00e9roes, villanos, giros dram\u00e1ticos y mensajes dise\u00f1ados para impactar.<\/p>\n\n\n\n<p>Desde el OIME se trabaja en dos frentes:<\/p>\n\n\n\n<ul class=\"wp-block-list\">\n<li><strong>Investigaci\u00f3n<\/strong> desde la verificaci\u00f3n, divulgaci\u00f3n y alfabetizaci\u00f3n medi\u00e1tica e informacional.<\/li>\n\n\n\n<li><strong>Formaci\u00f3n de audiencias<\/strong>, especialmente de j\u00f3venes universitarios que participan activamente en proyectos de an\u00e1lisis cr\u00edtico de medios.<\/li>\n<\/ul>\n\n\n\n<p>La apuesta del Observatorio es construir <strong>comunidades cr\u00edticas<\/strong>, capaces de analizar im\u00e1genes, sonidos y textos con la misma habilidad con que se interpreta una pel\u00edcula.<\/p>\n\n\n<div class=\"wp-block-image\">\n<figure class=\"aligncenter size-large is-resized\"><img loading=\"lazy\" decoding=\"async\" width=\"1024\" height=\"1024\" src=\"https:\/\/www.oime.com.ec\/wp-content\/uploads\/11.png-1024x1024.jpg\" alt=\"\" class=\"wp-image-2146\" style=\"width:464px;height:auto\" srcset=\"https:\/\/www.oime.com.ec\/wp-content\/uploads\/11.png-1024x1024.jpg 1024w, https:\/\/www.oime.com.ec\/wp-content\/uploads\/11.png-300x300.jpg 300w, https:\/\/www.oime.com.ec\/wp-content\/uploads\/11.png-150x150.jpg 150w, https:\/\/www.oime.com.ec\/wp-content\/uploads\/11.png-768x768.jpg 768w, https:\/\/www.oime.com.ec\/wp-content\/uploads\/11.png.jpg 1080w\" sizes=\"(max-width: 1024px) 100vw, 1024px\" \/><figcaption class=\"wp-element-caption\"><em>Pamela J. Cruz (OIME) explic\u00f3 c\u00f3mo la desinformaci\u00f3n usa recursos narrativos <\/em>propios del cine para convertir el enga\u00f1o en espect\u00e1culo, destacando la necesidad de formar audiencias cr\u00edticas y fortalecer la alfabetizaci\u00f3n medi\u00e1tica. Fotograf\u00eda: Hillary Robles y Jamileth Quingalombo.<\/figcaption><\/figure>\n<\/div>\n\n\n<h2 class=\"wp-block-heading\">Una lucha que necesita alianzas<\/h2>\n\n\n\n<p><\/p>\n\n\n\n<p>Este foro en el PerDebate 2025 no solo deja una gran lecci\u00f3n, sino que inserta una semilla de nuevos caminos hacia la alfabetizaci\u00f3n medi\u00e1tica e informacional:<\/p>\n\n\n\n<ul class=\"wp-block-list\">\n<li><strong>Educaci\u00f3n medi\u00e1tica<\/strong> para todas las edades.<\/li>\n\n\n\n<li><strong>Tecnolog\u00edas de verificaci\u00f3n adaptadas al uso de IA<\/strong>.<\/li>\n\n\n\n<li><strong>Monitoreos regionales<\/strong> que detecten tendencias y narrativas transnacionales.<\/li>\n\n\n\n<li><strong>Desarticulaci\u00f3n de redes sistem\u00e1ticas de desinformaci\u00f3n<\/strong>, no solo chequeo de contenidos.<\/li>\n\n\n\n<li><strong>Trabajo colaborativo<\/strong> entre medios, universidades, organizaciones de la sociedad civil y ciudadan\u00eda en general.<\/li>\n<\/ul>\n\n\n\n<p>Los ponentes coincidieron en que <strong>Ecuador enfrenta un desaf\u00edo particular por la magnitud y la sofisticaci\u00f3n de los contenidos manipulados<\/strong>. Pero tambi\u00e9n destacaron que el pa\u00eds cuenta con una comunidad acad\u00e9mica, digital y medi\u00e1tica comprometida, que est\u00e1 construyendo nuevas herramientas para fortalecer la democracia.<\/p>\n\n\n\n<figure class=\"wp-block-image size-large\"><img loading=\"lazy\" decoding=\"async\" width=\"1024\" height=\"576\" src=\"https:\/\/www.oime.com.ec\/wp-content\/uploads\/12-1024x576.png\" alt=\"\" class=\"wp-image-2147\" srcset=\"https:\/\/www.oime.com.ec\/wp-content\/uploads\/12-1024x576.png 1024w, https:\/\/www.oime.com.ec\/wp-content\/uploads\/12-300x169.png 300w, https:\/\/www.oime.com.ec\/wp-content\/uploads\/12-768x432.png 768w, https:\/\/www.oime.com.ec\/wp-content\/uploads\/12-1536x864.png 1536w, https:\/\/www.oime.com.ec\/wp-content\/uploads\/12-1170x658.png 1170w, https:\/\/www.oime.com.ec\/wp-content\/uploads\/12.png 1920w\" sizes=\"(max-width: 1024px) 100vw, 1024px\" \/><figcaption class=\"wp-element-caption\">Los or\u00edgenes, el prop\u00f3sito y los alcances de la alianza #UnVotoContraLaDesinformaci\u00f3n despu\u00e9s de cumplir un a\u00f1o en mayo de 2025.<\/figcaption><\/figure>\n\n\n\n<p><\/p>\n\n\n\n<h6 class=\"wp-block-heading\">Jamileth Quingalombo y Hillary Robles (Facso-UCE)<\/h6>\n\n\n\n<h6 class=\"wp-block-heading\">OIME News<\/h6>\n\n\n\n<p><\/p>\n","protected":false},"excerpt":{"rendered":"<p>La desinformaci\u00f3n dej\u00f3 de ser un fen\u00f3meno aislado para convertirse en una de las principales amenazas a nivel local y global. As\u00ed lo confirman los cuatro ponentes de Ecuador y Argentina que participaron en el foro \u201cVerificaci\u00f3n y alfabetizaci\u00f3n medi\u00e1tica en Ecuador\u201d durante el primer d\u00eda del Congreso Internacional Periodismo en Debate, m\u00e1s conocido como PerDebate.<\/p>\n","protected":false},"author":1,"featured_media":2155,"comment_status":"open","ping_status":"closed","sticky":false,"template":"","format":"image","meta":{"footnotes":""},"categories":[6],"tags":[],"class_list":["post-2135","post","type-post","status-publish","format-image","has-post-thumbnail","hentry","category-notas-informativas","post_format-post-format-image","three-columns"],"_links":{"self":[{"href":"https:\/\/www.oime.com.ec\/index.php?rest_route=\/wp\/v2\/posts\/2135","targetHints":{"allow":["GET"]}}],"collection":[{"href":"https:\/\/www.oime.com.ec\/index.php?rest_route=\/wp\/v2\/posts"}],"about":[{"href":"https:\/\/www.oime.com.ec\/index.php?rest_route=\/wp\/v2\/types\/post"}],"author":[{"embeddable":true,"href":"https:\/\/www.oime.com.ec\/index.php?rest_route=\/wp\/v2\/users\/1"}],"replies":[{"embeddable":true,"href":"https:\/\/www.oime.com.ec\/index.php?rest_route=%2Fwp%2Fv2%2Fcomments&post=2135"}],"version-history":[{"count":4,"href":"https:\/\/www.oime.com.ec\/index.php?rest_route=\/wp\/v2\/posts\/2135\/revisions"}],"predecessor-version":[{"id":2154,"href":"https:\/\/www.oime.com.ec\/index.php?rest_route=\/wp\/v2\/posts\/2135\/revisions\/2154"}],"wp:featuredmedia":[{"embeddable":true,"href":"https:\/\/www.oime.com.ec\/index.php?rest_route=\/wp\/v2\/media\/2155"}],"wp:attachment":[{"href":"https:\/\/www.oime.com.ec\/index.php?rest_route=%2Fwp%2Fv2%2Fmedia&parent=2135"}],"wp:term":[{"taxonomy":"category","embeddable":true,"href":"https:\/\/www.oime.com.ec\/index.php?rest_route=%2Fwp%2Fv2%2Fcategories&post=2135"},{"taxonomy":"post_tag","embeddable":true,"href":"https:\/\/www.oime.com.ec\/index.php?rest_route=%2Fwp%2Fv2%2Ftags&post=2135"}],"curies":[{"name":"wp","href":"https:\/\/api.w.org\/{rel}","templated":true}]}}