{"id":2163,"date":"2026-01-20T10:29:40","date_gmt":"2026-01-20T15:29:40","guid":{"rendered":"https:\/\/www.oime.com.ec\/?p=2163"},"modified":"2026-02-02T17:09:55","modified_gmt":"2026-02-02T22:09:55","slug":"educacion-financiera-y-economia-para-todas-las-edades-iniciativas-que-conectan-en-america-latina","status":"publish","type":"post","link":"https:\/\/www.oime.com.ec\/?p=2163","title":{"rendered":"Educaci\u00f3n financiera y econom\u00eda para todas las edades: iniciativas que conectan en Am\u00e9rica Latina"},"content":{"rendered":"\n<h5 class=\"wp-block-heading\"><strong>De seguro, la \u2018pipol\u2019 escucha las palabras \u00abeconom\u00eda<strong>\u00bb<\/strong> o \u00abfinanzas<strong>\u00bb<\/strong> y quiere salir corriendo, porque cree que esto es solo para los economistas, los acad\u00e9micos o los expertos. Pero no, <\/strong>los temas econ\u00f3micos y financieros deber\u00edan importarnos a todos, pues son parte de nuestra vida diaria, aunque muchas veces no lo percibamos. <strong>Lo que s\u00ed es cierto es que, si se utiliza un lenguaje confuso o con muchos tecnicismos, no se podr\u00e1 comprender con facilidad. Por otro lado, si desde la ni\u00f1ez, a trav\u00e9s de la educaci\u00f3n, se fortalecen las capacidades financieras de las poblaciones, no solo se fomentar\u00e1 una cultura saludable del ahorro, sino de la gesti\u00f3n adecuada de otros recursos como el tiempo y los servicios b\u00e1sicos para generar bienestar financiero individual y colectivo.<\/strong><\/h5>\n\n\n\n<p><\/p>\n\n\n\n<p>En Latinoam\u00e9rica existen iniciativas que acercan la econom\u00eda y las finanzas a la gente. En esta nota, te contamos las experiencias de dos pa\u00edses: Ecuador y Colombia. Desde la academia, Viviana Espinoza, directora de la <a href=\"https:\/\/www.utpl.edu.ec\/carreras\/finanzas\">carrera de Finanzas de la Universidad T\u00e9cnica Particular de Loja (UTPL)<\/a>, comenta sobre los proyectos enfocados en fortalecer la educaci\u00f3n financiera en Ecuador. Uno de ellos es <strong>la <em>Global Money Week-GMW <\/em>(La Semana Mundial del Dinero)<\/strong>, trabajada desde 2023 de forma anual con la <a href=\"https:\/\/www.seps.gob.ec\/institucion\/que-es-la-seps\/\">Superintendencia de Econom\u00eda Popular y Solidaria<\/a>. <strong>Esta propuesta incluye actividades l\u00fadicas, procesos de formaci\u00f3n y capacitaci\u00f3n dirigidos principalmente a estudiantes de bachillerato.<\/strong> El prop\u00f3sito es involucrar a los colegiales en una competencia individual y grupal de conocimientos financieros, experiencia que los faculta a transmitir estos aprendizajes a sus familias. Pero sin duda, el desaf\u00edo para la academia es incidir en la pol\u00edtica p\u00fablica con el fin de que la poblaci\u00f3n alcance bienestar financiero.<\/p>\n\n\n\n<figure class=\"wp-block-video\"><video height=\"1080\" style=\"aspect-ratio: 1920 \/ 1080;\" width=\"1920\" controls src=\"https:\/\/www.oime.com.ec\/wp-content\/uploads\/4-Viviana-Espinoza-1.mp4\"><\/video><\/figure>\n\n\n\n<p>Desde el periodismo, el diario digital <a href=\"https:\/\/www.primicias.ec\/quienes-somos\/\"><strong>Primicias<\/strong><\/a><strong> aborda los asuntos econ\u00f3micos de Ecuador para una audiencia no especializada, combinando datos e historias que trasladan al lector de un panorama general a situaciones particulares.<\/strong> M\u00f3nica Orozco, editora de Econom\u00eda en Primicias, cuenta que en la sala de redacci\u00f3n se consideran tres aspectos para construir un reporte. Lo primero que se hace es aterrizar los temas macroecon\u00f3micos, que suelen ser muy t\u00e9cnicos, a la cotidianidad de la gente. \u00abLo que se debe pensar siempre es c\u00f3mo esto le afecta\u00bb, pondera. El segundo paso es sustentar la tem\u00e1tica con datos, pues no se trata solo de imaginar que algo podr\u00eda incidir en la poblaci\u00f3n con base en una experiencia personal. Son precisamente los datos el punto de partida para evidenciar un problema que debe ser tratado m\u00e1s a fondo. Por ello, el tercer paso es localizar testimonios de personas que est\u00e9n atravesando esa problem\u00e1tica. As\u00ed, el dato refleja que no se trata de un caso particular y el testimonio traduce a las cifras en una realidad pr\u00f3xima. Adem\u00e1s, si el tema lo amerita, se cierra la nota con recomendaciones de expertos.<\/p>\n\n\n\n<figure class=\"wp-block-video\"><video height=\"1080\" style=\"aspect-ratio: 1920 \/ 1080;\" width=\"1920\" controls src=\"https:\/\/www.oime.com.ec\/wp-content\/uploads\/3-Monica-Orozco-1.mp4\"><\/video><\/figure>\n\n\n\n<p>En Colombia, el libro <a href=\"https:\/\/www.economiaparalapipol.com\/el-parche\/tienda\/libro-de-economia-para-la-pipol\/\"><em>Econom\u00eda para la pipol: Manual tranqui para manejar el dinero<\/em><\/a> trata sobre impuestos, modelos tributarios, pensiones, liquidaciones en las empresas, mercado laboral, relaci\u00f3n entre cambio clim\u00e1tico y econom\u00eda, tasas de inter\u00e9s, inflaci\u00f3n, pol\u00edticas econ\u00f3micas y otros asuntos que afectan a la gente com\u00fan y corriente. Este texto segmentado en ocho cap\u00edtulos fue escrito por tres j\u00f3venes periodistas: Valerie Cifuentes, Mar\u00eda Camila Gonz\u00e1lez y Ang\u00e9lica G\u00f3mez. Las tres son cofundadoras del medio digital <a href=\"https:\/\/www.economiaparalapipol.com\/\"><strong><em>Econom\u00eda para la pipol<\/em><\/strong><\/a>, que <strong>desde hace cuatro a\u00f1os aterriza temas complejos de la macro y la microeconom\u00eda<\/strong>, las finanzas y los negocios <strong>en un lenguaje sencillo y con el dialecto colombiano<\/strong> en sus distintas cuentas de redes y\u00a0 medios sociodigitales (<a href=\"https:\/\/www.instagram.com\/economiaparalapipol\/\">Instagram<\/a>, <a href=\"https:\/\/www.facebook.com\/Economiaparalapipol\/\">Facebook<\/a>, <a href=\"https:\/\/www.tiktok.com\/@economiaparalapipol\">TikTok<\/a>, <a href=\"https:\/\/x.com\/economiapipol?lang=es\">X<\/a>, <a href=\"https:\/\/www.youtube.com\/@economiaparalapipol\">YouTube<\/a>, <a href=\"https:\/\/open.spotify.com\/show\/10I6ffUwEVtLhjC5WeuS6j\">Spotify<\/a>).<\/p>\n\n\n\n<figure class=\"wp-block-image size-large\"><img fetchpriority=\"high\" decoding=\"async\" width=\"1024\" height=\"576\" src=\"https:\/\/www.oime.com.ec\/wp-content\/uploads\/2-Autoras-del-libro-EPLP-1024x576.png\" alt=\"\" class=\"wp-image-2166\" srcset=\"https:\/\/www.oime.com.ec\/wp-content\/uploads\/2-Autoras-del-libro-EPLP-1024x576.png 1024w, https:\/\/www.oime.com.ec\/wp-content\/uploads\/2-Autoras-del-libro-EPLP-300x169.png 300w, https:\/\/www.oime.com.ec\/wp-content\/uploads\/2-Autoras-del-libro-EPLP-768x432.png 768w, https:\/\/www.oime.com.ec\/wp-content\/uploads\/2-Autoras-del-libro-EPLP-1536x864.png 1536w, https:\/\/www.oime.com.ec\/wp-content\/uploads\/2-Autoras-del-libro-EPLP-1170x658.png 1170w, https:\/\/www.oime.com.ec\/wp-content\/uploads\/2-Autoras-del-libro-EPLP.png 1920w\" sizes=\"(max-width: 1024px) 100vw, 1024px\" \/><\/figure>\n\n\n\n<h2 class=\"wp-block-heading\">\u00bfC\u00f3mo hablar de econom\u00eda y finanzas a lo \u2018chill\u2019 desde la academia y las plataformas digitales?<\/h2>\n\n\n\n<figure class=\"wp-block-image size-large\"><img decoding=\"async\" width=\"1024\" height=\"576\" src=\"https:\/\/www.oime.com.ec\/wp-content\/uploads\/4-Meme-1-1024x576.png\" alt=\"\" class=\"wp-image-2167\" srcset=\"https:\/\/www.oime.com.ec\/wp-content\/uploads\/4-Meme-1-1024x576.png 1024w, https:\/\/www.oime.com.ec\/wp-content\/uploads\/4-Meme-1-300x169.png 300w, https:\/\/www.oime.com.ec\/wp-content\/uploads\/4-Meme-1-768x432.png 768w, https:\/\/www.oime.com.ec\/wp-content\/uploads\/4-Meme-1-1536x864.png 1536w, https:\/\/www.oime.com.ec\/wp-content\/uploads\/4-Meme-1-1170x658.png 1170w, https:\/\/www.oime.com.ec\/wp-content\/uploads\/4-Meme-1.png 1920w\" sizes=\"(max-width: 1024px) 100vw, 1024px\" \/><\/figure>\n\n\n\n<h3 class=\"wp-block-heading\">La educaci\u00f3n financiera m\u00e1s all\u00e1 de la noci\u00f3n del ahorro<\/h3>\n\n\n\n<p><\/p>\n\n\n\n<p><strong><strong>\u00ab<\/strong>La educaci\u00f3n financiera no es solo un tema de ahorro. Es saber utilizar los recursos de manera apropiada, de invertir y ahorrar no solo dinero, sino tambi\u00e9n tiempo y servicios b\u00e1sicos\u00bb<\/strong>, esclarece Viviana Espinoza. Por eso, a los j\u00f3venes se les ense\u00f1a sobre la necesidad de mantener las finanzas en orden, qu\u00e9 son los ingresos, los gastos, el presupuesto, cu\u00e1ndo y por qu\u00e9 invertir. Estos conocimientos los llevan a desarrollar otras competencias como el trabajo colaborativo o bajo presi\u00f3n y una gesti\u00f3n \u00f3ptima del tiempo, as\u00ed como el manejo responsable de los distintos recursos. Para determinar esto, en los procesos de formaci\u00f3n se realizan evaluaciones iniciales y finales a los estudiantes. Con la evaluaci\u00f3n final se reconocen los conocimientos y las competencias que se lograron fortalecer, as\u00ed tambi\u00e9n aquello que el estudiante puede trasladar a su ambiente familiar m\u00e1s cercano. Espinoza detalla que la metodolog\u00eda de la evaluaci\u00f3n final a\u00fan no est\u00e1 totalmente definida y que su estructura est\u00e1 siendo trabajada con instituciones financieras y no financieras.<\/p>\n\n\n\n<p>En otro aspecto, Espinoza se\u00f1ala que las distintas poblaciones con las que la carrera de Finanzas de la UTPL ha trabajado con un enfoque de formaci\u00f3n diferenciado evidencian un desconocimiento generalizado de algunos elementos b\u00e1sicos sobre cultura financiera. Esto incluso ocurre con estudiantes universitarios que no siguen la carrera de Finanzas o con socios de cooperativas de ahorro y cr\u00e9dito. <strong>\u00abEl hecho de que se tenga un t\u00edtulo de tercer nivel no garantiza que se tenga un conocimiento de la gesti\u00f3n de los recursos\u00bb<\/strong>, demuestra.<\/p>\n\n\n\n<p>La docente puntualiza que las capacidades financieras tienen tres componentes importantes: conocimiento, comportamiento y actitud. <strong>En una comparativa regional, aunque los niveles de conocimiento de los habitantes de Ecuador no son tan bajos, en comportamiento y actitud se ubican por debajo de la media de los dem\u00e1s pa\u00edses latinoamericanos<\/strong>. \u00abEl comportamiento y la actitud son los que definen c\u00f3mo nos relacionamos con el dinero\u00bb, precisa Espinoza. A esto adiciona que existen creencias acentuadas desde la ni\u00f1ez que reproducen la idea de que \u00abel dinero es malo\u00bb o \u00abno trae la felicidad\u00bb. Esto conlleva una relaci\u00f3n negativa con el dinero, lo que hace inferir que de esa misma manera ser\u00e1 usado. En cambio, si se lo ve como un mecanismo para tener libertad financiera, bienestar, mejorar a nivel profesional y personal, este recurso se utilizar\u00e1 de manera m\u00e1s inteligente.<\/p>\n\n\n\n<p>Sobre el bienestar financiero en el pa\u00eds, este disminuy\u00f3 sustancialmente en la poblaci\u00f3n luego de salir de la pandemia de la COVID-19 y ante la actual crisis de seguridad que vive el pa\u00eds, expresa Espinoza.\u00a0<strong>\u00abLa pregunta clave es: Si perdieras tu empleo: \u00bfQu\u00e9 tiempo podr\u00edas mantenerte? Eso est\u00e1 relacionado con la libertad financiera\u00bb<\/strong>, ejemplifica.<\/p>\n\n\n\n<figure class=\"wp-block-video\"><video height=\"1080\" style=\"aspect-ratio: 1920 \/ 1080;\" width=\"1920\" controls src=\"https:\/\/www.oime.com.ec\/wp-content\/uploads\/5-Viviana-Espinoza-2.mp4\"><\/video><\/figure>\n\n\n\n<h3 class=\"wp-block-heading\">De la experiencia en el ecosistema digital al papel<\/h3>\n\n\n\n<p><\/p>\n\n\n\n<p>En 2025, <em>Econom\u00eda para la pipol<\/em> pas\u00f3 de lo digital a ofrecer tambi\u00e9n sus contenidos en un libro f\u00edsico. El Observatorio Interuniversitario de Medios Ecuatorianos (OIME) convers\u00f3 con dos de las autoras: Valerie Cifuentes y Mar\u00eda Camila Gonz\u00e1lez, para conocer con m\u00e1s detalles sobre c\u00f3mo surgi\u00f3 esta iniciativa.<\/p>\n\n\n\n<p>Mar\u00eda Camila indica que <strong>el libro se convierte en un medio para llegar a la gente con contenidos m\u00e1s profundos.<\/strong> Esa es la principal ventaja frente a lo que se publica en las plataformas digitales, donde sus estructuras exigen que los temas sean tratados de forma bastante breve para enganchar con los usuarios. En ese escenario, la obra textual no se hizo solo para los seguidores del medio digital, sino tambi\u00e9n para llegar al p\u00fablico <em>offline<\/em>, as\u00ed como atender las angustias y las necesidades de comprensi\u00f3n sobre econom\u00eda de distintas audiencias: las que est\u00e1n y no est\u00e1n en pantalla.<\/p>\n\n\n\n<p>Para traducir <strong>las tem\u00e1ticas sobre econom\u00eda a un lenguaje digerible<\/strong>, Mar\u00eda Camila revela que esto <strong>demanda todo un proceso que inicia por entender aquello que se quiere explicar<\/strong>. Esto, a su vez, requiere una <strong>reporter\u00eda period\u00edstica<\/strong> con entrevistas y lecturas de informes. Por eso, aunque los contenidos que se presentan en las redes digitalizadas se caracterizan por acoplarse a un formato muy <em>light<\/em>, detr\u00e1s de este trabajo hay toda una investigaci\u00f3n seria y rigurosa. \u201cNo son contenidos r\u00e1pidos de hacer, como se cree. No se trata de replicar informaci\u00f3n, sino de entenderla para saberla contar\u201d, resalta la directora ejecutiva de <em>Econom\u00eda para la pipol.<\/em><\/p>\n\n\n\n<figure class=\"wp-block-video\"><video height=\"1080\" style=\"aspect-ratio: 1920 \/ 1080;\" width=\"1920\" controls src=\"https:\/\/www.oime.com.ec\/wp-content\/uploads\/5-Maria-Camila-Gonzalez-1.mp4\"><\/video><\/figure>\n\n\n\n<h2 class=\"wp-block-heading\">\u00bfCu\u00e1les son los temas econ\u00f3micos que m\u00e1s inquietan a la \u2018pipol\u2019?<\/h2>\n\n\n\n<h3 class=\"wp-block-heading\">El empleo, la jubilaci\u00f3n o la pensi\u00f3n<\/h3>\n\n\n\n<figure class=\"wp-block-image size-large\"><img decoding=\"async\" width=\"1024\" height=\"576\" src=\"https:\/\/www.oime.com.ec\/wp-content\/uploads\/6-Meme-2-1024x576.png\" alt=\"\" class=\"wp-image-2172\" srcset=\"https:\/\/www.oime.com.ec\/wp-content\/uploads\/6-Meme-2-1024x576.png 1024w, https:\/\/www.oime.com.ec\/wp-content\/uploads\/6-Meme-2-300x169.png 300w, https:\/\/www.oime.com.ec\/wp-content\/uploads\/6-Meme-2-768x432.png 768w, https:\/\/www.oime.com.ec\/wp-content\/uploads\/6-Meme-2-1536x864.png 1536w, https:\/\/www.oime.com.ec\/wp-content\/uploads\/6-Meme-2-1170x658.png 1170w, https:\/\/www.oime.com.ec\/wp-content\/uploads\/6-Meme-2.png 1920w\" sizes=\"(max-width: 1024px) 100vw, 1024px\" \/><\/figure>\n\n\n\n<p>En <strong>Ecuador,<\/strong> <strong>el sistema de jubilaci\u00f3n est\u00e1 administrado por el Instituto Ecuatoriano de Seguridad Social (IESS).<\/strong> En su portal web se indica que se ofrecen tres modalidades, siendo la m\u00e1s com\u00fan la jubilaci\u00f3n por vejez. Las otras dos corresponden a invalidez para personas que pierden su capacidad laboral o por discapacidad para los afiliados con condiciones especiales de salud. <strong>Los aportes econ\u00f3micos se realizan al IESS y son obligatorios para todos los trabajadores que se encuentran en relaci\u00f3n de dependencia o para afiliados voluntarios.<\/strong> El aporte corresponde al 20.60% del Salario B\u00e1sico Unificado (SBU). Este porcentaje es dividido entre el trabajador que aporta con el 9.45% y el empleador que paga el 11.15%.<\/p>\n\n\n\n<p>Ahora bien, <strong>en Ecuador, hasta septiembre de 2025, el Instituto Nacional de Estad\u00edstica y Censos (INEC) inform\u00f3 que solo <\/strong><a href=\"https:\/\/app.powerbi.com\/view?r=eyJrIjoiYmNmYjdiMTYtODE3Mi00YjMyLWI2NzAtYjIxZGRhZGMwOTI1IiwidCI6ImYxNThhMmU4LWNhZWMtNDQwNi1iMGFiLWY1ZTI1OWJkYTExMiJ9\"><strong>25 de cada 100 personas tienen un empleo registrado en la seguridad social.<\/strong><\/a> Orozco explica que, a pesar de que el pa\u00eds no tiene las tasas m\u00e1s altas de desempleo (3.2% hasta octubre de 2025) en comparaci\u00f3n con otros pa\u00edses de la regi\u00f3n, la problem\u00e1tica que se enfrenta es la de la informalidad laboral. En octubre de 2025, <a href=\"https:\/\/cubos.inec.gob.ec\/visenemdu\/\"><strong>la tasa de subempleo fue del 21.2% y la de empleo no pleno del 30.4%<\/strong><\/a>. Esto significa que m\u00e1s de la mitad de la poblaci\u00f3n econ\u00f3micamente activa est\u00e1 en la informalizaci\u00f3n, lo que se convierte en un problema, pues quienes no tienen acceso a un contrato laboral, tampoco cuentan con seguridad social ni perciben un salario m\u00ednimo que para 2026 se fij\u00f3 en USD 482. \u201cTodo esto vulnera derechos laborales\u201d, apunta la especialista en periodismo econ\u00f3mico.<\/p>\n\n\n\n<p>A lo antes expuesto, Orozco agrega que <strong>las personas, ante la falta de un empleo formal, tambi\u00e9n optan por lo que se conoce como \u00abpeque\u00f1os emprendimientos\u00bb, que en realidad encubren una forma de supervivencia sin ninguna garant\u00eda de dignidad.<\/strong> En cuanto al seguro social, argumenta que las m\u00faltiples deficiencias que presenta este sistema hacen que no resulte atractivo para sus beneficiarios, al punto que hoy en d\u00eda hay quienes prefieren renunciar a su derecho de afiliaci\u00f3n laboral, decisi\u00f3n que pone en riesgo el sostenimiento econ\u00f3mico en la vejez, pues m\u00e1s all\u00e1 del servicio de atenci\u00f3n m\u00e9dica que a\u00fan brinda el IESS, est\u00e1 la jubilaci\u00f3n. Es fundamental aclarar que los empleadores pueden enfrentar sanciones graves por no afiliar a sus empleados, aunque ellos lo pidan. Adem\u00e1s, los trabajadores pueden realizar denuncias an\u00f3nimas al IESS en caso de no ser afiliados.<\/p>\n\n\n\n<p>Por otra parte, en julio de 2025, el Gobierno Nacional del Ecuador anunci\u00f3 la desvinculaci\u00f3n de cinco mil funcionarios p\u00fablicos. En ese contexto, <strong>proliferan en las plataformas digitales propuestas de trabajo fraudulentas que inclusive suplantan la identidad de instituciones p\u00fablicas y privadas.<\/strong> Para proporcionarle a la ciudadan\u00eda informaci\u00f3n de calidad y oportuna, en el XSpace del OIME de septiembre se abord\u00f3 la <a href=\"https:\/\/www.youtube.com\/watch?v=z1ANy36cW64\">Desinformaci\u00f3n y el mercado laboral en tiempos de despidos.<\/a><\/p>\n\n\n\n<figure class=\"wp-block-video\"><video height=\"1080\" style=\"aspect-ratio: 1920 \/ 1080;\" width=\"1920\" controls src=\"https:\/\/www.oime.com.ec\/wp-content\/uploads\/7-Monica-Orozco-2.mp4\"><\/video><\/figure>\n\n\n\n<p>En <strong>Colombia, al igual que en Ecuador, uno de los temas que m\u00e1s inquieta a la sociedad son las pensiones.<\/strong> Valerie Cifuentes subraya que resulta complejo entender c\u00f3mo funciona el sistema pensional en su pa\u00eds. \u00abSeg\u00fan datos recopilados por Colpensiones, solo una de cada cuatro personas logra pensionarse; en el caso de las mujeres, la proporci\u00f3n disminuye a una de cada ocho. Esta cifra evidencia la brecha de g\u00e9nero\u00bb, argumenta la directora creativa de <em>Econom\u00eda para la pipol.<\/em><\/p>\n\n\n\n<p>Para Valerie, <strong>el desconocimiento es uno de los factores que juega en contra en el acceso a una pensi\u00f3n para la vejez<\/strong>, pues hay trabajadores que se encuentran en relaci\u00f3n de dependencia, pero no saben que su empleador o empleadora debe pagarle una pensi\u00f3n. En el caso de quienes laboran de forma independiente, pueden asumir el pago por cuenta propia con el fin de garantizar su tranquilidad en una nueva fase del ciclo de vida que es la tercera edad y donde se es m\u00e1s vulnerable. De ah\u00ed la importancia de aprender a comunicar estos temas y hacer un <em>call to action<\/em> o llamado a la acci\u00f3n por parte de la ciudadan\u00eda.<\/p>\n\n\n\n<h3 class=\"wp-block-heading\">La brecha de g\u00e9nero en el mercado laboral<\/h3>\n\n\n\n<figure class=\"wp-block-image size-large\"><img loading=\"lazy\" decoding=\"async\" width=\"1024\" height=\"576\" src=\"https:\/\/www.oime.com.ec\/wp-content\/uploads\/8-Meme-3-1024x576.png\" alt=\"\" class=\"wp-image-2174\" srcset=\"https:\/\/www.oime.com.ec\/wp-content\/uploads\/8-Meme-3-1024x576.png 1024w, https:\/\/www.oime.com.ec\/wp-content\/uploads\/8-Meme-3-300x169.png 300w, https:\/\/www.oime.com.ec\/wp-content\/uploads\/8-Meme-3-768x432.png 768w, https:\/\/www.oime.com.ec\/wp-content\/uploads\/8-Meme-3-1536x864.png 1536w, https:\/\/www.oime.com.ec\/wp-content\/uploads\/8-Meme-3-1170x658.png 1170w, https:\/\/www.oime.com.ec\/wp-content\/uploads\/8-Meme-3.png 1920w\" sizes=\"(max-width: 1024px) 100vw, 1024px\" \/><\/figure>\n\n\n\n<p><strong>\u00abEn Colombia hay una brecha de g\u00e9nero importante en el acceso al empleo. Las mujeres tienen menos oportunidades laborales que los hombres\u00bb<\/strong>, expone Mar\u00eda Camila. Si bien reconoce que, con el paso de los a\u00f1os, esa brecha se reduce, todav\u00eda persiste. Sustenta que en momentos de crisis como la pandemia de la COVID-19 (2020), esa inequidad de g\u00e9nero se increment\u00f3. Las mujeres que estaban en el mercado laboral en ese per\u00edodo tuvieron que renunciar a sus trabajos para dedicarse a las tareas del hogar.<\/p>\n\n\n\n<p>A lo anterior, se suma otra preocupaci\u00f3n, pues en los \u00faltimos tiempos, en <strong>Colombia<\/strong>, se evidencia un <strong>porcentaje creciente de mujeres que est\u00e1n dejando de buscar trabajo para dedicarse solo a los oficios del hogar. <\/strong>Mar\u00eda Camila afirma que esta din\u00e1mica incide en la econom\u00eda del pa\u00eds. \u00abHay economistas y analistas de datos que sostienen que, si hay m\u00e1s mujeres participando en el mercado laboral, la econom\u00eda nacional crece un mont\u00f3n\u00bb. A pesar de ello, considera que, adem\u00e1s de garantizar su participaci\u00f3n, es importante que existan pol\u00edticas p\u00fablicas para que no se las sobrecargue con las tareas de cuidado en el hogar, las mismas que deber\u00edan ser compartidas de manera equilibrada entre todos los miembros de la familia o recibir asistencia particular.<\/p>\n\n\n\n<p>Hablar de <strong>econom\u00eda en perspectiva de g\u00e9nero<\/strong> implica para Valerie no solo pensar que incluir a las mujeres en el mercado laboral es fructuoso para la econom\u00eda del pa\u00eds, sino tambi\u00e9n <strong>mirar los beneficios sociales y equitativos<\/strong>. \u00abTener un ingreso nos permite a las mujeres tener m\u00e1s herramientas para tomar decisiones sobre si permanecemos en una relaci\u00f3n o no y en qu\u00e9 condiciones. No tener autonom\u00eda econ\u00f3mica nos hace m\u00e1s propensas a la violencia de g\u00e9nero y es m\u00e1s dif\u00edcil salir de esas circunstancias\u00bb, reflexiona.<\/p>\n\n\n\n<p>En <strong>territorio<\/strong> <strong>ecuatoriano<\/strong>, la brecha de g\u00e9nero laboral tambi\u00e9n sigue siendo una problem\u00e1tica estructural que afecta la equidad y el desarrollo econ\u00f3mico del pa\u00eds. De acuerdo con cifras del INEC, en <strong>septiembre de 2025, <\/strong><a href=\"https:\/\/app.powerbi.com\/view?r=eyJrIjoiYmNmYjdiMTYtODE3Mi00YjMyLWI2NzAtYjIxZGRhZGMwOTI1IiwidCI6ImYxNThhMmU4LWNhZWMtNDQwNi1iMGFiLWY1ZTI1OWJkYTExMiJ9\"><strong>la tasa de ocupaci\u00f3n de los hombres fue del 57,67% frente al 42,33% de las mujeres<\/strong><\/a><strong>.<\/strong> Para M\u00f3nica Orozco, la participaci\u00f3n de las mujeres en el mercado laboral est\u00e1 vinculada a un problema cultural, pues son ellas las que dedican m\u00e1s horas a las tareas del hogar en contraste con los hombres. \u00abEso puede ser visto como una traba\u00bb, acent\u00faa. Por otro lado, la brecha no es solo laboral, sino tambi\u00e9n salarial. En ese sentido, se\u00f1ala que en el sector privado no hay transparencia con los salarios; eso podr\u00eda ocultar las diferenciaciones en las remuneraciones seg\u00fan el g\u00e9nero. Tambi\u00e9n cita un informe del Banco Mundial que determina con base cient\u00edfica que las empresas que tienen mujeres en cargos directivos son m\u00e1s exitosas que otras compa\u00f1\u00edas, adem\u00e1s de que la econom\u00eda es m\u00e1s din\u00e1mica en el tiempo cuando se reducen las brechas de g\u00e9nero.<\/p>\n\n\n\n<h2 class=\"wp-block-heading\">\u00bfC\u00f3mo la econom\u00eda y las finanzas inciden en las decisiones que se toman en las urnas?<\/h2>\n\n\n\n<figure class=\"wp-block-image size-large\"><img loading=\"lazy\" decoding=\"async\" width=\"1024\" height=\"576\" src=\"https:\/\/www.oime.com.ec\/wp-content\/uploads\/9-Meme-4-1024x576.png\" alt=\"\" class=\"wp-image-2175\" srcset=\"https:\/\/www.oime.com.ec\/wp-content\/uploads\/9-Meme-4-1024x576.png 1024w, https:\/\/www.oime.com.ec\/wp-content\/uploads\/9-Meme-4-300x169.png 300w, https:\/\/www.oime.com.ec\/wp-content\/uploads\/9-Meme-4-768x432.png 768w, https:\/\/www.oime.com.ec\/wp-content\/uploads\/9-Meme-4-1536x864.png 1536w, https:\/\/www.oime.com.ec\/wp-content\/uploads\/9-Meme-4-1170x658.png 1170w, https:\/\/www.oime.com.ec\/wp-content\/uploads\/9-Meme-4.png 1920w\" sizes=\"(max-width: 1024px) 100vw, 1024px\" \/><\/figure>\n\n\n\n<p><strong><em>Econom\u00eda para no votar a ciegas<\/em><\/strong> es uno de los cap\u00edtulos del libro y su prop\u00f3sito es contarle a la gente <strong>cu\u00e1l es el v\u00ednculo de las propuestas y las decisiones de los pol\u00edticos con la econom\u00eda de la poblaci\u00f3n. <\/strong>As\u00ed lo aclara Mar\u00eda Camila, quien sintetiza que \u00abcualquier voto puede impactar nuestro bolsillo\u00bb. Asimismo, en ese apartado se cuenta la historia de los modelos econ\u00f3micos que se han implementado en Colombia, as\u00ed como en otros pa\u00edses de Am\u00e9rica Latina y del mundo, para describir c\u00f3mo se ha configurado la econom\u00eda que en la actualidad se est\u00e1 viviendo. \u00a0\u00a0<\/p>\n\n\n\n<p>Valerie agrega que, <strong>en \u00e9poca electoral, las candidaturas apelan a las emociones de la ciudadan\u00eda y realizan propuestas demag\u00f3gicas como suprimir ciertos impuestos<\/strong>, entregar un n\u00famero cuantioso de casas, entre otras que supuestamente beneficiar\u00edan el bolsillo del pueblo. Complementa que conocer el modelo econ\u00f3mico que quieren ejecutar quienes aspiran a dirigir el pa\u00eds es fundamental para saber hacia d\u00f3nde pretenden conducir al pa\u00eds. De ah\u00ed que, para tomar decisiones informadas, el llamado es buscar fuentes de informaci\u00f3n confiables sobre todos los asuntos de inter\u00e9s p\u00fablico.<\/p>\n\n\n\n<figure class=\"wp-block-video\"><video height=\"1080\" style=\"aspect-ratio: 1920 \/ 1080;\" width=\"1920\" controls src=\"https:\/\/www.oime.com.ec\/wp-content\/uploads\/10-Valerie-Cifuentes.mp4\"><\/video><\/figure>\n\n\n\n<p>Un ejemplo de c\u00f3mo se utiliza la econom\u00eda con fines electorales en <strong>Ecuador <\/strong>se evidenci\u00f3 durante las Elecciones Generales de 2025. <strong>El entonces presidente-candidato Daniel Noboa anunci\u00f3 el 28 de marzo, apenas 15 d\u00edas antes de la segunda vuelta presidencial, la entrega de cinco bonos gubernamentales.<\/strong> Estos beneficios, destinados a productores agr\u00edcolas, emprendedores, familias vulnerables, propietarios de negocios populares, j\u00f3venes, polic\u00edas y militares, representaron un gasto aproximado de <strong>USD 560 millones<\/strong> para el Estado ecuatoriano. La medida fue ampliamente difundida por medios de comunicaci\u00f3n como <a href=\"https:\/\/www.teleamazonas.com\/bonos-anunciados-gobierno-daniel-noboa\/\"><strong>Teleamazonas<\/strong><\/a> y gener\u00f3 debate sobre el uso de recursos p\u00fablicos en el contexto electoral.<\/p>\n\n\n\n<p>De acuerdo con el an\u00e1lisis de la periodista econ\u00f3mica Orozco, Ecuador tiene un problema de d\u00e9ficit fiscal, debido a la ca\u00edda de la producci\u00f3n petrolera y a la falta de cobro de ciertos tributos. <strong>Cuestiona que, pese al \u00abhueco fiscal\u00bb que afronta el pa\u00eds, el actual Gobierno decidi\u00f3 entregar bonos que generaron egresos de millones de d\u00f3lares, lo que provoc\u00f3 un \u201csalto en el gasto p\u00fablico\u201d durante la campa\u00f1a electoral.<\/strong> \u00abSe entregaron esos bonos que, si bien pueden beneficiar a una parte de la poblaci\u00f3n, todav\u00eda tenemos una crisis grave de salud\u2026\u00bb, anota. Por eso, considera que es importante preguntarse si este tipo de ayudas econ\u00f3micas surgen en un contexto t\u00e9cnico o pol\u00edtico y si con ello se van a solucionar problemas estructurales como la pobreza.<\/p>\n\n\n\n<p>Al respecto, Viviana Espinoza ratifica que <strong>cuando se toman decisiones pol\u00edticas, estas tambi\u00e9n tienen una afectaci\u00f3n econ\u00f3mica y, en consecuencia, un impacto sobre el bienestar de la vida de la poblaci\u00f3n.<\/strong> \u00abLa sociedad ecuatoriana no tiene un bienestar financiero porque est\u00e1 preocupada si va a llegar a fin de mes\u2026 o si podr\u00e1 o no mantener su trabajo, y eso tambi\u00e9n afecta la votaci\u00f3n. Mientras m\u00e1s educados estemos financieramente, vamos a poder tomar mejores decisiones\u00bb\u00a0, concluye la catedr\u00e1tica.<\/p>\n\n\n\n<h2 class=\"wp-block-heading\">\u00bfDespu\u00e9s de esta nota qu\u00e9 pienso sobre la econom\u00eda y las finanzas?<\/h2>\n\n\n\n<figure class=\"wp-block-image size-large\"><img loading=\"lazy\" decoding=\"async\" width=\"1024\" height=\"576\" src=\"https:\/\/www.oime.com.ec\/wp-content\/uploads\/12-Meme-5-1024x576.png\" alt=\"\" class=\"wp-image-2177\" srcset=\"https:\/\/www.oime.com.ec\/wp-content\/uploads\/12-Meme-5-1024x576.png 1024w, https:\/\/www.oime.com.ec\/wp-content\/uploads\/12-Meme-5-300x169.png 300w, https:\/\/www.oime.com.ec\/wp-content\/uploads\/12-Meme-5-768x432.png 768w, https:\/\/www.oime.com.ec\/wp-content\/uploads\/12-Meme-5-1536x864.png 1536w, https:\/\/www.oime.com.ec\/wp-content\/uploads\/12-Meme-5-1170x658.png 1170w, https:\/\/www.oime.com.ec\/wp-content\/uploads\/12-Meme-5.png 1920w\" sizes=\"(max-width: 1024px) 100vw, 1024px\" \/><\/figure>\n\n\n\n<p>Sin duda, <strong>la econom\u00eda y las finanzas atraviesan distintos aspectos de la vida diaria y, tanto en Ecuador como en Colombia, se comparten situaciones similares<\/strong>, donde las desigualdades econ\u00f3micas, lejos de reducirse, se han acrecentado a\u00fan m\u00e1s. La buena noticia es que desde el periodismo y la academia se generan herramientas que conectan los diversos temas econ\u00f3micos y financieros con la gente.<\/p>\n\n\n\n<p>Dejando de lado la mirada positivista de que \u00abdato mata relato\u00bb, lo econ\u00f3mico y lo financiero no se reducen a lo num\u00e9rico, pues hay historias que contar desde el periodismo y la comunicaci\u00f3n. Con este enfoque es posible decir que el dato se sostiene con el relato y el relato con el dato. <strong>Al tomar las cifras, contextualizarlas y ponerles rostro, los asuntos econ\u00f3micos y financieros se vuelven accesibles al p\u00fablico.<\/strong><\/p>\n\n\n\n<figure class=\"wp-block-image size-large\"><img loading=\"lazy\" decoding=\"async\" width=\"1024\" height=\"576\" src=\"https:\/\/www.oime.com.ec\/wp-content\/uploads\/13-Meme-6-1024x576.png\" alt=\"\" class=\"wp-image-2178\" srcset=\"https:\/\/www.oime.com.ec\/wp-content\/uploads\/13-Meme-6-1024x576.png 1024w, https:\/\/www.oime.com.ec\/wp-content\/uploads\/13-Meme-6-300x169.png 300w, https:\/\/www.oime.com.ec\/wp-content\/uploads\/13-Meme-6-768x432.png 768w, https:\/\/www.oime.com.ec\/wp-content\/uploads\/13-Meme-6-1536x864.png 1536w, https:\/\/www.oime.com.ec\/wp-content\/uploads\/13-Meme-6-1170x658.png 1170w, https:\/\/www.oime.com.ec\/wp-content\/uploads\/13-Meme-6.png 1920w\" sizes=\"(max-width: 1024px) 100vw, 1024px\" \/><\/figure>\n\n\n\n<p><strong>Glosario<\/strong><\/p>\n\n\n\n<ul class=\"wp-block-list\">\n<li><strong><em>Chill: <\/em><\/strong>palabra que se volvi\u00f3 popular entre los j\u00f3venes para indicar relajaci\u00f3n o tranquilidad.<\/li>\n\n\n\n<li><strong><em>Light:<\/em><\/strong> ligero<\/li>\n\n\n\n<li><strong>P\u00fablico <em>offline<\/em>: <\/strong>personas que no est\u00e1n conectadas o solo consumen contenidos a trav\u00e9s de la Internet.<\/li>\n<\/ul>\n\n\n\n<p><\/p>\n\n\n\n<p>Tatiana Sandoval Pizarro<br>OIME News\u2013Facso\/UCE<br><a href=\"mailto:tatiana.sandoval@oime.com.ec\">tatiana.sandoval@oime.com.ec<\/a><br>Redacci\u00f3n |&nbsp;Ilustraciones<\/p>\n\n\n\n<p><\/p>\n","protected":false},"excerpt":{"rendered":"<p>De seguro, la \u2018pipol\u2019 escucha las palabras \u201ceconom\u00eda\u201d o \u201cfinanzas\u201d y quiere salir corriendo, porque cree que esto es solo para los economistas, los acad\u00e9micos o los expertos. Pero no, los temas econ\u00f3micos y financieros deber\u00edan importarnos a todos, pues son parte de nuestra vida diaria, aunque muchas veces no lo percibamos. Lo que s\u00ed es cierto es que, si se utiliza un lenguaje confuso o con muchos tecnicismos, no se podr\u00e1 comprender con facilidad. <\/p>\n","protected":false},"author":1,"featured_media":2164,"comment_status":"closed","ping_status":"closed","sticky":false,"template":"","format":"image","meta":{"footnotes":""},"categories":[6],"tags":[],"class_list":["post-2163","post","type-post","status-publish","format-image","has-post-thumbnail","hentry","category-notas-informativas","post_format-post-format-image","three-columns"],"_links":{"self":[{"href":"https:\/\/www.oime.com.ec\/index.php?rest_route=\/wp\/v2\/posts\/2163","targetHints":{"allow":["GET"]}}],"collection":[{"href":"https:\/\/www.oime.com.ec\/index.php?rest_route=\/wp\/v2\/posts"}],"about":[{"href":"https:\/\/www.oime.com.ec\/index.php?rest_route=\/wp\/v2\/types\/post"}],"author":[{"embeddable":true,"href":"https:\/\/www.oime.com.ec\/index.php?rest_route=\/wp\/v2\/users\/1"}],"replies":[{"embeddable":true,"href":"https:\/\/www.oime.com.ec\/index.php?rest_route=%2Fwp%2Fv2%2Fcomments&post=2163"}],"version-history":[{"count":6,"href":"https:\/\/www.oime.com.ec\/index.php?rest_route=\/wp\/v2\/posts\/2163\/revisions"}],"predecessor-version":[{"id":2188,"href":"https:\/\/www.oime.com.ec\/index.php?rest_route=\/wp\/v2\/posts\/2163\/revisions\/2188"}],"wp:featuredmedia":[{"embeddable":true,"href":"https:\/\/www.oime.com.ec\/index.php?rest_route=\/wp\/v2\/media\/2164"}],"wp:attachment":[{"href":"https:\/\/www.oime.com.ec\/index.php?rest_route=%2Fwp%2Fv2%2Fmedia&parent=2163"}],"wp:term":[{"taxonomy":"category","embeddable":true,"href":"https:\/\/www.oime.com.ec\/index.php?rest_route=%2Fwp%2Fv2%2Fcategories&post=2163"},{"taxonomy":"post_tag","embeddable":true,"href":"https:\/\/www.oime.com.ec\/index.php?rest_route=%2Fwp%2Fv2%2Ftags&post=2163"}],"curies":[{"name":"wp","href":"https:\/\/api.w.org\/{rel}","templated":true}]}}