{"id":2207,"date":"2026-03-12T08:03:50","date_gmt":"2026-03-12T13:03:50","guid":{"rendered":"https:\/\/www.oime.com.ec\/?p=2207"},"modified":"2026-03-12T08:07:04","modified_gmt":"2026-03-12T13:07:04","slug":"en-ecuador-la-defensa-por-los-dd-hh-tambien-se-hace-desde-el-periodismo","status":"publish","type":"post","link":"https:\/\/www.oime.com.ec\/?p=2207","title":{"rendered":"En Ecuador, la defensa por los DD.HH. tambi\u00e9n se hace desde el periodismo"},"content":{"rendered":"\n<p>Una investigaci\u00f3n acad\u00e9mica determin\u00f3 que cuando se sensibiliza a los periodistas en las coberturas migratorias con un enfoque de derechos humanos, se convierten en defensores.<\/p>\n\n\n\n<p>\u201cEcuador es un pa\u00eds que tradicionalmente ha vivido olas de emigraci\u00f3n e inmigraci\u00f3n muy fuertes; est\u00e1 en el coraz\u00f3n de eso\u201d, afirma Eric Samson, profesor de periodismo en la Universidad San Francisco de Quito (USFQ). Uno de los puntos m\u00e1s cr\u00edticos para la migraci\u00f3n en Ecuador se registr\u00f3 en 2024, que cerr\u00f3 como el segundo a\u00f1o con el mayor saldo migratorio desde 2017, cuando los datos se hicieron p\u00fablicos. Las cifras de la Subsecretar\u00eda de Migraci\u00f3n indican que, en ese a\u00f1o, 94.767 ecuatorianos se convirtieron en emigrantes.&nbsp; Adem\u00e1s, en el mismo a\u00f1o, la Organizaci\u00f3n Mundial para las Migraciones (OIM) determin\u00f3 que la nacionalidad ecuatoriana fue la m\u00e1s frecuente en el cruce del Tap\u00f3n del Dari\u00e9n.<\/p>\n\n\n\n<p>Estos hechos explican por qu\u00e9 la migraci\u00f3n ha tomado un espacio importante en las agendas period\u00edsticas, junto con temas recurrentes como la pol\u00edtica y la econom\u00eda. La investigaci\u00f3n constante de la tem\u00e1tica tambi\u00e9n justifica la importancia de las capacitaciones profesionales en las coberturas migratorias con un enfoque de derechos humanos. Com\u00fanmente, las coberturas migratorias informan sobre los peligros en las v\u00edas irregulares, la cantidad de personas que han perecido, como sucedi\u00f3 y dem\u00e1s \u00e1ngulos catastr\u00f3ficos. El periodismo con enfoque de derechos humanos propone conocer a los actores de las historias, sus situaciones y motivaciones, as\u00ed como el impacto interno de sus relatos. En otras palabras, se humaniza a las coberturas para pasar de presentar noticias fr\u00edas a historias palpables.<\/p>\n\n\n\n<p>En Ecuador se han registrado esfuerzos al respecto desde 2019, impartidos tanto por el sector p\u00fablico como por el privado. No obstante, pocas investigaciones cient\u00edficas han explicado c\u00f3mo cursos y capacitaciones sensibilizan a los profesionales, de modo que ellos tambi\u00e9n puedan sensibilizar a la poblaci\u00f3n. La investigaci\u00f3n \u201c<a href=\"https:\/\/revistas.usfq.edu.ec\/index.php\/perdebate\/article\/view\/3889\">Emigraci\u00f3n en 2024: principales cambios en las coberturas de siete periodistas<\/a>\u201d, publicada en la revista monogr\u00e1fica #PerDebate, se enfoc\u00f3 en un curso impartido en uno de los a\u00f1os clave para la migraci\u00f3n en Ecuador, 2024.<\/p>\n\n\n\n<p>Eric Samson explica que el departamento de Estados Unidos liber\u00f3 fondos para que en algunos pa\u00edses se promovieran reportajes que expliquen los peligros de la migraci\u00f3n irregular a trav\u00e9s de coberturas de campo. La USFQ obtuvo el presupuesto y desarroll\u00f3 un curso que cont\u00f3 con el apoyo del <em>Border Center for Journalists and Bloggers<\/em> (BCJB) y se llam\u00f3: <em>Coberturas migratorias hacia Estados Unidos: \u00bfel mito del sue\u00f1o americano?<\/em><\/p>\n\n\n\n<p>La investigaci\u00f3n acad\u00e9mica tom\u00f3 al curso como punto de partida, ya que este se realiz\u00f3 en un a\u00f1o con alto n\u00famero de salidas con trayectos migratorios no planificados o irregulares. El curso estuvo dividido en dos partes: primero, la sensibilizaci\u00f3n y la educaci\u00f3n de los profesionales; y segundo, la aplicaci\u00f3n de conocimientos por medio de coberturas en la frontera de M\u00e9xico-Estados Unidos. Esto posibilit\u00f3 una medici\u00f3n del trabajo profesional antes y despu\u00e9s.<\/p>\n\n\n\n<p>El curso seleccion\u00f3 a 10 becarios periodistas para que desarrollen los reportajes fronterizos. Este grupo conformado por siete mujeres y tres hombres se convirti\u00f3 en informante clave de la investigaci\u00f3n. Ellos ven\u00edan de cinco ciudades diferentes y desarrollaron sus trabajos en tres formatos distintos.<\/p>\n\n\n\n<h4 class=\"wp-block-heading\"><strong>Becarios y reportajes del curso <em>Coberturas migratorias hacia Estados Unidos: \u00bfel mito del sue\u00f1o americano?<\/em><\/strong><\/h4>\n\n\n\n<figure class=\"wp-block-table is-style-stripes\"><table class=\"has-fixed-layout\"><tbody><tr><td class=\"has-text-align-center\" data-align=\"center\"><strong>Nombre del periodista<\/strong><\/td><td class=\"has-text-align-center\" data-align=\"center\"><strong>Medio de comunicaci\u00f3n<\/strong><\/td><td class=\"has-text-align-center\" data-align=\"center\"><strong>Ciudad<\/strong><\/td><td class=\"has-text-align-center\" data-align=\"center\"><strong>Reportaje<\/strong><\/td><td class=\"has-text-align-center\" data-align=\"center\"><strong>Publicaci\u00f3n<\/strong><\/td><\/tr><tr><td class=\"has-text-align-center\" data-align=\"center\">Gabriela Castillo<\/td><td class=\"has-text-align-center\" data-align=\"center\"><em>Periodismo P\u00fablico<\/em><\/td><td class=\"has-text-align-center\" data-align=\"center\">Quito<\/td><td class=\"has-text-align-center\" data-align=\"center\"><a href=\"https:\/\/periodismopublicoec.com\/2024\/07\/22\/pagales-o-me-matan-la-lucha-de-los-ecuatorianos-extorsionados-en-la-frontera\/\">P\u00e1gales o me matan: la lucha de los ecuatorianos extorsionados en la frontera<\/a><\/td><td class=\"has-text-align-center\" data-align=\"center\">22\/07\/2024<\/td><\/tr><tr><td class=\"has-text-align-center\" data-align=\"center\">Mar\u00eda Bel\u00e9n Andrade<\/td><td class=\"has-text-align-center\" data-align=\"center\"><em>Visionarias EC<\/em><\/td><td class=\"has-text-align-center\" data-align=\"center\">Quito<\/td><td class=\"has-text-align-center\" data-align=\"center\"><a href=\"https:\/\/www.tiktok.com\/@visionariasec\/video\/7399819254855404805\">Extorsiones de coyoteros en TikTok<\/a><\/td><td class=\"has-text-align-center\" data-align=\"center\">07\/08\/2024<\/td><\/tr><tr><td class=\"has-text-align-center\" data-align=\"center\">Solange Herrera<\/td><td class=\"has-text-align-center\" data-align=\"center\"><em>Cocavisi\u00f3n<\/em><\/td><td class=\"has-text-align-center\" data-align=\"center\">Coca<\/td><td class=\"has-text-align-center\" data-align=\"center\"><a href=\"https:\/\/drive.google.com\/file\/d\/1C8BtINpdDWHbooR2fNfGo_lgHvkHs7k2\/view\">Abuso sexual a los migrantes hombres<\/a><\/td><td class=\"has-text-align-center\" data-align=\"center\">29\/07\/2024<\/td><\/tr><tr><td class=\"has-text-align-center\" data-align=\"center\">Stephy Paz<\/td><td class=\"has-text-align-center\" data-align=\"center\"><em>Teleamazonas<\/em><\/td><td class=\"has-text-align-center\" data-align=\"center\">Quito<\/td><td class=\"has-text-align-center\" data-align=\"center\"><a href=\"https:\/\/x.com\/teleamazonasec\/status\/1802810951995154556\">Abusos y riesgos a los que se enfrentan los migrantes que cruzan las fronteras de manera irregular<\/a><\/td><td class=\"has-text-align-center\" data-align=\"center\">18\/06\/2024<\/td><\/tr><tr><td class=\"has-text-align-center\" data-align=\"center\">Mihaela Badin<\/td><td class=\"has-text-align-center\" data-align=\"center\"><em>Post EC<\/em><\/td><td class=\"has-text-align-center\" data-align=\"center\">Cuenca<\/td><td class=\"has-text-align-center\" data-align=\"center\"><a href=\"https:\/\/www.facebook.com\/story.php?story_fbid=821485620109968&amp;id=100067456136453&amp;mibextid=WC7FNe&amp;rdid=9Yx1Cv4VALQCK1i7\">Secuestros y extorsiones en la ruta migrante hacia Estados Unidos<\/a><\/td><td class=\"has-text-align-center\" data-align=\"center\">30\/06\/2024<\/td><\/tr><tr><td class=\"has-text-align-center\" data-align=\"center\">Ilvar Jaramillo<\/td><td class=\"has-text-align-center\" data-align=\"center\"><em>Ecotel TV<\/em><\/td><td class=\"has-text-align-center\" data-align=\"center\">Loja<\/td><td class=\"has-text-align-center\" data-align=\"center\"><a href=\"https:\/\/www.facebook.com\/CadenaEcotel\/videos\/7923524201062103\/?rdid=cwVdHETiAnHCgssf\">Migrantes de grupos \u00e9tnicos de Ecuador En sus intentos por alcanzar el llamado \u00absue\u00f1o americano\u00bb<\/a><\/td><td class=\"has-text-align-center\" data-align=\"center\">11\/07\/2024<\/td><\/tr><tr><td class=\"has-text-align-center\" data-align=\"center\">Bessy Granja<\/td><td class=\"has-text-align-center\" data-align=\"center\"><em>Ecuavisa<\/em><\/td><td class=\"has-text-align-center\" data-align=\"center\">Quito<\/td><td class=\"has-text-align-center\" data-align=\"center\"><a href=\"https:\/\/www.ecuavisa.com\/mundo\/migrantes\/2024-07-01-cementerio-migrantes-desierto-falfurrias-brooks-estados-unidos-CJ7579756\">Un cementerio de migrantes es el desierto de Falfurrias, en Brooks, Estados Unidos<\/a><\/td><td class=\"has-text-align-center\" data-align=\"center\">01\/07\/2024<\/td><\/tr><tr><td class=\"has-text-align-center\" data-align=\"center\">Emilio Zamora<\/td><td class=\"has-text-align-center\" data-align=\"center\"><em>TC Televisi\u00f3n<\/em><\/td><td class=\"has-text-align-center\" data-align=\"center\">Quito<\/td><td class=\"has-text-align-center\" data-align=\"center\"><a href=\"https:\/\/www.instagram.com\/reel\/C8tKF-Xsno8COvBWxL7jTM5EhMnm8S0nwP8Hqg0\/\">IA: Impunidad en la frontera<\/a><\/td><td class=\"has-text-align-center\" data-align=\"center\">26\/06\/2024<\/td><\/tr><tr><td class=\"has-text-align-center\" data-align=\"center\">Lia Salvador<\/td><td class=\"has-text-align-center\" data-align=\"center\"><em>Vera a su Manera<\/em><\/td><td class=\"has-text-align-center\" data-align=\"center\">Guayaquil<\/td><td class=\"has-text-align-center\" data-align=\"center\"><a href=\"https:\/\/www.youtube.com\/watch?v=a8x4X2i3rxk&amp;list=PLJ9EAp2f--6atWVZpqWgmBSNIXs6sRibN&amp;index=4\">La salud mental y la migraci\u00f3n infantil<\/a><\/td><td class=\"has-text-align-center\" data-align=\"center\">31\/07\/2024<\/td><\/tr><tr><td class=\"has-text-align-center\" data-align=\"center\">Edwin Chamorro<\/td><td class=\"has-text-align-center\" data-align=\"center\"><em>HCBJ Radi<\/em>o<\/td><td class=\"has-text-align-center\" data-align=\"center\">Quito<\/td><td class=\"has-text-align-center\" data-align=\"center\"><a href=\"https:\/\/www.tiktok.com\/@radiohcjb\/video\/7397434791651478789?_d=secCgYIASAHKAESPgo8azDJGoaDr%2F5BQgOCfk3nklOQf1QOZr2NIlCsgo05O3MJrZbp8pi%2BCs%2F20uaQ6%2B94wuGiqGJvQXASRrvsGgA%3D&amp;_r=1&amp;share_app_id=1233&amp;share_item_id=7397434791651478789&amp;timestamp=1722355423&amp;u_code=db86k88ihi7cj8&amp;utm_campaign=client_share&amp;utm_source=short_fallback\">Migraci\u00f3n regular<\/a><\/td><td class=\"has-text-align-center\" data-align=\"center\">30\/07\/2024<\/td><\/tr><\/tbody><\/table><figcaption class=\"wp-element-caption\"><strong>*Elaboraci\u00f3n propia<\/strong><\/figcaption><\/figure>\n\n\n\n<p>Para conocer los impactos del curso, se aplic\u00f3 una metodolog\u00eda mixta que incluy\u00f3 entrevistas semiestructuradas y an\u00e1lisis de contenido. Las entrevistas, conducidas a lo largo de cuatro semanas, contaron con preguntas gu\u00eda sin que estas sean una camisa de fuerza. De modo que los periodistas puedan explayarse en las formas en las que el curso los sensibiliz\u00f3 en su profesi\u00f3n, les dot\u00f3 de herramientas y los prepar\u00f3 para la cobertura en la frontera.<\/p>\n\n\n\n<p>Por otro lado, el an\u00e1lisis de contenido permiti\u00f3 analizar los cambios en las narrativas y estructuras de los reportajes migratorios de los becarios antes y despu\u00e9s del curso. Esto evidenci\u00f3 las formas en las que evolucionaron hacia una cobertura con un enfoque de derechos humanos.<\/p>\n\n\n\n<h2 class=\"wp-block-heading\"><strong><strong>An\u00e1lisis cualitativo: La experiencia en 10 voces<\/strong><\/strong><\/h2>\n\n\n\n<p><\/p>\n\n\n\n<p>Ocho de los 10 informantes clave contaron que las lecciones ayudaron a ver que el periodismo de migraciones se enfoca en las historias humanas m\u00e1s que en los datos fr\u00edos. \u201cPara m\u00ed la movilidad humana, antes de este curso, era un problema m\u00e1s de los tantos que existen, no solo en Ecuador, en Am\u00e9rica Latina, sino en el mundo\u201d, cuenta Edwin Chamorro, de HCBJ Radio.<\/p>\n\n\n\n<p>Posterior al curso, los periodistas aplicaron nuevas t\u00e9cnicas con las que investigaban y reportaban la migraci\u00f3n con un enfoque de derechos humanos. Emilio Zamora, de TC Televisi\u00f3n, cuenta que \u201cantes lo ve\u00eda de lejos, tal vez un poco distante. Creo que esta iniciativa nos puso el escenario real en la piel y eso fue muy positivo porque nos hace ver realidades que desconoc\u00edamos. Eso fue muy impactante\u201d.<\/p>\n\n\n\n<p>Otras periodistas ya contaban con experiencia en periodismo de migraci\u00f3n. De hecho, una de ellas, Bessy Granja, de Ecuavisa, gan\u00f3 los premios Iris de Am\u00e9rica (Espa\u00f1a) y Eugenio Espejo (Ecuador) en 2024 por su reportaje <em>Infierno en el Dari\u00e9n,<\/em> que recuenta c\u00f3mo es la traves\u00eda para los ecuatorianos que optan por este paso irregular. La otra periodista fue Mihaela Badin, quien realiz\u00f3 una maestr\u00eda en antropolog\u00eda, la que le otorg\u00f3 el conocimiento necesario para contar historias sin revictimizar a los migrantes. Si bien Granja y Badin no reportaron mayores cambios tras ganar la beca, el programa les brind\u00f3 la oportunidad de realizar un reportaje en la frontera de M\u00e9xico\u2013Estados Unidos.<\/p>\n\n\n\n<h2 class=\"wp-block-heading\"><strong>An\u00e1lisis cuantitativo: hacia una cobertura con enfoque de derechos humanos<\/strong><\/h2>\n\n\n\n<p><\/p>\n\n\n\n<p>Se bas\u00f3 en el an\u00e1lisis de contenido, t\u00e9cnica con la que se compararon los trabajos sobre migraci\u00f3n, realizados por los becarios, publicados antes y despu\u00e9s del curso. Para el an\u00e1lisis posterior se tomaron en cuenta las publicaciones producidas en la frontera de M\u00e9xico-Estados Unidos. Para el antes, cada periodista seleccion\u00f3 uno de sus trabajos m\u00e1s significativos. Lamentablemente, por problemas t\u00e9cnicos, dos periodistas perdieron su trabajo anterior al curso y una tuvo que dejar el pa\u00eds por seguridad antes de compartir una publicaci\u00f3n sobre migraci\u00f3n previa al curso. Por ello, en total se analizaron 17 reportajes en tres formatos diferentes.<\/p>\n\n\n\n<p>Los resultados muestran que ahora los periodistas usan los t\u00e9rminos migratorios con mayor precisi\u00f3n, ampliaron su diversidad de fuentes, de un promedio de seis a ocho, y elaboran narrativas m\u00e1s emp\u00e1ticas, que se enfocan en las experiencias, mas no en el drama. Gabriela Castillo, de Periodismo P\u00fablico, describe su nueva metodolog\u00eda como un \u201cperiodismo de rostros, porque hay rostros y familias, porque quiere decir que voy a contar una historia\u201d.<\/p>\n\n\n\n<p>En 2025, el Observatorio de Derechos y Justicia (ODJ), con la colaboraci\u00f3n de la organizaci\u00f3n Chicas Poderosas Ecuador, public\u00f3 un manual de derechos humanos en el que detalla que cualquier persona cuyo trabajo incluya \u201cdenunciar abusos, brindar apoyo a v\u00edctimas de violaciones y promover reformas que impulsen la justicia y equidad social\u201d es un defensor de los derechos humanos. Bajo esta definici\u00f3n, Ecuador ahora cuenta con 10 defensores m\u00e1s de los derechos humanos. Este dato es de vital importancia, ya que los periodistas tienen la capacidad de moldear e influir en el pensamiento de la sociedad, lo que incluye su trato hacia los migrantes.<\/p>\n\n\n\n<h2 class=\"wp-block-heading\"><strong>Del paper al p\u00f3dcast: Relatos 2000<\/strong><\/h2>\n\n\n\n<p><\/p>\n\n\n\n<p>En un inicio, solo siete becarios aceptaron ser parte de la investigaci\u00f3n. El trabajo desarrollado con ellos fue publicado en la serie monogr\u00e1fica <a href=\"https:\/\/doi.org\/10.18272\/pd.v9i1\">&nbsp;Vol. 9.<\/a>\ufffcAdem\u00e1s, se desarroll\u00f3 un p\u00f3dcast con la intenci\u00f3n de llevar las historias y las lecciones de la frontera y el curso a m\u00e1s audiencias. Este se llama <em>Relatos 2000<\/em>, pues es a partir de este a\u00f1o que la migraci\u00f3n, en sus diferentes formas, entra definitivamente en las redacciones period\u00edsticas. Como emigraci\u00f3n, producto del feriado bancario, aproximadamente 175.922 ecuatorianos salieron del pa\u00eds, principalmente a Espa\u00f1a. Poco despu\u00e9s, como inmigraci\u00f3n, la guerrilla en Colombia dispar\u00f3 las solicitudes de asilo en Ecuador, que subieron de 475 en 2000 a 11.463 en 2003.2003. dispar\u00f3 las solicitudes de asilo en Ecuador, que subieron de 475 en el 2000 a 11.463 en el 2003.<\/p>\n\n\n\n<p>El p\u00f3dcast tiene como prop\u00f3sito contar las experiencias de los periodistas en el desarrollo de sus historias en la frontera de M\u00e9xico-Estados Unidos. El primer cap\u00edtulo se centra en la historia de Patricia, protagonista del primer caso de extorsi\u00f3n con inteligencia artificial a familiares de migrantes. Este hecho fue investigado por Emilio Zamora, de <em>TC Televisi\u00f3n<\/em>.<\/p>\n\n\n\n<p>En 2023, Patricia, oriunda de la comunidad Pucallpa, ubicada en la provincia del Azuay, decidi\u00f3 emigrar a Estados Unidos por v\u00edas irregulares con el objetivo de generar un capital para comprar una casa, en un poblado seguro, a sus padres. Cuando estaba cerca de la frontera de M\u00e9xico-Estados Unidos, sus familiares recibieron mensajes en los que se indicaba que estaba secuestrada. Como prueba, recibieron videos en donde se la ve\u00eda aparentemente en buen estado. Su familia pag\u00f3 USD 13.500 por su liberaci\u00f3n, pero nunca volvieron a saber de ella. En su momento, Emilio cubri\u00f3 la nota, pero quiso darle mayor profundidad. \u201cMe nac\u00eda mucha la curiosidad de c\u00f3mo llegan a ella los coyotes. Sent\u00eda una necesidad de que la gente se entere de lo que le hicieron a ella para que otras personas no caigan\u201d, cuenta.<\/p>\n\n\n\n<p>Luis Daniel Luengo, profesor de periodismo en la USFQ especializado en periodismo m\u00f3vil, opina que esto se alinea con los objetivos del periodismo, que son \u201ccontar historias, aprenderlas, luchar desde nuestras bases, entender la realidad, fragmentarla y explicarla. Cuando escuchas la historia tanto de la persona desaparecida como del periodista, comienzas a sentir empat\u00eda y emociones\u201d.<\/p>\n\n\n\n<p>Uno de los prop\u00f3sitos del curso fue sensibilizar a los periodistas para que, a la vez, concienticen a la poblaci\u00f3n. La manera en la que Emilio relata su historia en el p\u00f3dcast demuestra que las capacitaciones en coberturas migratorias con un enfoque de derechos humanos tienen un impacto positivo.<\/p>\n\n\n\n<p>\u201cYo que soy migrante escuch\u00e9 este p\u00f3dcast desde el punto de vista del periodista a nivel de cari\u00f1o y amor, y a nivel de la persona que fue v\u00edctima\u201d, dice Luis Daniel. \u201cTienen que estar preparados para escuchar una historia que no es f\u00e1cil, que est\u00e1 precisamente editada para que sea digerible. Tiene comprensi\u00f3n, empat\u00eda y entendimiento [\u2026]. Mi invitaci\u00f3n es escuchar con tranquilidad y reflexi\u00f3n\u201d, acot\u00f3.<\/p>\n\n\n\n<p>El <a href=\"https:\/\/open.spotify.com\/show\/1I5x5kDVtVF0kMEYE2G7ga?si=e122ca60d2a4483f\">p\u00f3dcast, disponible en <em>Spotify<\/em><\/a>, se enfoca en el viaje profesional y personal de Emilio como investigador del caso de Patricia. Este producto se desarroll\u00f3 en una semana.<\/p>\n\n\n<div class=\"wp-block-image\">\n<figure class=\"aligncenter size-full\"><img fetchpriority=\"high\" decoding=\"async\" width=\"500\" height=\"500\" src=\"https:\/\/www.oime.com.ec\/wp-content\/uploads\/image.png\" alt=\"\" class=\"wp-image-2208\" srcset=\"https:\/\/www.oime.com.ec\/wp-content\/uploads\/image.png 500w, https:\/\/www.oime.com.ec\/wp-content\/uploads\/image-300x300.png 300w, https:\/\/www.oime.com.ec\/wp-content\/uploads\/image-150x150.png 150w\" sizes=\"(max-width: 500px) 100vw, 500px\" \/><figcaption class=\"wp-element-caption\"><strong>Logotipo del p\u00f3dcast<\/strong><\/figcaption><\/figure>\n<\/div>\n\n\n<p>El mismo a\u00f1o en el que Patricia desapareci\u00f3, Ecuador fue nombrado el pa\u00eds m\u00e1s violento de la regi\u00f3n. Para ese entonces, la tasa de homicidios era de 44.5 muertes por cada 100.000 habitantes. La inseguridad es una las causantes por las que 2023 se convirti\u00f3 en el a\u00f1o con el mayor balance migratorio desde 2017. Seg\u00fan la Subsecretar\u00eda de Migraci\u00f3n, 121.283 personas emigraron.<\/p>\n\n\n\n<p>En 2024, la inseguridad combinada con las escasas oportunidades laborales y las extorsiones, sobre todo a negocios peque\u00f1os, continuaron alimentado la ola migratoria. No obstante, esta decreci\u00f3, en comparaci\u00f3n con el anterior a\u00f1o, ya que choc\u00f3 con las pol\u00edticas migratorias del presidente de Estados Unidos, Donald Trump, quien endureci\u00f3 los requerimientos para el flujo regular. Hoy, hablar sobre migraci\u00f3n y sus derechos es de especial relevancia, sobre todo desde el periodismo, ya que es la profesi\u00f3n encargada de informar desde un aspecto humano.<\/p>\n\n\n\n<p><strong>Martina Lapo Robayo<\/strong><br>Alumni USFQ Periodismo<br><\/p>\n","protected":false},"excerpt":{"rendered":"<p>\u201cEcuador es un pa\u00eds que tradicionalmente ha vivido olas de emigraci\u00f3n e inmigraci\u00f3n muy fuertes; est\u00e1 en el coraz\u00f3n de eso\u201d, afirma Eric Samson, profesor de periodismo en la Universidad San Francisco de Quito (USFQ). Uno de los puntos m\u00e1s cr\u00edticos para la migraci\u00f3n en Ecuador se registr\u00f3 en 2024, que cerr\u00f3 como el segundo a\u00f1o con el mayor saldo migratorio desde 2017, cuando los datos se hicieron p\u00fablicos.<\/p>\n","protected":false},"author":1,"featured_media":2208,"comment_status":"closed","ping_status":"closed","sticky":false,"template":"","format":"image","meta":{"footnotes":""},"categories":[8],"tags":[],"class_list":["post-2207","post","type-post","status-publish","format-image","has-post-thumbnail","hentry","category-notas-divulgativas","post_format-post-format-image","three-columns"],"_links":{"self":[{"href":"https:\/\/www.oime.com.ec\/index.php?rest_route=\/wp\/v2\/posts\/2207","targetHints":{"allow":["GET"]}}],"collection":[{"href":"https:\/\/www.oime.com.ec\/index.php?rest_route=\/wp\/v2\/posts"}],"about":[{"href":"https:\/\/www.oime.com.ec\/index.php?rest_route=\/wp\/v2\/types\/post"}],"author":[{"embeddable":true,"href":"https:\/\/www.oime.com.ec\/index.php?rest_route=\/wp\/v2\/users\/1"}],"replies":[{"embeddable":true,"href":"https:\/\/www.oime.com.ec\/index.php?rest_route=%2Fwp%2Fv2%2Fcomments&post=2207"}],"version-history":[{"count":4,"href":"https:\/\/www.oime.com.ec\/index.php?rest_route=\/wp\/v2\/posts\/2207\/revisions"}],"predecessor-version":[{"id":2213,"href":"https:\/\/www.oime.com.ec\/index.php?rest_route=\/wp\/v2\/posts\/2207\/revisions\/2213"}],"wp:featuredmedia":[{"embeddable":true,"href":"https:\/\/www.oime.com.ec\/index.php?rest_route=\/wp\/v2\/media\/2208"}],"wp:attachment":[{"href":"https:\/\/www.oime.com.ec\/index.php?rest_route=%2Fwp%2Fv2%2Fmedia&parent=2207"}],"wp:term":[{"taxonomy":"category","embeddable":true,"href":"https:\/\/www.oime.com.ec\/index.php?rest_route=%2Fwp%2Fv2%2Fcategories&post=2207"},{"taxonomy":"post_tag","embeddable":true,"href":"https:\/\/www.oime.com.ec\/index.php?rest_route=%2Fwp%2Fv2%2Ftags&post=2207"}],"curies":[{"name":"wp","href":"https:\/\/api.w.org\/{rel}","templated":true}]}}