{"id":237,"date":"2022-03-10T08:53:57","date_gmt":"2022-03-10T13:53:57","guid":{"rendered":"https:\/\/oime.com.ec\/wordpress\/?p=237"},"modified":"2022-06-16T16:33:24","modified_gmt":"2022-06-16T21:33:24","slug":"covid-19-y-violencia-de-genero-en-prensa-ecuatoriana-una-crisis-mas-alla-de-lo-sanitario","status":"publish","type":"post","link":"https:\/\/www.oime.com.ec\/?p=237","title":{"rendered":"COVID-19 y violencia de g\u00e9nero en prensa ecuatoriana: \u00bfUna crisis m\u00e1s all\u00e1 de lo sanitario?\u00a0"},"content":{"rendered":"\t\t<div data-elementor-type=\"wp-post\" data-elementor-id=\"237\" class=\"elementor elementor-237\">\n\t\t\t\t\t\t<section class=\"elementor-section elementor-top-section elementor-element elementor-element-849358d elementor-section-boxed elementor-section-height-default elementor-section-height-default\" data-id=\"849358d\" data-element_type=\"section\" data-e-type=\"section\">\n\t\t\t\t\t\t<div class=\"elementor-container elementor-column-gap-default\">\n\t\t\t\t\t<div class=\"elementor-column elementor-col-100 elementor-top-column elementor-element elementor-element-11d9a04\" data-id=\"11d9a04\" data-element_type=\"column\" data-e-type=\"column\">\n\t\t\t<div class=\"elementor-widget-wrap elementor-element-populated\">\n\t\t\t\t\t\t<div class=\"elementor-element elementor-element-bb38ca5 elementor-widget elementor-widget-text-editor\" data-id=\"bb38ca5\" data-element_type=\"widget\" data-e-type=\"widget\" data-widget_type=\"text-editor.default\">\n\t\t\t\t<div class=\"elementor-widget-container\">\n\t\t\t\t\t\t\t\t\t<p><i><span data-contrast=\"auto\">En la pandemia a causa del COVID-19, la violencia de g\u00e9nero no se ha detenido al igual que su cobertura medi\u00e1tica. Sin embargo, \u00bfcu\u00e1les fueron las caracter\u00edsticas de las notas en los cuatro primeros meses de la crisis sanitaria en Ecuador? La investigaci\u00f3n <\/span><\/i><a href=\"https:\/\/doi.org\/10.18272\/pd.v4i1.2016\"><i><span data-contrast=\"none\">Covid y violencia de g\u00e9nero en la cuarentena: An\u00e1lisis de la prensa ecuatoriana<\/span><\/i><\/a><i><span data-contrast=\"auto\"> menciona que las noticias sobre este tema bordearon las 167.000, con una frecuencia de 24 segundos al d\u00eda en los medios digitales m\u00e1s reconocidos como: El Universo (Regi\u00f3n Litoral) y El Comercio (Regi\u00f3n Interandina), mostrando notas period\u00edsticas de acuerdo a la frecuencia de la publicaci\u00f3n, extensi\u00f3n (notas corta y largas), g\u00e9nero period\u00edstico, actores Institucionales, enfoque de la informaci\u00f3n, sujeto de la informaci\u00f3n por sexo, hashtags, visualizaciones y valoraciones.<\/span><\/i><span data-ccp-props=\"{\">\u00a0<\/span><\/p><p><span data-contrast=\"auto\">En Ecuador, en el transcurso del confinamiento entre los meses de marzo-junio del a\u00f1o 2020 ha existido un notable aumento de casos de violencia de g\u00e9nero, que es cualquier acto violento o agresi\u00f3n de tipo f\u00edsico, sexual, psicol\u00f3gico o econ\u00f3mico contra una persona por su g\u00e9nero, y femicidios. Este \u00faltimo es un delito tipificado como el asesinato de mujeres por odio al g\u00e9nero, sumando un total de 7.954 casos registrados.\u00a0<\/span><span data-ccp-props=\"{\">\u00a0<\/span><\/p><p><span data-contrast=\"auto\">Nydia Pes\u00e1ntez, funcionaria de ONU Mujeres Ecuador, afirma que \u201cel 64% de mujeres han sufrido alg\u00fan tipo de violencia basada en g\u00e9nero; el 30% ha sucedido al interior de sus hogares; en el 43% de los casos, el perpetrador es el conviviente, novio o esposo\u201d.\u00a0<\/span><span data-ccp-props=\"{\">\u00a0<\/span><\/p><p><span data-contrast=\"auto\">Alrededor de esa realidad, no obstante, en la prensa ecuatoriana el manejo de la narrativa informativa no es el m\u00e1s adecuado, si se considera que ha normalizado actos sexistas, machistas y moralistas, provocando una revictimizaci\u00f3n. Con estos antecedentes, inicia el trabajo de investigaci\u00f3n propuesto por la docente investigadora Fanny Herrera quien, adem\u00e1s, es parte del <\/span><a href=\"https:\/\/oime.com.ec\/\"><span data-contrast=\"none\">Observatorio Interuniversitario de Medios Ecuatorianos<\/span><\/a><span data-contrast=\"auto\"> (OIME<\/span><span data-contrast=\"none\">). Espec\u00edficamente, ella realiz\u00f3 un <\/span><span data-contrast=\"auto\">an\u00e1lisis cr\u00edtico del discurso a 27 notas period\u00edsticas relacionadas con la violencia de g\u00e9nero de los dos medios escritos en versi\u00f3n electr\u00f3nica: <\/span><i><span data-contrast=\"auto\">El Comercio<\/span><\/i><span data-contrast=\"auto\"> (Regi\u00f3n Interandina) y <\/span><i><span data-contrast=\"auto\">El Universo<\/span><\/i><span data-contrast=\"auto\"> (Regi\u00f3n Litoral) desde marzo hasta julio 2020, con el fin de determinar la relaci\u00f3n entre el COVID-19 y el aumento de la violencia de g\u00e9nero.<\/span><span data-ccp-props=\"{\">\u00a0<\/span><\/p><p><span data-contrast=\"auto\">Ante esto, surgieron las siguientes preguntas por investigar: \u00bfC\u00f3mo enmarcan los dos medios impresos las violencias?, \u00bfhay un seguimiento a los casos y se dimensionan las acciones y reacciones a nivel ciudadano e institucional?<\/span><span data-ccp-props=\"{\">\u00a0<\/span><\/p><p><span data-contrast=\"auto\">Dentro de este estudio se resalta que los medios <\/span><i><span data-contrast=\"auto\">El Comercio<\/span><\/i><span data-contrast=\"auto\"> y <\/span><i><span data-contrast=\"auto\">El Universo<\/span><\/i><span data-contrast=\"auto\"> usan un lenguaje pertinente utilizando t\u00e9rminos como \u201cfemicidio\u201d o \u201cviolencia sexual\u201d en las notas period\u00edsticas, pese a que en a\u00f1os anteriores empleaban calificativos obsoletos como: crimen pasional o maltrato, para generar morbo y drama. En reiteradas ocasiones se utilizan titulares period\u00edsticos con palabras como: \u201cviolencia\u201d, \u201cviolencia contra la mujer\u201d, \u201cviolencia intrafamiliar\u201d, \u201cdom\u00e9stica\u201d, \u201chogares violentos\u201d, \u201criesgo\/agresiones\u201d, \u201cmuertes violentas\u201d; lo que genera impacto o notoriedad, resultando en una confusi\u00f3n e impidiendo a la poblaci\u00f3n identificar el tipo de violencia, normalizando e incrementando indirectamente estas pr\u00e1cticas.\u00a0<\/span><span data-ccp-props=\"{\">\u00a0<\/span><\/p><p><span data-contrast=\"auto\">Al respecto, Alexandra Clavijo<\/span><span data-contrast=\"auto\">, doctora en Educaci\u00f3n y G\u00e9nero, <\/span><span data-contrast=\"auto\">manifiesta que es evidente la falta de rigurosidad sobre el tema de la violencia de g\u00e9nero en los medios de comunicaci\u00f3n, ya sea por un inadecuado manejo de la narrativa o la construcci\u00f3n de los titulares; lo que provoca en la ciudan\u00eda la incomprensi\u00f3n o la invisibilizaci\u00f3n de las formas de violencia. Es decir, el acoso, la discriminaci\u00f3n y la violencia son t\u00e9rminos muy naturalizados y no est\u00e1n normalizados como un delito en la cultura en la sociedad.<\/span><span data-ccp-props=\"{\">\u00a0<\/span><\/p><p><b><span data-contrast=\"auto\">\u00bfInformaci\u00f3n de calidad o<\/span><\/b><b><span data-contrast=\"none\"> en <\/span><\/b><b><span data-contrast=\"auto\">cantidad?<\/span><\/b><span data-ccp-props=\"{&quot;201341983&quot;:0,&quot;335551550&quot;:6,&quot;335551620&quot;:6,&quot;335559739&quot;:160,&quot;335559740&quot;:240}\">\u00a0<\/span><\/p><p><span data-contrast=\"auto\">Vale mencionar que en la prensa escrita se consideran de vital importancia las variables de extensi\u00f3n y ubicaci\u00f3n de una nota period\u00edstica, ya que son las que permiten que los lectores recepten los mensajes y la informaci\u00f3n de forma m\u00e1s \u00e1gil, as\u00ed como tambi\u00e9n logran despertar el inter\u00e9s de la ciudadan\u00eda. Para contextualizar lo antes mencionado, se debe recordar que una noticia colocada en la primera p\u00e1gina (titular) va a captar mayor atenci\u00f3n de los lectores. Por lo contrario, si existe una nota que se encuentra en la segunda o tercera hoja y con una extensi\u00f3n corta, no causar\u00e1 el mismo efecto en el lector.<\/span><span data-ccp-props=\"{&quot;201341983&quot;:0,&quot;335551550&quot;:6,&quot;335551620&quot;:6,&quot;335559739&quot;:160,&quot;335559740&quot;:240}\">\u00a0<\/span><\/p><p><span data-contrast=\"auto\">De acuerdo con la frecuencia de la publicaci\u00f3n de los dos medios estudiados se encontraron 27 notas period\u00edsticas referente a violencia de g\u00e9nero, con diferentes g\u00e9neros period\u00edsticos tales como: noticias, cr\u00f3nicas, reportajes, entrevistas y art\u00edculos de opini\u00f3n. <\/span><i><span data-contrast=\"auto\">El Comercio<\/span><\/i><span data-contrast=\"auto\"> se destaca por una mayor cobertura, con 17 piezas, que equivale el 63%. Por otro lado, <\/span><i><span data-contrast=\"auto\">El Universo<\/span><\/i><span data-contrast=\"auto\"> abarca un 37%, equivalente a 10 piezas.\u00a0<\/span><span data-ccp-props=\"{&quot;201341983&quot;:0,&quot;335551550&quot;:6,&quot;335551620&quot;:6,&quot;335559739&quot;:160,&quot;335559740&quot;:240}\">\u00a0<\/span><\/p><p><span data-contrast=\"auto\">Ante esto, dentro del estudio<\/span> <span data-contrast=\"auto\">de los dos diarios se determina que el 44% de las noticias era de extensi\u00f3n media, mientras que el 56% restante eran notas period\u00edsticas cortas. Por tanto, ambos medios minimizaron la gran importancia de este tema como tal, a diferencia de otros portales digitales como <\/span><i><span data-contrast=\"auto\">Primicias, GK, Wambra EC<\/span><\/i><span data-contrast=\"auto\">, que realizaron un mayor despliegue y seguimiento del tema. Por las evidencias alcanzadas parecer\u00eda que los decanos de la prensa consideran que no es un tema de inter\u00e9s actual, ni de inter\u00e9s nacional, al no existir investigaciones a profundidad sobre estos temas a pesar de la relaci\u00f3n demostrada entre el aumento de la violencia de g\u00e9nero y el COVID-19, que son temas que afectan a la mitad de la poblaci\u00f3n.<\/span><span data-ccp-props=\"{&quot;201341983&quot;:0,&quot;335551550&quot;:6,&quot;335551620&quot;:6,&quot;335559739&quot;:160,&quot;335559740&quot;:240}\">\u00a0<\/span><\/p><p><span data-contrast=\"auto\">Adem\u00e1s, en las notas investigadas se resalta el empleo de las mediaciones tecnol\u00f3gicas como es el uso de etiquetas o <\/span><i><span data-contrast=\"auto\">hashtags<\/span><\/i><span data-contrast=\"auto\"> en los dos medios impresos: <\/span><i><span data-contrast=\"auto\">#violencia<\/span><\/i><span data-contrast=\"auto\"> para referirse a violencia de g\u00e9nero, intrafamiliar, dom\u00e9stica, etc.; y <\/span><i><span data-contrast=\"auto\">#COVID,<\/span><\/i><span data-contrast=\"auto\"> las cuales fueron las etiquetas con mayor usabilidad con 15 formatos period\u00edsticos, que permite conocer y valorar las reacciones o interacciones entre los diarios analizados, los usuarios y las notas period\u00edsticas, alcanzando as\u00ed a viralizarse y ser tendencia (<\/span><i><span data-contrast=\"auto\">trending topics<\/span><\/i><span data-contrast=\"auto\">).<\/span><span data-ccp-props=\"{&quot;201341983&quot;:0,&quot;335551550&quot;:6,&quot;335551620&quot;:6,&quot;335559739&quot;:160,&quot;335559740&quot;:240}\">\u00a0<\/span><\/p><p><b><span data-contrast=\"auto\">La violencia: desde perspectivas estructurales con enfoques de g\u00e9nero, jur\u00eddicos y de derechos<\/span><\/b><span data-ccp-props=\"{&quot;201341983&quot;:0,&quot;335551550&quot;:6,&quot;335551620&quot;:6,&quot;335559739&quot;:160,&quot;335559740&quot;:240}\">\u00a0<\/span><\/p><p><span data-contrast=\"auto\">En el confinamiento por COVID-19 los ciudadanos se sometieron a diversos ajustes o restricciones para evitar la propagaci\u00f3n del coronavirus. Sin embargo, estas medidas que se establecieron a nivel nacional evidenciaron vulneraciones y delitos generados en contra de mujeres, adolescentes, j\u00f3venes y ni\u00f1as debido al cierre de escuelas, despidos intempestivos, teletrabajo y tareas del hogar. Seg\u00fan la <\/span><span data-contrast=\"none\">Unesco<\/span><span data-contrast=\"auto\">: \u201clos confinamientos imponen una carga extra asociada al trabajo dom\u00e9stico y de cuidado no remunerado, que se reparte de manera desequilibrada, sobrecargando en especial a mujeres y ni\u00f1as.\u201d.\u00a0<\/span><span data-ccp-props=\"{&quot;201341983&quot;:0,&quot;335551550&quot;:6,&quot;335551620&quot;:6,&quot;335559739&quot;:160,&quot;335559740&quot;:240}\">\u00a0<\/span><\/p><p><span data-contrast=\"auto\">En este contexto, el hogar se convierte en un lugar inseguro y las mujeres se encuentran expuestas a ser v\u00edctimas de violencia intrafamiliar y sexual provocada por la pareja o por familiares y que en muchos de los casos termina en femicidios.\u00a0<\/span><span data-ccp-props=\"{&quot;201341983&quot;:0,&quot;335551550&quot;:6,&quot;335551620&quot;:6,&quot;335559739&quot;:160,&quot;335559740&quot;:240}\">\u00a0<\/span><\/p><p><span data-contrast=\"auto\">A esto se suma que una de las vulneraciones m\u00e1s destacadas en este tiempo fue la que se produjo al sistema de salud p\u00fablica, por lo que las mujeres no acced\u00edan con facilidad a este servicio afectando a la planificaci\u00f3n sexual y al ejercer sus derechos reproductivos (abortos en caso de violaci\u00f3n o a la pastilla de emergencia).<\/span><\/p><p><b><span data-contrast=\"auto\">Acciones a nivel ciudadano e institucional<\/span><\/b><span data-ccp-props=\"{&quot;201341983&quot;:0,&quot;335551550&quot;:6,&quot;335551620&quot;:6,&quot;335559739&quot;:160,&quot;335559740&quot;:240}\">\u00a0<\/span><\/p><p><span data-contrast=\"auto\">Los actores destacados a nivel institucional por parte de los dos medios escritos son el ECU 911 y la Fiscal\u00eda, por su actuaci\u00f3n durante este confinamiento, en donde las llamadas telef\u00f3nicas de auxilio y violencia intrafamiliar fueron en aumento.\u00a0<\/span><span data-ccp-props=\"{&quot;201341983&quot;:0,&quot;335551550&quot;:6,&quot;335551620&quot;:6,&quot;335559739&quot;:160,&quot;335559740&quot;:240}\">\u00a0<\/span><\/p><p><span data-contrast=\"auto\">Por su parte, Venus<\/span><span data-contrast=\"auto\"> Medina<\/span><span data-contrast=\"auto\">, especialista en investigaciones de g\u00e9nero, menciona que como ciudadanos se debe trabajar fundamentalmente en la estrategia de prevenci\u00f3n de la violencia a trav\u00e9s de la educaci\u00f3n, tanto a nivel familiar, escolar, secundaria y superior; adem\u00e1s del reconocimiento de los derechos de las mujeres y el goce de pleno de los mismos. As\u00ed tambi\u00e9n invita a los ciudadanos a no ser observadores o espectadores de la violencia, pues existen mecanismos para denunciar.\u00a0<\/span><span data-ccp-props=\"{&quot;201341983&quot;:0,&quot;335551550&quot;:6,&quot;335551620&quot;:6,&quot;335559739&quot;:160,&quot;335559740&quot;:240}\">\u00a0<\/span><\/p><p><span data-contrast=\"auto\">Considerando el papel fundamental que cumplen los medios de comunicaci\u00f3n en la sociedad, <\/span><span data-contrast=\"auto\">Alexandra Clavijo<\/span><span data-contrast=\"auto\">,<\/span><span data-contrast=\"auto\"> se refiere <\/span><span data-contrast=\"auto\">al manejo adecuado de la informaci\u00f3n y redacci\u00f3n de notas period\u00edsticas, donde se debe considerar a cabalidad el c\u00f3digo deontol\u00f3gico de la comunicaci\u00f3n y los protocolos \u00e9ticos de acuerdo a la Ley de Comunicaci\u00f3n, dando cumplimiento a los principios \u00e9ticos de contraste y verificaci\u00f3n, corroborando la informaci\u00f3n para no reproducir patrones de desigualdad, discriminaci\u00f3n y violencia, evitando trasmitir informaci\u00f3n de forma irresponsable, lo que contribuye indirectamente a los feminicidios.<\/span><span data-ccp-props=\"{&quot;201341983&quot;:0,&quot;335551550&quot;:6,&quot;335551620&quot;:6,&quot;335559739&quot;:160,&quot;335559740&quot;:240}\">\u00a0<\/span><\/p>\t\t\t\t\t\t\t\t<\/div>\n\t\t\t\t<\/div>\n\t\t\t\t<div class=\"elementor-element elementor-element-5581d36 elementor-widget elementor-widget-text-editor\" data-id=\"5581d36\" data-element_type=\"widget\" data-e-type=\"widget\" data-widget_type=\"text-editor.default\">\n\t\t\t\t<div class=\"elementor-widget-container\">\n\t\t\t\t\t\t\t\t\t<p><span class=\"TextRun SCXW170642492 BCX0\" lang=\"ES-ES\" xml:lang=\"ES-ES\" data-contrast=\"none\"><span class=\"NormalTextRun SCXW170642492 BCX0\" data-ccp-parastyle=\"footer\"><strong>Jonnathan Luis Villavicencio Chal\u00e1n<\/strong><br \/><\/span><\/span><em><span class=\"TextRun SCXW170642492 BCX0\" lang=\"ES-ES\" xml:lang=\"ES-ES\" data-contrast=\"none\"><span class=\"NormalTextRun SCXW170642492 BCX0\" data-ccp-parastyle=\"footer\">Estudiante de Comunicaci\u00f3n Social de UTPL<\/span><\/span><\/em><\/p>\t\t\t\t\t\t\t\t<\/div>\n\t\t\t\t<\/div>\n\t\t\t\t\t<\/div>\n\t\t<\/div>\n\t\t\t\t\t<\/div>\n\t\t<\/section>\n\t\t\t\t<\/div>\n\t\t","protected":false},"excerpt":{"rendered":"<p>En la pandemia a causa del COVID-19, la violencia de g\u00e9nero no se ha detenido al igual que su cobertura medi\u00e1tica. Sin embargo, \u00bfcu\u00e1les fueron<\/p>\n","protected":false},"author":1,"featured_media":563,"comment_status":"open","ping_status":"open","sticky":false,"template":"","format":"standard","meta":{"footnotes":""},"categories":[8],"tags":[],"class_list":["post-237","post","type-post","status-publish","format-standard","has-post-thumbnail","hentry","category-notas-divulgativas","three-columns"],"_links":{"self":[{"href":"https:\/\/www.oime.com.ec\/index.php?rest_route=\/wp\/v2\/posts\/237","targetHints":{"allow":["GET"]}}],"collection":[{"href":"https:\/\/www.oime.com.ec\/index.php?rest_route=\/wp\/v2\/posts"}],"about":[{"href":"https:\/\/www.oime.com.ec\/index.php?rest_route=\/wp\/v2\/types\/post"}],"author":[{"embeddable":true,"href":"https:\/\/www.oime.com.ec\/index.php?rest_route=\/wp\/v2\/users\/1"}],"replies":[{"embeddable":true,"href":"https:\/\/www.oime.com.ec\/index.php?rest_route=%2Fwp%2Fv2%2Fcomments&post=237"}],"version-history":[{"count":17,"href":"https:\/\/www.oime.com.ec\/index.php?rest_route=\/wp\/v2\/posts\/237\/revisions"}],"predecessor-version":[{"id":691,"href":"https:\/\/www.oime.com.ec\/index.php?rest_route=\/wp\/v2\/posts\/237\/revisions\/691"}],"wp:featuredmedia":[{"embeddable":true,"href":"https:\/\/www.oime.com.ec\/index.php?rest_route=\/wp\/v2\/media\/563"}],"wp:attachment":[{"href":"https:\/\/www.oime.com.ec\/index.php?rest_route=%2Fwp%2Fv2%2Fmedia&parent=237"}],"wp:term":[{"taxonomy":"category","embeddable":true,"href":"https:\/\/www.oime.com.ec\/index.php?rest_route=%2Fwp%2Fv2%2Fcategories&post=237"},{"taxonomy":"post_tag","embeddable":true,"href":"https:\/\/www.oime.com.ec\/index.php?rest_route=%2Fwp%2Fv2%2Ftags&post=237"}],"curies":[{"name":"wp","href":"https:\/\/api.w.org\/{rel}","templated":true}]}}