{"id":239,"date":"2022-03-10T08:48:56","date_gmt":"2022-03-10T13:48:56","guid":{"rendered":"https:\/\/oime.com.ec\/wordpress\/?p=239"},"modified":"2022-06-20T20:32:32","modified_gmt":"2022-06-21T01:32:32","slug":"febrero-finaliza-con-el-cuarto-foro-desinformacion-y-covid-19","status":"publish","type":"post","link":"https:\/\/www.oime.com.ec\/?p=239","title":{"rendered":"Febrero finaliza con el cuarto foro \u201cDesinformaci\u00f3n y COVID-19\u201d\u00a0"},"content":{"rendered":"\t\t<div data-elementor-type=\"wp-post\" data-elementor-id=\"239\" class=\"elementor elementor-239\">\n\t\t\t\t\t\t<section class=\"elementor-section elementor-top-section elementor-element elementor-element-4d4b032 elementor-section-boxed elementor-section-height-default elementor-section-height-default\" data-id=\"4d4b032\" data-element_type=\"section\" data-e-type=\"section\">\n\t\t\t\t\t\t<div class=\"elementor-container elementor-column-gap-default\">\n\t\t\t\t\t<div class=\"elementor-column elementor-col-100 elementor-top-column elementor-element elementor-element-613784e\" data-id=\"613784e\" data-element_type=\"column\" data-e-type=\"column\">\n\t\t\t<div class=\"elementor-widget-wrap elementor-element-populated\">\n\t\t\t\t\t\t<div class=\"elementor-element elementor-element-9340c77 elementor-widget elementor-widget-text-editor\" data-id=\"9340c77\" data-element_type=\"widget\" data-e-type=\"widget\" data-widget_type=\"text-editor.default\">\n\t\t\t\t<div class=\"elementor-widget-container\">\n\t\t\t\t\t\t\t\t\t<p><span data-contrast=\"auto\">En febrero, turismo se sum\u00f3 a los 19 temas abordados en las ediciones del foro virtual <\/span><b><span data-contrast=\"auto\">#EnPrimeraLineadelCovid<\/span><\/b><span data-contrast=\"auto\">. Estos conversatorios son parte de la segunda etapa del proyecto \u201c<\/span><b><span data-contrast=\"auto\">Desinformaci\u00f3n y COVID-19<\/span><\/b><span data-contrast=\"auto\">\u201d, del que forma parte el Observatorio Interuniversitario de Medios Ecuatorianos (OIME).<\/span><span data-ccp-props=\"{\">\u00a0<\/span><\/p><p><span data-contrast=\"auto\">\u00a0Este espacio virtual tiene como objetivo abordar la incidencia y efectos de la pandemia en la sociedad. Hasta ahora han participado m\u00e1s de 38 expertos y autoridades desde 2020, cuando se inaugur\u00f3 #EnPrimeraL\u00edneadelCovid. Las transmisiones se han hecho desde la p\u00e1gina de periodismo de la USFQ en Facebook. \u201cTener estos foros nos han facilitado un mont\u00f3n para acceder a informaci\u00f3n, sobre todo al ser fuentes de primera mano\u201d, coment\u00f3 la estudiante de la USFQ, Martina Palacios, quien se ha contado entre los asistentes.<\/span><span data-ccp-props=\"{\">\u00a0<\/span><\/p><p><span data-contrast=\"auto\">En el \u00faltimo foro que se realiz\u00f3 el mes pasado, se habl\u00f3 sobre la reducci\u00f3n del IVA durante el feriado, la participaci\u00f3n gubernamental dentro del turismo y las perspectivas del turismo tras dos a\u00f1os de la pandemia en Ecuador. En esa edici\u00f3n particip\u00f3 el alcalde de Ambato, Javier Altamirano, y el director Jur\u00eddico de la C\u00e1mara de Turismo de Ecuador, Iv\u00e1n L\u00f3pez Villalba. Ambos reflexionaron sobre c\u00f3mo recuperar la confianza de las personas para volver a viajar en el Ecuador y de la importancia de continuar con los cuidados de bioseguridad en un escenario nacional en el que se prev\u00e9n cada vez menos restricciones alrededor de la pandemia por Covid-19.<\/span><span data-ccp-props=\"{\">\u00a0<\/span><\/p><p><span data-contrast=\"auto\">#EnPrimeraL\u00edneadelCovid se ha planteado la necesidad de transparentar las cifras oficiales y la pertinencia de difundir informaci\u00f3n que combata la comunicaci\u00f3n contaminada; de all\u00ed que algunas de las frases a recordar son: \u201cHay pedidos que no terminan de mostrarse como una medida efectiva para enfrentar el coronavirus y la \u2018ley seca\u2019 es uno de esos\u201d, de la ex ministra de Gobierno, Mar\u00eda Paula Romo, en el foro de junio del 2020 o \u201csi algo se ha visibilizado en esta \u00e9poca es la inequidad entre clases. La pandemia permite ver las brechas tecnol\u00f3gicas, sociales y econ\u00f3micas. Situaciones que parec\u00edan sumergidas han emergido: trastornos de ansiedad y depresivos, adem\u00e1s de violencia dom\u00e9stica y de g\u00e9nero\u201d, de Rodrigo Henr\u00edquez, epidemi\u00f3logo de la Universidad de Las Am\u00e9ricas en el foro de diciembre del 2020.\u00a0\u00a0 Iv\u00e1n L\u00f3pez, en febrero pasado, mencion\u00f3 que \u201cdentro del turismo no solo importa la salud del turista, sino la salud del trabajador\u201d.\u00a0<\/span><span data-ccp-props=\"{\">\u00a0<\/span><\/p><p><span data-contrast=\"auto\">Seg\u00fan la docente y miembro de OIME, Tania Orbe, los foros son un \u201cespacio que busca la generaci\u00f3n de reflexiones y datos que contribuyan a la lucha contra la desinformaci\u00f3n en tiempos de COVID-19\u201d.\u202f<\/span><span data-contrast=\"auto\">\u202fEsto no solamente ayuda a los estudiantes de las universidades pertenecientes al OIME, si no, a todo aqu\u00e9l que desee informarse en redes sociales.<\/span><span data-ccp-props=\"{\">\u00a0<\/span><\/p><p><span data-contrast=\"auto\">Te invitamos a ser parte de estos espacios una vez al mes y a informarte con expertos del tema, adem\u00e1s de aportar con tus experiencias para enriquecer estos di\u00e1logos.<\/span><\/p>\t\t\t\t\t\t\t\t<\/div>\n\t\t\t\t<\/div>\n\t\t\t\t<div class=\"elementor-element elementor-element-b3a7ca1 elementor-widget elementor-widget-text-editor\" data-id=\"b3a7ca1\" data-element_type=\"widget\" data-e-type=\"widget\" data-widget_type=\"text-editor.default\">\n\t\t\t\t<div class=\"elementor-widget-container\">\n\t\t\t\t\t\t\t\t\t<p><strong><span class=\"TextRun SCXW254113077 BCX0\" lang=\"ES-ES\" xml:lang=\"ES-ES\" data-contrast=\"none\"><span class=\"NormalTextRun SCXW254113077 BCX0\">Gabriel Hern\u00e1ndez<br \/><\/span><\/span><\/strong><em><span class=\"TextRun SCXW254113077 BCX0\" lang=\"ES-ES\" xml:lang=\"ES-ES\" data-contrast=\"none\"><span class=\"NormalTextRun SCXW254113077 BCX0\">Estudiante de <\/span><span class=\"NormalTextRun SCXW254113077 BCX0\">Periodismo<\/span><span class=\"NormalTextRun SCXW254113077 BCX0\"> de <\/span><span class=\"NormalTextRun SCXW254113077 BCX0\">USFQ<\/span><\/span><\/em><\/p>\t\t\t\t\t\t\t\t<\/div>\n\t\t\t\t<\/div>\n\t\t\t\t\t<\/div>\n\t\t<\/div>\n\t\t\t\t\t<\/div>\n\t\t<\/section>\n\t\t\t\t<\/div>\n\t\t","protected":false},"excerpt":{"rendered":"<p>En febrero, turismo se sum\u00f3 a los 19 temas abordados en las ediciones del foro virtual #EnPrimeraLineadelCovid. Estos conversatorios son parte de la segunda etapa<\/p>\n","protected":false},"author":1,"featured_media":735,"comment_status":"open","ping_status":"open","sticky":false,"template":"","format":"standard","meta":{"footnotes":""},"categories":[6],"tags":[],"class_list":["post-239","post","type-post","status-publish","format-standard","has-post-thumbnail","hentry","category-notas-informativas","three-columns"],"_links":{"self":[{"href":"https:\/\/www.oime.com.ec\/index.php?rest_route=\/wp\/v2\/posts\/239","targetHints":{"allow":["GET"]}}],"collection":[{"href":"https:\/\/www.oime.com.ec\/index.php?rest_route=\/wp\/v2\/posts"}],"about":[{"href":"https:\/\/www.oime.com.ec\/index.php?rest_route=\/wp\/v2\/types\/post"}],"author":[{"embeddable":true,"href":"https:\/\/www.oime.com.ec\/index.php?rest_route=\/wp\/v2\/users\/1"}],"replies":[{"embeddable":true,"href":"https:\/\/www.oime.com.ec\/index.php?rest_route=%2Fwp%2Fv2%2Fcomments&post=239"}],"version-history":[{"count":16,"href":"https:\/\/www.oime.com.ec\/index.php?rest_route=\/wp\/v2\/posts\/239\/revisions"}],"predecessor-version":[{"id":945,"href":"https:\/\/www.oime.com.ec\/index.php?rest_route=\/wp\/v2\/posts\/239\/revisions\/945"}],"wp:featuredmedia":[{"embeddable":true,"href":"https:\/\/www.oime.com.ec\/index.php?rest_route=\/wp\/v2\/media\/735"}],"wp:attachment":[{"href":"https:\/\/www.oime.com.ec\/index.php?rest_route=%2Fwp%2Fv2%2Fmedia&parent=239"}],"wp:term":[{"taxonomy":"category","embeddable":true,"href":"https:\/\/www.oime.com.ec\/index.php?rest_route=%2Fwp%2Fv2%2Fcategories&post=239"},{"taxonomy":"post_tag","embeddable":true,"href":"https:\/\/www.oime.com.ec\/index.php?rest_route=%2Fwp%2Fv2%2Ftags&post=239"}],"curies":[{"name":"wp","href":"https:\/\/api.w.org\/{rel}","templated":true}]}}