{"id":277,"date":"2022-03-10T09:13:04","date_gmt":"2022-03-10T14:13:04","guid":{"rendered":"https:\/\/oime.com.ec\/wordpress\/?p=277"},"modified":"2022-06-09T09:16:23","modified_gmt":"2022-06-09T14:16:23","slug":"discurso-cientifico-en-twitter-en-el-primer-trimestre-de-pandemia-en-ecuador","status":"publish","type":"post","link":"https:\/\/www.oime.com.ec\/?p=277","title":{"rendered":"Discurso cient\u00edfico en Twitter en el primer trimestre de pandemia en Ecuador"},"content":{"rendered":"\t\t<div data-elementor-type=\"wp-post\" data-elementor-id=\"277\" class=\"elementor elementor-277\">\n\t\t\t\t\t\t<section class=\"elementor-section elementor-top-section elementor-element elementor-element-bb72876 elementor-section-boxed elementor-section-height-default elementor-section-height-default\" data-id=\"bb72876\" data-element_type=\"section\" data-e-type=\"section\">\n\t\t\t\t\t\t<div class=\"elementor-container elementor-column-gap-default\">\n\t\t\t\t\t<div class=\"elementor-column elementor-col-100 elementor-top-column elementor-element elementor-element-2b32e4d\" data-id=\"2b32e4d\" data-element_type=\"column\" data-e-type=\"column\">\n\t\t\t<div class=\"elementor-widget-wrap elementor-element-populated\">\n\t\t\t\t\t\t<div class=\"elementor-element elementor-element-b117064 elementor-widget elementor-widget-text-editor\" data-id=\"b117064\" data-element_type=\"widget\" data-e-type=\"widget\" data-widget_type=\"text-editor.default\">\n\t\t\t\t<div class=\"elementor-widget-container\">\n\t\t\t\t\t\t\t\t\t<h5>Resumen<\/h5><div>Esta investigaci\u00f3n identifica las cuentas de Twitter de reconocidos cient\u00edficos ecuatorianos para hacer un an\u00e1lisis del discurso cient\u00edfico y contenido publicados, con el\u00a0<span style=\"color: var( --e-global-color-text ); font-family: var( --e-global-typography-text-font-family ), Sans-serif; font-style: var( --e-global-typography-text-font-style ); font-weight: var( --e-global-typography-text-font-weight ); letter-spacing: var( --e-global-typography-text-letter-spacing ); word-spacing: var( --e-global-typography-text-word-spacing ); background-color: transparent; font-size: 1rem;\">prop\u00f3sito de divulgar ciencia en esta red social. Se identificaron las tem\u00e1ticas abordadas por cada usuario durante el periodo de abril a junio de 2020, primer trimestre\u00a0<\/span><span style=\"color: var( --e-global-color-text ); font-family: var( --e-global-typography-text-font-family ), Sans-serif; font-style: var( --e-global-typography-text-font-style ); font-weight: var( --e-global-typography-text-font-weight ); letter-spacing: var( --e-global-typography-text-letter-spacing ); word-spacing: var( --e-global-typography-text-word-spacing ); background-color: transparent; font-size: 1rem;\">de la crisis sanitaria en Ecuador provocada por la pandemia de COVID-19. Mediante\u00a0<\/span><span style=\"color: var( --e-global-color-text ); font-family: var( --e-global-typography-text-font-family ), Sans-serif; font-style: var( --e-global-typography-text-font-style ); font-weight: var( --e-global-typography-text-font-weight ); letter-spacing: var( --e-global-typography-text-letter-spacing ); word-spacing: var( --e-global-typography-text-word-spacing ); background-color: transparent; font-size: 1rem;\">un estudio cuantitativo se toman en cuenta variables correspondientes a la plata forma digital como el uso de\u00a0<\/span><span style=\"color: var( --e-global-color-text ); font-family: var( --e-global-typography-text-font-family ), Sans-serif; font-style: var( --e-global-typography-text-font-style ); font-weight: var( --e-global-typography-text-font-weight ); letter-spacing: var( --e-global-typography-text-letter-spacing ); word-spacing: var( --e-global-typography-text-word-spacing ); background-color: transparent; font-size: 1rem;\">hashtags, menciones y material audiovisual. El an\u00e1lisis\u00a0<\/span><span style=\"color: var( --e-global-color-text ); font-family: var( --e-global-typography-text-font-family ), Sans-serif; font-style: var( --e-global-typography-text-font-style ); font-weight: var( --e-global-typography-text-font-weight ); letter-spacing: var( --e-global-typography-text-letter-spacing ); word-spacing: var( --e-global-typography-text-word-spacing ); background-color: transparent; font-size: 1rem;\">de contenido clasifica las publicaciones de los cient\u00edficos con el fin de evaluar si estas cumplen con ejes esenciales de la divulgaci\u00f3n cient\u00edfica como la verificaci\u00f3n, la exposici\u00f3n y la argumentaci\u00f3n de datos.<\/span><\/div><div>\u00a0<\/div><div><strong>Palabras clave:<\/strong> opini\u00f3n p\u00fablica, cient\u00edficos, discurso, Twitter, COVID-1<\/div><div>\u00a0<\/div><div><div class=\"page\" data-page-number=\"2\" data-page-label=\"129\" data-loaded=\"true\"><div class=\"textLayer\"><h5>Abstract<\/h5><div>This research identifies the Twitter accounts of renowned Ecuadorian scientists\u00a0<span style=\"color: var( --e-global-color-text ); font-family: var( --e-global-typography-text-font-family ), Sans-serif; font-style: var( --e-global-typography-text-font-style ); font-weight: var( --e-global-typography-text-font-weight ); letter-spacing: var( --e-global-typography-text-letter-spacing ); word-spacing: var( --e-global-typography-text-word-spacing ); background-color: transparent; font-size: 1rem;\">to make an analysis of scientific discourse and published content, with the purpose of sharing scientific information on this social network. It identifies the topics\u00a0<\/span><span style=\"color: var( --e-global-color-text ); font-family: var( --e-global-typography-text-font-family ), Sans-serif; font-style: var( --e-global-typography-text-font-style ); font-weight: var( --e-global-typography-text-font-weight ); letter-spacing: var( --e-global-typography-text-letter-spacing ); word-spacing: var( --e-global-typography-text-word-spacing ); background-color: transparent; font-size: 1rem;\">addressed by each user during the period from April to June 2020, the first quarter\u00a0<\/span><span style=\"color: var( --e-global-color-text ); font-family: var( --e-global-typography-text-font-family ), Sans-serif; font-style: var( --e-global-typography-text-font-style ); font-weight: var( --e-global-typography-text-font-weight ); letter-spacing: var( --e-global-typography-text-letter-spacing ); word-spacing: var( --e-global-typography-text-word-spacing ); background-color: transparent; font-size: 1rem;\">of the health crisis in Ecuador caused by the COVID-19 pandemic. Through a quantitative study, variables corresponding to the digital platform are taken into account,\u00a0<\/span><span style=\"color: var( --e-global-color-text ); font-family: var( --e-global-typography-text-font-family ), Sans-serif; font-style: var( --e-global-typography-text-font-style ); font-weight: var( --e-global-typography-text-font-weight ); letter-spacing: var( --e-global-typography-text-letter-spacing ); word-spacing: var( --e-global-typography-text-word-spacing ); background-color: transparent; font-size: 1rem;\">such as the use of hashtags, mentions, and audiovisual material. The content analysis classifies the publications of scientists in order to assess whether they comply with essential axes of scientific dissemination such as data verification, exposition, and argumentation.<\/span><\/div><div>\u00a0<\/div><div><strong>Keywords: <\/strong>public opinion, scientists, discourse, Twitter, COVID-19<\/div><div>\u00a0<\/div><\/div><div><h6 class=\"wp-block-button aligncenter\"><a class=\"wp-block-button__link\" href=\"https:\/\/revistas.usfq.edu.ec\/index.php\/perdebate\/article\/view\/1882\">Descarga la investigaci\u00f3n completa aqu\u00ed<\/a><\/h6><\/div><\/div><\/div>\t\t\t\t\t\t\t\t<\/div>\n\t\t\t\t<\/div>\n\t\t\t\t<div class=\"elementor-element elementor-element-5282566 elementor-widget elementor-widget-text-editor\" data-id=\"5282566\" data-element_type=\"widget\" data-e-type=\"widget\" data-widget_type=\"text-editor.default\">\n\t\t\t\t<div class=\"elementor-widget-container\">\n\t\t\t\t\t\t\t\t\t<p><strong>Sof\u00eda Cabrera: <\/strong><a href=\"mailto:sofiai.cabrera@ute.edu.ec\">sofiai.cabrera@ute.edu.ec<\/a><\/p>\n<p><strong>Melissa Clavijo:<\/strong> <a href=\"mailto:melissa.clavijo@oime.com.ec\">melissa.clavijo@oime.com.ec<\/a><\/p>\n<p><em>Investigadoras del OIME<\/em><\/p>\t\t\t\t\t\t\t\t<\/div>\n\t\t\t\t<\/div>\n\t\t\t\t\t<\/div>\n\t\t<\/div>\n\t\t\t\t\t<\/div>\n\t\t<\/section>\n\t\t\t\t<\/div>\n\t\t","protected":false},"excerpt":{"rendered":"<p>Resumen Esta investigaci\u00f3n identifica las cuentas de Twitter de reconocidos cient\u00edficos ecuatorianos para hacer un an\u00e1lisis del discurso cient\u00edfico y contenido publicados, con el\u00a0prop\u00f3sito de<\/p>\n","protected":false},"author":1,"featured_media":557,"comment_status":"open","ping_status":"open","sticky":false,"template":"","format":"standard","meta":{"footnotes":""},"categories":[10],"tags":[],"class_list":["post-277","post","type-post","status-publish","format-standard","has-post-thumbnail","hentry","category-publicaciones","three-columns"],"_links":{"self":[{"href":"https:\/\/www.oime.com.ec\/index.php?rest_route=\/wp\/v2\/posts\/277","targetHints":{"allow":["GET"]}}],"collection":[{"href":"https:\/\/www.oime.com.ec\/index.php?rest_route=\/wp\/v2\/posts"}],"about":[{"href":"https:\/\/www.oime.com.ec\/index.php?rest_route=\/wp\/v2\/types\/post"}],"author":[{"embeddable":true,"href":"https:\/\/www.oime.com.ec\/index.php?rest_route=\/wp\/v2\/users\/1"}],"replies":[{"embeddable":true,"href":"https:\/\/www.oime.com.ec\/index.php?rest_route=%2Fwp%2Fv2%2Fcomments&post=277"}],"version-history":[{"count":20,"href":"https:\/\/www.oime.com.ec\/index.php?rest_route=\/wp\/v2\/posts\/277\/revisions"}],"predecessor-version":[{"id":651,"href":"https:\/\/www.oime.com.ec\/index.php?rest_route=\/wp\/v2\/posts\/277\/revisions\/651"}],"wp:featuredmedia":[{"embeddable":true,"href":"https:\/\/www.oime.com.ec\/index.php?rest_route=\/wp\/v2\/media\/557"}],"wp:attachment":[{"href":"https:\/\/www.oime.com.ec\/index.php?rest_route=%2Fwp%2Fv2%2Fmedia&parent=277"}],"wp:term":[{"taxonomy":"category","embeddable":true,"href":"https:\/\/www.oime.com.ec\/index.php?rest_route=%2Fwp%2Fv2%2Fcategories&post=277"},{"taxonomy":"post_tag","embeddable":true,"href":"https:\/\/www.oime.com.ec\/index.php?rest_route=%2Fwp%2Fv2%2Ftags&post=277"}],"curies":[{"name":"wp","href":"https:\/\/api.w.org\/{rel}","templated":true}]}}