{"id":292,"date":"2022-03-10T09:18:25","date_gmt":"2022-03-10T14:18:25","guid":{"rendered":"https:\/\/oime.com.ec\/wordpress\/?p=292"},"modified":"2022-06-16T16:26:46","modified_gmt":"2022-06-16T21:26:46","slug":"covid-y-violencia-de-genero-en-la-cuarentena-analisis-de-la-prensa-ecuatoriana","status":"publish","type":"post","link":"https:\/\/www.oime.com.ec\/?p=292","title":{"rendered":"COVID y violencia de g\u00e9nero en la cuarentena: an\u00e1lisis de la prensa ecuatoriana"},"content":{"rendered":"\t\t<div data-elementor-type=\"wp-post\" data-elementor-id=\"292\" class=\"elementor elementor-292\">\n\t\t\t\t\t\t<section class=\"elementor-section elementor-top-section elementor-element elementor-element-f1de81a elementor-section-boxed elementor-section-height-default elementor-section-height-default\" data-id=\"f1de81a\" data-element_type=\"section\" data-e-type=\"section\">\n\t\t\t\t\t\t<div class=\"elementor-container elementor-column-gap-default\">\n\t\t\t\t\t<div class=\"elementor-column elementor-col-100 elementor-top-column elementor-element elementor-element-7b1c879\" data-id=\"7b1c879\" data-element_type=\"column\" data-e-type=\"column\">\n\t\t\t<div class=\"elementor-widget-wrap elementor-element-populated\">\n\t\t\t\t\t\t<div class=\"elementor-element elementor-element-1d064b2 elementor-widget elementor-widget-text-editor\" data-id=\"1d064b2\" data-element_type=\"widget\" data-e-type=\"widget\" data-widget_type=\"text-editor.default\">\n\t\t\t\t<div class=\"elementor-widget-container\">\n\t\t\t\t\t\t\t\t\t<h5>Resumen<\/h5><div>La investigaci\u00f3n analiza los dos diarios impresos con mayor tiraje y representatividad regional en Ecuador, como son: El Comercio de la regi\u00f3n Interandina y El Universo en la regi\u00f3n Litoral. El estudio aborda el tratamiento de la informaci\u00f3n y\/o desinformaci\u00f3n que se ha derivado del t\u00f3pico noticioso sobre \u201cviolencias de g\u00e9nero\u201d durante el confinamiento y la emergencia sanitaria en Ecuador<\/div><div>debido a la pandemia de la COVID-19, en el periodo de abril a junio del 2020. Mediante el an\u00e1lisis cr\u00edtico de discurso, examinamos las variables de las notas period\u00edsticas de los dos portales digitales, vinculadas con las violencias de g\u00e9nero, para dimensionar las narrativas medi\u00e1ticas que evidencian, en el tratamiento de la informaci\u00f3n, un sesgo patriarcal y machista.<\/div><div>\u00a0<\/div><div><strong>Palabras clave: <\/strong>violencias de g\u00e9nero, cuarentena, v\u00edctimas, desinformaci\u00f3n, prensa, derechos humanos<\/div><div>\u00a0<\/div><div><h5>Abstract<\/h5><div>The research analyzes two of the newspapers with the highest circulation and representation in the country, such as: El Comercio in the Inter-Andean Region and El Universo in the Litoral region. The study deals with the information processing or misinformation derived from the \u201cgender violence\u201d news topic<\/div><div>during the quarantine and the sanitary emergency in Ecuador, due to COVID-19 pandemic, in the period from April to June 2020. Through critical discourse<\/div><div>analysis, we examined variables that could be set in the news from the two digital portals, linked to gender violence, to size the media narratives that show<\/div><div>a patriarchal and sexist bias in the information treatment.<\/div><div>\u00a0<\/div><div><strong>Keywords: <\/strong>gender violence, quarantine, victims, misinformation, press, human rights<\/div><div>\u00a0<\/div><\/div><div>\u00a0<\/div><div><h6 class=\"wp-block-button aligncenter\"><a class=\"wp-block-button__link\" href=\"https:\/\/revistas.usfq.edu.ec\/index.php\/perdebate\/article\/view\/2016\">Descarga la investigaci\u00f3n completa aqu\u00ed<\/a><\/h6><\/div>\t\t\t\t\t\t\t\t<\/div>\n\t\t\t\t<\/div>\n\t\t\t\t<div class=\"elementor-element elementor-element-8e0bdcf elementor-widget elementor-widget-text-editor\" data-id=\"8e0bdcf\" data-element_type=\"widget\" data-e-type=\"widget\" data-widget_type=\"text-editor.default\">\n\t\t\t\t<div class=\"elementor-widget-container\">\n\t\t\t\t\t\t\t\t\t<div><strong>Fanny Elizabeth Herrera<\/strong>: <a href=\"mailto:fanny.herrera@ute.edu.ec\">fanny.herrera@ute.edu.ec<\/a><br \/><br \/><em>Investigadora del OIME<\/em><\/div>\t\t\t\t\t\t\t\t<\/div>\n\t\t\t\t<\/div>\n\t\t\t\t\t<\/div>\n\t\t<\/div>\n\t\t\t\t\t<\/div>\n\t\t<\/section>\n\t\t\t\t<\/div>\n\t\t","protected":false},"excerpt":{"rendered":"<p>Resumen La investigaci\u00f3n analiza los dos diarios impresos con mayor tiraje y representatividad regional en Ecuador, como son: El Comercio de la regi\u00f3n Interandina y<\/p>\n","protected":false},"author":1,"featured_media":559,"comment_status":"open","ping_status":"open","sticky":false,"template":"","format":"standard","meta":{"footnotes":""},"categories":[10],"tags":[],"class_list":["post-292","post","type-post","status-publish","format-standard","has-post-thumbnail","hentry","category-publicaciones","three-columns"],"_links":{"self":[{"href":"https:\/\/www.oime.com.ec\/index.php?rest_route=\/wp\/v2\/posts\/292","targetHints":{"allow":["GET"]}}],"collection":[{"href":"https:\/\/www.oime.com.ec\/index.php?rest_route=\/wp\/v2\/posts"}],"about":[{"href":"https:\/\/www.oime.com.ec\/index.php?rest_route=\/wp\/v2\/types\/post"}],"author":[{"embeddable":true,"href":"https:\/\/www.oime.com.ec\/index.php?rest_route=\/wp\/v2\/users\/1"}],"replies":[{"embeddable":true,"href":"https:\/\/www.oime.com.ec\/index.php?rest_route=%2Fwp%2Fv2%2Fcomments&post=292"}],"version-history":[{"count":14,"href":"https:\/\/www.oime.com.ec\/index.php?rest_route=\/wp\/v2\/posts\/292\/revisions"}],"predecessor-version":[{"id":685,"href":"https:\/\/www.oime.com.ec\/index.php?rest_route=\/wp\/v2\/posts\/292\/revisions\/685"}],"wp:featuredmedia":[{"embeddable":true,"href":"https:\/\/www.oime.com.ec\/index.php?rest_route=\/wp\/v2\/media\/559"}],"wp:attachment":[{"href":"https:\/\/www.oime.com.ec\/index.php?rest_route=%2Fwp%2Fv2%2Fmedia&parent=292"}],"wp:term":[{"taxonomy":"category","embeddable":true,"href":"https:\/\/www.oime.com.ec\/index.php?rest_route=%2Fwp%2Fv2%2Fcategories&post=292"},{"taxonomy":"post_tag","embeddable":true,"href":"https:\/\/www.oime.com.ec\/index.php?rest_route=%2Fwp%2Fv2%2Ftags&post=292"}],"curies":[{"name":"wp","href":"https:\/\/api.w.org\/{rel}","templated":true}]}}