{"id":943,"date":"2023-01-05T17:40:23","date_gmt":"2023-01-05T22:40:23","guid":{"rendered":"https:\/\/oime.com.ec\/wordpress\/?p=943"},"modified":"2023-01-05T17:41:48","modified_gmt":"2023-01-05T22:41:48","slug":"estas-son-las-fechas-relacionadas-con-comunicacion-para-este-2023","status":"publish","type":"post","link":"https:\/\/www.oime.com.ec\/?p=943","title":{"rendered":"Estas son las fechas relacionadas con comunicaci\u00f3n para este 2023"},"content":{"rendered":"\t\t<div data-elementor-type=\"wp-post\" data-elementor-id=\"943\" class=\"elementor elementor-943\">\n\t\t\t\t\t\t<section class=\"elementor-section elementor-top-section elementor-element elementor-element-7bbc1b0 elementor-section-boxed elementor-section-height-default elementor-section-height-default\" data-id=\"7bbc1b0\" data-element_type=\"section\" data-e-type=\"section\">\n\t\t\t\t\t\t<div class=\"elementor-container elementor-column-gap-default\">\n\t\t\t\t\t<div class=\"elementor-column elementor-col-100 elementor-top-column elementor-element elementor-element-b045b1d\" data-id=\"b045b1d\" data-element_type=\"column\" data-e-type=\"column\">\n\t\t\t<div class=\"elementor-widget-wrap elementor-element-populated\">\n\t\t\t\t\t\t<div class=\"elementor-element elementor-element-224759d elementor-widget elementor-widget-text-editor\" data-id=\"224759d\" data-element_type=\"widget\" data-e-type=\"widget\" data-widget_type=\"text-editor.default\">\n\t\t\t\t<div class=\"elementor-widget-container\">\n\t\t\t\t\t\t\t\t\t<p><span data-contrast=\"none\">Catorce son los d\u00edas que tienen relaci\u00f3n con la tem\u00e1tica comunicacional y que forman parte de los d\u00edas nacionales e internacionales reconocidos por la Organizaci\u00f3n de las Naciones Unidas (ONU), la Organizaci\u00f3n Internacional de Periodistas y el Poder Legislativo ecuatoriano. Esas fechas se han adoptado para la promoci\u00f3n, el reconocimiento o la recordaci\u00f3n, por ejemplo, de la Sociedad de la Informaci\u00f3n, los medios sonoros y audiovisuales o la libertad de prensa. Cada uno de ellos constituye una oportunidad de organizar actividades espec\u00edficas.<\/span><span data-ccp-props=\"{&quot;201341983&quot;:0,&quot;335551550&quot;:6,&quot;335551620&quot;:6,&quot;335559739&quot;:160,&quot;335559740&quot;:259}\">\u00a0<\/span><\/p><p><span data-contrast=\"none\">En el Ecuador, por ejemplo, el 5 de enero se conmemora el \u201cD\u00eda del periodista ecuatoriano\u201d. Esta fecha fue declarada por el Congreso Nacional que, el 7 de agosto de 1992, acord\u00f3 honrar al precursor y pr\u00f3cer de la independencia, Eugenio de Santa Cruz y Espejo, quien fue el creador del peri\u00f3dico <\/span><i><span data-contrast=\"none\">Primicias de la Cultura de Quito<\/span><\/i><span data-contrast=\"none\"> que circul\u00f3 el 5 de enero del 1792.<\/span><span data-ccp-props=\"{&quot;201341983&quot;:0,&quot;335551550&quot;:6,&quot;335551620&quot;:6,&quot;335559739&quot;:160,&quot;335559740&quot;:259}\">\u00a0<\/span><\/p><p><span data-contrast=\"none\">El 13 de febrero se conmemora el D\u00eda Mundial de la Radio, que se proclam\u00f3 en 2012 por la ONU. La radio es, hoy por hoy, el medio informativo m\u00e1s emblem\u00e1tico y din\u00e1mico, a pesar de los avances y nuevos sistemas de comunicaci\u00f3n que han aparecido en el \u00faltimo siglo.<\/span><span data-ccp-props=\"{&quot;201341983&quot;:0,&quot;335551550&quot;:6,&quot;335551620&quot;:6,&quot;335559739&quot;:160,&quot;335559740&quot;:259}\">\u00a0<\/span><\/p><p><span data-contrast=\"none\">El 21 de febrero se celebra el D\u00eda Internacional de la Lengua Materna\u202fcon el objetivo de preservar y proteger todos los idiomas y dialectos que se hablan en todo el mundo. En 2007 la Asamblea General de las Naciones Unidas proclam\u00f3 este d\u00eda, aunque extraoficialmente se celebraba desde el 2000 cuando el secretario general de la ONU, Kofi Annan, apoy\u00f3 esto en un discurso.\u00a0<\/span><span data-ccp-props=\"{&quot;201341983&quot;:0,&quot;335551550&quot;:6,&quot;335551620&quot;:6,&quot;335559739&quot;:160,&quot;335559740&quot;:259}\">\u00a0<\/span><\/p><p><span data-contrast=\"none\">Cada a\u00f1o, el cuarto jueves de abril, se celebra el D\u00eda de las Mujeres y las Ni\u00f1as en las TIC en todo el mundo. Esta celebraci\u00f3n es producto de una iniciativa internacional respaldada por la Resoluci\u00f3n 70 de Conferencia de Plenipotenciarios de la Uni\u00f3n Internacional de Telecomunicaciones UIT encaminada a crear un entorno mundial propicio que aliente y capacite a las ni\u00f1as j\u00f3venes a aspirar a carreras en las TIC.<\/span><span data-ccp-props=\"{&quot;201341983&quot;:0,&quot;335551550&quot;:6,&quot;335551620&quot;:6,&quot;335559739&quot;:160,&quot;335559740&quot;:259}\">\u00a0<\/span><\/p><p><span data-contrast=\"none\">En 1993, el 3 de mayo, en cambio, fue proclamado como el D\u00eda Mundial de la Libertad de Prensa, por la Asamblea General de las Naciones Unidas siguiendo la recomendaci\u00f3n de la Conferencia General de la UNESCO. La fecha se eligi\u00f3 para que coincidiera con el aniversario de la\u202f<\/span><a href=\"https:\/\/www.un.org\/es\/events\/pressfreedomday\/pdf\/Declaraci%C3%B3n%20de%20Windhoek.pdf\"><span data-contrast=\"none\">Declaraci\u00f3n de Windhoek<\/span><\/a><span data-contrast=\"none\">, en la cual los representantes de medios de comunicaci\u00f3n africanos que participaban en un seminario organizado por la UNESCO en la capital de Namibia, elaboraron un documento en el cual se recog\u00edan los principios de la libertad de prensa.<\/span><span data-ccp-props=\"{&quot;201341983&quot;:0,&quot;335551550&quot;:6,&quot;335551620&quot;:6,&quot;335559739&quot;:160,&quot;335559740&quot;:259}\">\u00a0<\/span><\/p><p><span data-contrast=\"none\">El 17 de mayo es el\u202fD\u00eda Mundial de las Telecomunicaciones y la Sociedad de la Informaci\u00f3n que tiene por objeto aumentar la sensibilizaci\u00f3n sobre las posibilidades que la utilizaci\u00f3n de Internet en y otras tecnolog\u00edas de la informaci\u00f3n y la comunicaci\u00f3n (TIC) pueden ofrecer a las sociedades y econom\u00edas, as\u00ed como posibilidades de reducir la brecha digital.<\/span><span data-ccp-props=\"{&quot;201341983&quot;:0,&quot;335551550&quot;:6,&quot;335551620&quot;:6,&quot;335559739&quot;:160,&quot;335559740&quot;:259}\">\u00a0<\/span><\/p><p><span data-contrast=\"none\">El 5 de septiembre\u202fse rinde homenaje a una de las profesiones m\u00e1s destacadas en materia de informaci\u00f3n y comunicaciones.\u202fPara la ONU esta fecha es el D\u00eda Mundial del Periodista\u00a0<\/span><span data-ccp-props=\"{&quot;201341983&quot;:0,&quot;335551550&quot;:6,&quot;335551620&quot;:6,&quot;335559739&quot;:160,&quot;335559740&quot;:259}\">\u00a0<\/span><\/p><p><span data-contrast=\"none\">Tur\u00edstico. La creaci\u00f3n de esta efem\u00e9ride tiene como finalidad revalorizar el rol y trayectoria de este profesional del periodismo especializado.<\/span><span data-ccp-props=\"{&quot;201341983&quot;:0,&quot;335559739&quot;:160,&quot;335559740&quot;:259}\">\u00a0<\/span><\/p><p><span data-contrast=\"none\">Durante el\u202fIV Congreso de la Organizaci\u00f3n Mundial de Periodistas (OIP) se estableci\u00f3 el 8 de septiembre como\u202fD\u00eda Internacional del Periodista\u202fen honor y conmemoraci\u00f3n al fallecimiento de\u202fJulius Fucik, escritor y periodista checoslovaco, que fue ejecutado por los nazis en 1943.\u00a0<\/span><span data-ccp-props=\"{&quot;201341983&quot;:0,&quot;335551550&quot;:6,&quot;335551620&quot;:6,&quot;335559739&quot;:160,&quot;335559740&quot;:259}\">\u00a0<\/span><\/p><p><span data-contrast=\"none\">Cada 20 de septiembre se celebra el D\u00eda Mundial de la Libertad de Expresi\u00f3n del pensamiento para conmemorar la\u202f\u00bbBrecha de la Porta P\u00eda\u00bb\u202fen Roma, un hecho significativo mediante el cual las fuerzas patri\u00f3ticas italianas derrotaron a las fuerzas del Vaticano, aliadas al Imperio Franc\u00e9s.\u00a0<\/span><span data-ccp-props=\"{&quot;201341983&quot;:0,&quot;335551550&quot;:6,&quot;335551620&quot;:6,&quot;335559739&quot;:160,&quot;335559740&quot;:259}\">\u00a0<\/span><\/p><p><span data-contrast=\"none\">Para la UNESCO, el 28 de septiembre es el\u202fD\u00eda Internacional del Derecho de Acceso Universal a la Informaci\u00f3n. Esta es una fecha cuyo prop\u00f3sito es procurar el acceso a la informaci\u00f3n digital como veh\u00edculo para garantizar otros derechos y poner en evidencia algunas violaciones que ocurren en el mundo.\u00a0<\/span><span data-ccp-props=\"{&quot;201341983&quot;:0,&quot;335551550&quot;:6,&quot;335551620&quot;:6,&quot;335559739&quot;:160,&quot;335559740&quot;:259}\">\u00a0<\/span><\/p><p><span data-contrast=\"none\">Para las organizaciones que participaron en el Foro Mundial de Editores (WEF), el 28 de septiembre se reconoce como el D\u00eda Mundial de las Noticias, con la finalidad de destacar la importancia del periodismo en la emisi\u00f3n y acceso a las noticias e informaciones cre\u00edbles y confiables, as\u00ed como su impacto social. Su objetivo es destacar la importancia de la credibilidad del periodismo, basado en hechos y noticias fidedignas y confiables.\u00a0<\/span><span data-ccp-props=\"{&quot;201341983&quot;:0,&quot;335551550&quot;:6,&quot;335551620&quot;:6,&quot;335559739&quot;:160,&quot;335559740&quot;:259}\">\u00a0<\/span><\/p><p><span data-contrast=\"none\">El 24 de octubre, en cambio, se celebra el D\u00eda Mundial de la Informaci\u00f3n para el Desarrollo, una celebraci\u00f3n oficial de las Naciones Unidas que pretende concienciar a todos de que la informaci\u00f3n es necesaria para poder resolver los problemas del mundo.\u00a0<\/span><span data-ccp-props=\"{&quot;201341983&quot;:0,&quot;335551550&quot;:6,&quot;335551620&quot;:6,&quot;335559739&quot;:160,&quot;335559740&quot;:259}\">\u00a0<\/span><\/p><p><span data-contrast=\"none\">El 27 de octubre se celebra el D\u00eda Mundial del Patrimonio Audiovisual. Las pel\u00edculas, el cine, los programas de radio y televisi\u00f3n, as\u00ed como grabaciones de audio y video, son documentos que guardan informaci\u00f3n importante para la memoria hist\u00f3rica de los pueblos y del mundo. Son parte de nuestra identidad como sociedad.\u00a0<\/span><span data-ccp-props=\"{&quot;201341983&quot;:0,&quot;335551550&quot;:6,&quot;335551620&quot;:6,&quot;335559739&quot;:160,&quot;335559740&quot;:259}\">\u00a0<\/span><\/p><p><span data-contrast=\"none\">La Asamblea General de las Naciones Unidas aprob\u00f3 el 2 de noviembre como el D\u00eda Internacional para para poner fin a la impunidad de los cr\u00edmenes contra periodistas. En su resoluci\u00f3n se exhorta a los estados miembros a implementar medidas definitivas para contrarrestar la actual cultura de impunidad.<\/span><span data-ccp-props=\"{&quot;201341983&quot;:0,&quot;335551550&quot;:6,&quot;335551620&quot;:6,&quot;335559739&quot;:160,&quot;335559740&quot;:259}\">\u00a0<\/span><\/p><p><span data-contrast=\"none\">El 21 de noviembre es el D\u00eda Mundial de la Televisi\u00f3n, una efem\u00e9ride impulsada por la\u202fONU\u202fdesde el a\u00f1o 1996 y que busca propiciar el uso responsable de este medio de comunicaci\u00f3n audiovisual como uno de los principales canales de difusi\u00f3n de informaci\u00f3n p\u00fablica.<\/span><span data-ccp-props=\"{&quot;201341983&quot;:0,&quot;335551550&quot;:6,&quot;335551620&quot;:6,&quot;335559739&quot;:160,&quot;335559740&quot;:259}\">\u00a0<\/span><\/p><p><span data-contrast=\"none\">Todas estas fechas son importantes para las sociedades democr\u00e1ticas donde organismos como el OIME est\u00e1n comprometidos con la lucha en contra de la desinformaci\u00f3n y otros trastornos de la informaci\u00f3n.<\/span><\/p>\t\t\t\t\t\t\t\t<\/div>\n\t\t\t\t<\/div>\n\t\t\t\t\t<\/div>\n\t\t<\/div>\n\t\t\t\t\t<\/div>\n\t\t<\/section>\n\t\t\t\t<section class=\"elementor-section elementor-top-section elementor-element elementor-element-507b651 elementor-section-boxed elementor-section-height-default elementor-section-height-default\" data-id=\"507b651\" data-element_type=\"section\" data-e-type=\"section\">\n\t\t\t\t\t\t<div class=\"elementor-container elementor-column-gap-default\">\n\t\t\t\t\t<div class=\"elementor-column elementor-col-100 elementor-top-column elementor-element elementor-element-5a51fe5\" data-id=\"5a51fe5\" data-element_type=\"column\" data-e-type=\"column\">\n\t\t\t<div class=\"elementor-widget-wrap elementor-element-populated\">\n\t\t\t\t\t\t<div class=\"elementor-element elementor-element-30e59c2 elementor-widget elementor-widget-text-editor\" data-id=\"30e59c2\" data-element_type=\"widget\" data-e-type=\"widget\" data-widget_type=\"text-editor.default\">\n\t\t\t\t<div class=\"elementor-widget-container\">\n\t\t\t\t\t\t\t\t\t<p><strong><span class=\"TextRun SCXW254113077 BCX0\" lang=\"ES-ES\" xml:lang=\"ES-ES\" data-contrast=\"none\"><span class=\"NormalTextRun SCXW254113077 BCX0\">Sa\u00fal Latacunga<br \/><\/span><\/span><\/strong><em>Estudiante de la Universidad T\u00e9cnica de Cotopaxi.<\/em><\/p>\t\t\t\t\t\t\t\t<\/div>\n\t\t\t\t<\/div>\n\t\t\t\t\t<\/div>\n\t\t<\/div>\n\t\t\t\t\t<\/div>\n\t\t<\/section>\n\t\t\t\t<section class=\"elementor-section elementor-top-section elementor-element elementor-element-a4cedf1 elementor-section-boxed elementor-section-height-default elementor-section-height-default\" data-id=\"a4cedf1\" data-element_type=\"section\" data-e-type=\"section\">\n\t\t\t\t\t\t<div class=\"elementor-container elementor-column-gap-default\">\n\t\t\t\t\t<div class=\"elementor-column elementor-col-100 elementor-top-column elementor-element elementor-element-59b4d9e\" data-id=\"59b4d9e\" data-element_type=\"column\" data-e-type=\"column\">\n\t\t\t<div class=\"elementor-widget-wrap elementor-element-populated\">\n\t\t\t\t\t\t<div class=\"elementor-element elementor-element-60e7cf3 elementor-widget elementor-widget-image\" data-id=\"60e7cf3\" data-element_type=\"widget\" data-e-type=\"widget\" data-widget_type=\"image.default\">\n\t\t\t\t<div class=\"elementor-widget-container\">\n\t\t\t\t\t\t\t\t\t\t\t\t\t\t\t<img fetchpriority=\"high\" decoding=\"async\" width=\"300\" height=\"300\" src=\"https:\/\/www.oime.com.ec\/wp-content\/uploads\/WhatsApp-Image-2023-01-04-at-17.10.46-300x300.jpeg\" class=\"attachment-medium size-medium wp-image-946\" alt=\"\" srcset=\"https:\/\/www.oime.com.ec\/wp-content\/uploads\/WhatsApp-Image-2023-01-04-at-17.10.46-300x300.jpeg 300w, https:\/\/www.oime.com.ec\/wp-content\/uploads\/WhatsApp-Image-2023-01-04-at-17.10.46-1024x1024.jpeg 1024w, https:\/\/www.oime.com.ec\/wp-content\/uploads\/WhatsApp-Image-2023-01-04-at-17.10.46-150x150.jpeg 150w, https:\/\/www.oime.com.ec\/wp-content\/uploads\/WhatsApp-Image-2023-01-04-at-17.10.46-768x768.jpeg 768w, https:\/\/www.oime.com.ec\/wp-content\/uploads\/WhatsApp-Image-2023-01-04-at-17.10.46.jpeg 1080w\" sizes=\"(max-width: 300px) 100vw, 300px\" \/>\t\t\t\t\t\t\t\t\t\t\t\t\t\t\t<\/div>\n\t\t\t\t<\/div>\n\t\t\t\t\t<\/div>\n\t\t<\/div>\n\t\t\t\t\t<\/div>\n\t\t<\/section>\n\t\t\t\t<\/div>\n\t\t","protected":false},"excerpt":{"rendered":"<p>Catorce son los d\u00edas que tienen relaci\u00f3n con la tem\u00e1tica comunicacional y que forman parte de los d\u00edas nacionales e internacionales reconocidos por la Organizaci\u00f3n<\/p>\n","protected":false},"author":1,"featured_media":957,"comment_status":"open","ping_status":"open","sticky":false,"template":"","format":"image","meta":{"footnotes":""},"categories":[6],"tags":[],"class_list":["post-943","post","type-post","status-publish","format-image","has-post-thumbnail","hentry","category-notas-informativas","post_format-post-format-image","three-columns"],"_links":{"self":[{"href":"https:\/\/www.oime.com.ec\/index.php?rest_route=\/wp\/v2\/posts\/943","targetHints":{"allow":["GET"]}}],"collection":[{"href":"https:\/\/www.oime.com.ec\/index.php?rest_route=\/wp\/v2\/posts"}],"about":[{"href":"https:\/\/www.oime.com.ec\/index.php?rest_route=\/wp\/v2\/types\/post"}],"author":[{"embeddable":true,"href":"https:\/\/www.oime.com.ec\/index.php?rest_route=\/wp\/v2\/users\/1"}],"replies":[{"embeddable":true,"href":"https:\/\/www.oime.com.ec\/index.php?rest_route=%2Fwp%2Fv2%2Fcomments&post=943"}],"version-history":[{"count":18,"href":"https:\/\/www.oime.com.ec\/index.php?rest_route=\/wp\/v2\/posts\/943\/revisions"}],"predecessor-version":[{"id":965,"href":"https:\/\/www.oime.com.ec\/index.php?rest_route=\/wp\/v2\/posts\/943\/revisions\/965"}],"wp:featuredmedia":[{"embeddable":true,"href":"https:\/\/www.oime.com.ec\/index.php?rest_route=\/wp\/v2\/media\/957"}],"wp:attachment":[{"href":"https:\/\/www.oime.com.ec\/index.php?rest_route=%2Fwp%2Fv2%2Fmedia&parent=943"}],"wp:term":[{"taxonomy":"category","embeddable":true,"href":"https:\/\/www.oime.com.ec\/index.php?rest_route=%2Fwp%2Fv2%2Fcategories&post=943"},{"taxonomy":"post_tag","embeddable":true,"href":"https:\/\/www.oime.com.ec\/index.php?rest_route=%2Fwp%2Fv2%2Ftags&post=943"}],"curies":[{"name":"wp","href":"https:\/\/api.w.org\/{rel}","templated":true}]}}